{"id":15965,"date":"2009-10-20T01:56:20","date_gmt":"2009-10-19T22:56:20","guid":{"rendered":"http:\/\/www.korhanyilmaz.com\/?p=15965"},"modified":"2009-10-20T01:56:20","modified_gmt":"2009-10-19T22:56:20","slug":"cicek-toplayip-ip-atlamislar","status":"publish","type":"post","link":"http:\/\/www.korhanyilmaz.com\/?p=15965","title":{"rendered":"\u00c7i\u00e7ek toplay\u0131p ip atlam\u0131\u015flar&#8230;"},"content":{"rendered":"<p style=\"text-align: center;\"><a href=\"http:\/\/www.korhanyilmaz.com\/wp-content\/uploads\/2009\/10\/pkk21.jpg\"  class=\"lightview\"><img loading=\"lazy\" decoding=\"async\" class=\"aligncenter size-full wp-image-15967\" src=\"http:\/\/www.korhanyilmaz.com\/wp-content\/uploads\/2009\/10\/pkk21.jpg\" alt=\"\" width=\"450\" height=\"225\" \/><\/a><\/p>\n<p style=\"text-align: justify;\">\u0130ddiaya g\u00f6re bunlar, Mehmet\u00e7i\u011fe kur\u015fun s\u0131kmam\u0131\u015f, pusu kurmam\u0131\u015f, sadece \u00e7i\u00e7ek toplay\u0131p, ip atlam\u0131\u015flar&#8230;<\/p>\n<p style=\"text-align: justify;\"><strong><em>Kandil\u2019de ip atlam\u0131\u015flar!<\/em><\/strong><\/p>\n<p style=\"text-align: justify;\">\u0130mral\u0131\u2019da cezas\u0131n\u0131 \u00e7eken b\u00f6l\u00fcc\u00fcba\u015f\u0131 Abdullah \u00d6calan\u2019\u0131n \u00e7a\u011fr\u0131s\u0131 \u00fczerine da\u011fdan inen PKK\u2019l\u0131lar, inlerini birer kahraman edas\u0131yla terk etti. Yurda giri\u015f yapan ter\u00f6ristler, z\u0131lg\u0131tlarla kar\u015f\u0131land\u0131.<\/p>\n<p style=\"text-align: justify;\">\u015e\u0131rnak\u2019a giderek Silopi\u2019de PKK\u2019l\u0131lar\u0131 kar\u015f\u0131layan DTP\u2019li milletvekillerinin hayli mutlu olduklar\u0131 g\u00f6zlendi. <!--more--><\/p>\n<p style=\"text-align: justify;\"><strong><em>Bu kurgulanm\u0131\u015f bir senaryo<\/em><\/strong><\/p>\n<p style=\"text-align: justify;\">CHP \u0130zmir Milletvekili B\u00fclent Baratal\u0131, \u2019Bar\u0131\u015f Grubu\u2019ad\u0131 alt\u0131nda T\u00fcrkiye gelen PKK\u2019l\u0131lar\u0131n teslim olmalar\u0131n\u0131n bayram havas\u0131nda, piknik havas\u0131nda, g\u00f6vde g\u00f6sterisine d\u00f6n\u00fc\u015ft\u00fcrmenin kabul edilemeyece\u011fini s\u00f6yledi. Askere, polise kur\u015fun s\u0131kanlar\u0131n kahraman edas\u0131yla kar\u015f\u0131land\u0131\u011f\u0131na vurgu yapan Baratal\u0131, \u015funlar\u0131 dile getirdi: \u201cTeslim olanlar\u0131n \u00f6rg\u00fct\u00fcn belirli kademesinde yer almad\u0131\u011f\u0131, \u00e7at\u0131\u015fmaya girmedi\u011fi iddia ediliyor. Bu ki\u015filerin su\u00e7 i\u015fleyip i\u015flemedikleri devletin yetkili kurumlar\u0131 taraf\u0131ndan incelenerek haklar\u0131nda buna g\u00f6re i\u015flem yap\u0131lmal\u0131d\u0131r. Ancak \u00e7at\u0131\u015fmaya girmi\u015f, da\u011f kadrosunun belirli kademelerinde yer alm\u0131\u015f, istihbarat raporlar\u0131na girmi\u015f olanlar varsa bunlar hakk\u0131nda mutlaka i\u015flem yap\u0131lmal\u0131d\u0131r. Bu nedenle \u00e7ok dikkatli davranmak gerekir. Bu kurgulanm\u0131\u015f bir senaryo de\u011filse bu insanlara ayr\u0131 muamele yap\u0131lmal\u0131, arkas\u0131nda bir oyun varsa \u00e7ok k\u00f6t\u00fc olur.\u201d<\/p>\n<p style=\"text-align: justify;\"><span style=\"color: #888888;\">Haber Kayna\u011f\u0131 : <a href=\"http:\/\/www.yenicaggazetesi.com.tr\/haberdetay.php?hit=24901\" target=\"_blank\">yenicaggazetesi.com.tr<\/a><\/span><\/p>\n","protected":false},"excerpt":{"rendered":"<p style=\"text-align: center;\">\n<p style=\"text-align: justify;\">\u0130ddiaya g\u00f6re bunlar, Mehmet\u00e7i\u011fe kur\u015fun s\u0131kmam\u0131\u015f, pusu kurmam\u0131\u015f, sadece \u00e7i\u00e7ek toplay\u0131p, ip atlam\u0131\u015flar&#8230;<\/p>\n<p style=\"text-align: justify;\">Kandil\u2019de ip atlam\u0131\u015flar!<\/p>\n<p style=\"text-align: justify;\">\u0130mral\u0131\u2019da cezas\u0131n\u0131 \u00e7eken b\u00f6l\u00fcc\u00fcba\u015f\u0131 Abdullah \u00d6calan\u2019\u0131n \u00e7a\u011fr\u0131s\u0131 \u00fczerine da\u011fdan inen PKK\u2019l\u0131lar, inlerini birer kahraman edas\u0131yla terk etti. Yurda giri\u015f yapan ter\u00f6ristler, z\u0131lg\u0131tlarla kar\u015f\u0131land\u0131.<\/p>\n<p style=\"text-align: justify;\">\u015e\u0131rnak\u2019a giderek Silopi\u2019de PKK\u2019l\u0131lar\u0131 kar\u015f\u0131layan <\/p>\n","protected":false},"author":1,"featured_media":0,"comment_status":"open","ping_status":"closed","sticky":false,"template":"","format":"standard","meta":{"footnotes":""},"categories":[105],"tags":[],"class_list":["post-15965","post","type-post","status-publish","format-standard","hentry","category-gundem","odd"],"_links":{"self":[{"href":"http:\/\/www.korhanyilmaz.com\/index.php?rest_route=\/wp\/v2\/posts\/15965","targetHints":{"allow":["GET"]}}],"collection":[{"href":"http:\/\/www.korhanyilmaz.com\/index.php?rest_route=\/wp\/v2\/posts"}],"about":[{"href":"http:\/\/www.korhanyilmaz.com\/index.php?rest_route=\/wp\/v2\/types\/post"}],"author":[{"embeddable":true,"href":"http:\/\/www.korhanyilmaz.com\/index.php?rest_route=\/wp\/v2\/users\/1"}],"replies":[{"embeddable":true,"href":"http:\/\/www.korhanyilmaz.com\/index.php?rest_route=%2Fwp%2Fv2%2Fcomments&post=15965"}],"version-history":[{"count":0,"href":"http:\/\/www.korhanyilmaz.com\/index.php?rest_route=\/wp\/v2\/posts\/15965\/revisions"}],"wp:attachment":[{"href":"http:\/\/www.korhanyilmaz.com\/index.php?rest_route=%2Fwp%2Fv2%2Fmedia&parent=15965"}],"wp:term":[{"taxonomy":"category","embeddable":true,"href":"http:\/\/www.korhanyilmaz.com\/index.php?rest_route=%2Fwp%2Fv2%2Fcategories&post=15965"},{"taxonomy":"post_tag","embeddable":true,"href":"http:\/\/www.korhanyilmaz.com\/index.php?rest_route=%2Fwp%2Fv2%2Ftags&post=15965"}],"curies":[{"name":"wp","href":"https:\/\/api.w.org\/{rel}","templated":true}]}}