{"id":15961,"date":"2009-10-20T01:53:52","date_gmt":"2009-10-19T22:53:52","guid":{"rendered":"http:\/\/www.korhanyilmaz.com\/?p=15961"},"modified":"2009-10-20T01:53:52","modified_gmt":"2009-10-19T22:53:52","slug":"kahreden-donus","status":"publish","type":"post","link":"http:\/\/www.korhanyilmaz.com\/?p=15961","title":{"rendered":"Kahreden d\u00f6n\u00fc\u015f"},"content":{"rendered":"<p style=\"text-align: center;\"><a href=\"http:\/\/www.korhanyilmaz.com\/wp-content\/uploads\/2009\/10\/pkk.jpg\"  class=\"lightview\"><img loading=\"lazy\" decoding=\"async\" class=\"aligncenter size-full wp-image-15962\" src=\"http:\/\/www.korhanyilmaz.com\/wp-content\/uploads\/2009\/10\/pkk.jpg\" alt=\"\" width=\"450\" height=\"225\" \/><\/a><\/p>\n<p style=\"text-align: justify;\"><strong><em>Kahpeler evine d\u00f6n\u00fcyor<\/em><\/strong><\/p>\n<p style=\"text-align: justify;\">AKP iktidar\u0131n\u0131n, \u201chazmettire hazmettire\u201d uygulamaya koydu\u011fu s\u00f6zde \u201cK\u00fcrt a\u00e7\u0131l\u0131m\u0131\u201d meyvelerini veriyor. T\u00fcrk devletine isyan eden, Mehmet\u00e7i\u011fe kur\u015fun s\u0131kan, kahpe pusular kuran b\u00f6l\u00fcc\u00fc ter\u00f6ristler, Kandil\u2019deki inlerinden zafer kazanm\u0131\u015f kahraman gibi u\u011furland\u0131.<\/p>\n<p style=\"text-align: justify;\"><strong><em>Nerede bizim o\u011fullar\u0131m\u0131z<\/em><\/strong><\/p>\n<p style=\"text-align: justify;\">B\u00d6L\u00dcC\u00dc yanda\u015flar\u0131 da onlar\u0131 kar\u015f\u0131lamak i\u00e7in t\u00f6renler d\u00fczenledi, kanl\u0131 ter\u00f6r \u00f6rg\u00fct\u00fcn\u00fcn pa\u00e7avralar\u0131n\u0131 ta\u015f\u0131d\u0131, zafer z\u0131lg\u0131tlar\u0131 \u00e7ekti. Vatanda\u015fa \u201cbar\u0131\u015f ve kade\u015flik projesi\u201d diye yutturulmak istenen bu tiyatro, evlatlar\u0131n\u0131 vatan u\u011frunda topra\u011fa veren \u015fehit ailelerini derinden yaralad\u0131. <!--more--><\/p>\n<p style=\"text-align: justify;\"><strong><em>Ter\u00f6rist anneleri, da\u011fdan inenleri zafer z\u0131lg\u0131tlar\u0131yla kar\u015f\u0131lad\u0131<\/em><\/strong><\/p>\n<p style=\"text-align: justify;\"><strong><em>\u015eehitlerin kemikleri s\u0131zlad\u0131<\/em><\/strong><\/p>\n<p style=\"text-align: justify;\">Y\u0131llarca Mehmet\u00e7i\u011fe kur\u015fun s\u0131kan PKK\u2019l\u0131 bir grup ter\u00f6ristin zafer kazanm\u0131\u015f kahraman edas\u0131yla kar\u015f\u0131lanmas\u0131, bu vatan u\u011fruna evlatlar\u0131n\u0131 feda eden \u015fehit ailelerini kahretti.<\/p>\n<p style=\"text-align: justify;\">AKP iktidar\u0131n\u0131n ba\u015flatt\u0131\u011f\u0131, bebek katili Abdullah \u00d6calan\u2019\u0131n da destek verdi\u011fi s\u00f6zde K\u00fcrt a\u00e7\u0131l\u0131m\u0131 nihayet semeresini veriyor. Y\u0131llarca  Mehmet\u00e7i\u011fe kur\u015fun s\u0131kan, kahpe pusular kuran bir grup PKK\u2019l\u0131 ter\u00f6rist, \u00d6calan\u2019\u0131n talimat\u0131yla a\u00e7\u0131l\u0131ma destek vermek i\u00e7in Irak\u2019taki inlerini terk etti. Kandil Da\u011f\u0131\u2019ndan zafer kazanm\u0131\u015f birer kahraman gibi u\u011furlanan hainler i\u00e7in b\u00f6l\u00fcc\u00fc yanda\u015flar\u0131, t\u00f6renler d\u00fczenledi, zafer z\u0131lg\u0131tlar\u0131 \u00e7ekti. Vatanda\u015fa \u201cbar\u0131\u015f projesi\u201d diye yutturulmak istenen bu tiyatro, ba\u015fta DTP olmak \u00fczere b\u00f6l\u00fcc\u00fc yanda\u015flar\u0131n\u0131 sevince bo\u011farken, biricik evlatlar\u0131n\u0131 vatan u\u011fruna \u015fehit veren aileleri ise derinden yaralad\u0131.<\/p>\n<p style=\"text-align: justify;\"><strong><em>Konvoy kaza ge\u00e7irdi<\/em><\/strong><\/p>\n<p style=\"text-align: justify;\">Ter\u00f6ristba\u015f\u0131 Abdullah \u00d6calan\u2019\u0131n avukatlar\u0131 arac\u0131l\u0131\u011f\u0131 ile yapt\u0131\u011f\u0131 \u00e7a\u011fr\u0131s\u0131 Irak\u2019\u0131n kuzeyindeki Kandil Da\u011f\u0131\u2019ndan 4\u2019\u00fc kad\u0131n 8 PKK\u2019l\u0131 ter\u00f6rist ile ile Musul yak\u0131nlar\u0131ndaki Mahmur Kamp\u0131\u2019ndan 4\u2019\u00fc \u00e7ocuk 26 ki\u015fi d\u00fcn sabah yola \u00e7\u0131kt\u0131. Mahmur Kamp\u0131\u2019ndan ayr\u0131lan 26 PKK\u2019l\u0131 bir u\u011furlama t\u00f6reni d\u00fczenlendi. T\u00f6renin ard\u0131ndan hainler, pe\u015fmergelerin i\u00e7inde bulundu\u011fu polis arac\u0131n\u0131n e\u015fli\u011finde olu\u015fturulan uzun ara\u00e7 konvoylar\u0131yla yola \u00e7\u0131kt\u0131. Mahmur \u00e7\u0131k\u0131\u015f\u0131nda konvoyda bulunan 1 arac\u0131n \u015farampole yuvarlanmas\u0131 sonucu Ahmet \u00c7etin \u00f6ld\u00fc, 3 ki\u015fi ise yaraland\u0131. Kazaya kar\u0131\u015fanlar\u0131n T\u00fcrkiye\u2019ye gelecek grubu u\u011furlamaya gelen ve Mahmur Kamp\u0131\u2019nda kalanlar oldu\u011fu belirtildi. Kaza ard\u0131ndan konvoy yoluna devam etti.<\/p>\n<p style=\"text-align: justify;\"><strong><em>Teslim oldular<\/em><\/strong><\/p>\n<p style=\"text-align: justify;\">Kandil Da\u011f\u0131\u2019ndan gelen PKK\u2019l\u0131 grup, Mahmur\u2019dan yola \u00e7\u0131kan grupla Musul ile Erbil aras\u0131ndaki Kelek Kasabas\u0131 yak\u0131nlar\u0131nda bulu\u015ftu. \u00dczerlerinde ter\u00f6ristlerin da\u011fda giydi\u011fi k\u0131yafetler bulanan 4\u2019\u00fc kad\u0131n 8 PKK\u2019l\u0131n\u0131n bulu\u015fmaya son model ciplerle geldi\u011fi dikkat \u00e7ekti. Silahs\u0131z olan PKK\u2019l\u0131lar\u0131n; 38 ya\u015f\u0131ndaki Hamiyet Din\u00e7er, 51 ya\u015f\u0131ndaki Elif Uluda\u011f, 34 ya\u015f\u0131ndaki G\u00fclbahar \u00c7i\u00e7ek, 29 ya\u015f\u0131ndaki Vilayet Yakut, 36 ya\u015f\u0131ndaki H\u00fcseyin \u0130pek, 36 ya\u015f\u0131ndaki M.\u015eerif Gen\u00e7da\u011f, 24 ya\u015f\u0131ndaki Mustafa Ayhan ve 57 ya\u015f\u0131ndaki L\u00fctf\u00fc Ta\u015f oldu\u011fu bildirildi. Kandil\u2019den gelen PKK\u2019l\u0131lar Mahmur Kamp\u0131\u2019dan gelen grubun konvoyuna kat\u0131larak saat 10.00 s\u0131ralar\u0131nda Habur S\u0131n\u0131r Kap\u0131s\u0131\u2019na do\u011fru hareket etti. PKK\u2019l\u0131lar, \u00f6\u011fleden sonra Irak\u2019\u0131n Zaho kenti yak\u0131nlar\u0131ndaki \u0130brahim Halil G\u00fcmr\u00fck Kap\u0131s\u0131\u2019na geldi. Burada bir s\u00fcre i\u015flemleri yap\u0131lmak \u00fczere bekletilen grup, daha sonra Habur S\u0131n\u0131r Kap\u0131s\u0131\u2019na geldi. T\u00fcrkiye ile Irak aras\u0131ndaki k\u00f6pr\u00fcy\u00fc y\u00fcr\u00fcyerek ge\u00e7en grup g\u00fcvenlik g\u00fc\u00e7lerine teslim oldu. Grup, ifadeleri al\u0131nmak \u00fczere tabur komutanl\u0131\u011f\u0131na g\u00f6t\u00fcr\u00fcld\u00fc.<\/p>\n<p style=\"text-align: justify;\"><strong><em>4 savc\u0131 sorgulad\u0131<\/em><\/strong><\/p>\n<p style=\"text-align: justify;\">PKK\u2019l\u0131 grubun soru\u015fturmas\u0131 i\u00e7in Diyarbak\u0131r Cumhuriyet Ba\u015fsavc\u0131l\u0131\u011f\u0131 taraf\u0131ndan \u015e\u0131rnak\u2019\u0131n Silopi \u0130l\u00e7esi\u2019ne \u00f6zel yetkili 4 Cumhuriyet Savc\u0131s\u0131 g\u00f6nderildi. Hainlere, Habur G\u00fcmr\u00fck Kap\u0131s\u0131 sahas\u0131nda ilk \u00f6nce \u2019\u00f6rg\u00fct \u00fcyeli\u011fi\u2019nden i\u015flem yap\u0131lad\u0131\u011f\u0131 \u00f6\u011frenildi. PKK\u2019l\u0131lar\u0131n, soru\u015fturma kapsam\u0131nda kolluk kuvvetlerine de\u011fil, do\u011frudan Cumhuriyet savc\u0131lar\u0131na \u015e\u0131rnak ve Diyarbak\u0131r Barolar\u0131\u2019ndan haz\u0131r bulunacak olan avukatlar\u0131n g\u00f6zetiminde ifade verdikleri belirtildi. \u0130fade ve soru\u015fturma a\u015famas\u0131n\u0131n s\u00fcresinin ise \u015fah\u0131slar\u0131n kimlik kontrol\u00fc i\u00e7in kolluk kuvvetleriyle yap\u0131lacak olan yaz\u0131\u015fma s\u00fcresine ba\u011fl\u0131 oldu\u011fu kaydedildi. Savc\u0131l\u0131k yetkilileri, soru\u015fturma sonunda haklar\u0131nda tutuklama talebi olmas\u0131 halinde, bu talebin Silopi Adliyesi\u2019nde de\u011ferlendirilece\u011fi ve tutuklanmalar\u0131 halinde hangi cezaevine konulaca\u011f\u0131na ise Diyarbak\u0131r Cumhuriyet Ba\u015fsavc\u0131l\u0131\u011f\u0131\u2019n\u0131n karar verece\u011fi bildirildi.<\/p>\n<p style=\"text-align: justify;\"><strong><em>Mektup getirdiler<\/em><\/strong><\/p>\n<p style=\"text-align: justify;\">\u00d6te yandan, gelen PKK\u2019l\u0131 grubun yanlar\u0131nda Cumhurba\u015fkanl\u0131\u011f\u0131, Ba\u015fbakanl\u0131k ve TBMM Ba\u015fkanl\u0131\u011f\u0131\u2019na hitaben yaz\u0131lan mektuplar bulundu\u011fu bildirildi. Mahmur\u2019dan gelen grubun serbest b\u0131rak\u0131lmalar\u0131 halinde Ankara\u2019ya giderek TBMM\u2019de g\u00f6r\u00fc\u015fmeler yapmak istedi\u011fi belirtildi.<\/p>\n<p style=\"text-align: justify;\"><strong><em>Diyarbak\u0131r\u2019da bayram havas\u0131<\/em><\/strong><\/p>\n<p style=\"text-align: justify;\">DTP, PKK\u2019l\u0131 ter\u00f6ristlerin geli\u015fini Diyarbak\u0131r\u2019da d\u00fczenledi\u011fi bir mitingle kutlad\u0131. Bat\u0131kent Meydan\u0131\u2019nda \u00f6\u011flen saatlerinde ba\u015flayan mitingde, Batman\u2019dan getirilen, 100 metrakarelik bir platform olu\u015fturuldu. K\u00fcrt\u00e7e m\u00fczik ve davul zurna e\u015fli\u011finde halay \u00e7eken, onbinlerce b\u00f6l\u00fcc\u00fc yanda\u015f\u0131, ter\u00f6r \u00f6rg\u00fct\u00fc PKK ve \u00d6calan posterleri a\u00e7t\u0131. Mitinge kat\u0131lan DTP\u2019lilerin genellikle sar\u0131, k\u0131rm\u0131z\u0131, ye\u015fil elbiseleri tercih etti\u011fi g\u00f6r\u00fcld\u00fc. \u00d6te yandan, ter\u00f6ristleri kar\u015f\u0131lamak i\u00e7in binlerce ki\u015finin Silopi\u2019ye ak\u0131n etti\u011fi \u00f6\u011frenildi.<\/p>\n<p style=\"text-align: justify;\"><span style=\"color: #888888;\">Haber Kayna\u011f\u0131 : \u00d6nsel \u00dcnal &#8211; <a href=\"http:\/\/www.yenicaggazetesi.com.tr\/haberdetay.php?hit=24900\" target=\"_blank\">yenicaggazetesi.com.tr<\/a><\/span><\/p>\n","protected":false},"excerpt":{"rendered":"<p style=\"text-align: center;\">\n<p style=\"text-align: justify;\">Kahpeler evine d\u00f6n\u00fcyor<\/p>\n<p style=\"text-align: justify;\">AKP iktidar\u0131n\u0131n, \u201chazmettire hazmettire\u201d uygulamaya koydu\u011fu s\u00f6zde \u201cK\u00fcrt a\u00e7\u0131l\u0131m\u0131\u201d meyvelerini veriyor. T\u00fcrk devletine isyan eden, Mehmet\u00e7i\u011fe kur\u015fun s\u0131kan, kahpe pusular kuran b\u00f6l\u00fcc\u00fc ter\u00f6ristler, Kandil\u2019deki inlerinden zafer kazanm\u0131\u015f kahraman gibi u\u011furland\u0131.<\/p>\n<p style=\"text-align: justify;\">Nerede bizim o\u011fullar\u0131m\u0131z<\/p>\n<p style=\"text-align: justify;\">B\u00d6L\u00dcC\u00dc yanda\u015flar\u0131 da onlar\u0131 kar\u015f\u0131lamak i\u00e7in t\u00f6renler d\u00fczenledi, <\/p>\n","protected":false},"author":1,"featured_media":0,"comment_status":"open","ping_status":"closed","sticky":false,"template":"","format":"standard","meta":{"footnotes":""},"categories":[105],"tags":[],"class_list":["post-15961","post","type-post","status-publish","format-standard","hentry","category-gundem","odd"],"_links":{"self":[{"href":"http:\/\/www.korhanyilmaz.com\/index.php?rest_route=\/wp\/v2\/posts\/15961","targetHints":{"allow":["GET"]}}],"collection":[{"href":"http:\/\/www.korhanyilmaz.com\/index.php?rest_route=\/wp\/v2\/posts"}],"about":[{"href":"http:\/\/www.korhanyilmaz.com\/index.php?rest_route=\/wp\/v2\/types\/post"}],"author":[{"embeddable":true,"href":"http:\/\/www.korhanyilmaz.com\/index.php?rest_route=\/wp\/v2\/users\/1"}],"replies":[{"embeddable":true,"href":"http:\/\/www.korhanyilmaz.com\/index.php?rest_route=%2Fwp%2Fv2%2Fcomments&post=15961"}],"version-history":[{"count":0,"href":"http:\/\/www.korhanyilmaz.com\/index.php?rest_route=\/wp\/v2\/posts\/15961\/revisions"}],"wp:attachment":[{"href":"http:\/\/www.korhanyilmaz.com\/index.php?rest_route=%2Fwp%2Fv2%2Fmedia&parent=15961"}],"wp:term":[{"taxonomy":"category","embeddable":true,"href":"http:\/\/www.korhanyilmaz.com\/index.php?rest_route=%2Fwp%2Fv2%2Fcategories&post=15961"},{"taxonomy":"post_tag","embeddable":true,"href":"http:\/\/www.korhanyilmaz.com\/index.php?rest_route=%2Fwp%2Fv2%2Ftags&post=15961"}],"curies":[{"name":"wp","href":"https:\/\/api.w.org\/{rel}","templated":true}]}}