{"id":15958,"date":"2009-10-21T10:10:06","date_gmt":"2009-10-21T07:10:06","guid":{"rendered":"http:\/\/www.korhanyilmaz.com\/?p=15958"},"modified":"2009-10-21T10:10:06","modified_gmt":"2009-10-21T07:10:06","slug":"kardeslerimiz-suan-turkiyede-iktidarda","status":"publish","type":"post","link":"http:\/\/www.korhanyilmaz.com\/?p=15958","title":{"rendered":"&#039;Karde\u015flerimiz \u015fuan T\u00fcrkiye&#039;de iktidarda&#039;"},"content":{"rendered":"<p style=\"text-align: center;\"><a href=\"http:\/\/www.korhanyilmaz.com\/wp-content\/uploads\/2009\/10\/kaddafi.jpg\"  class=\"lightview\"><img loading=\"lazy\" decoding=\"async\" class=\"aligncenter size-full wp-image-15959\" title=\"kaddafi\" src=\"http:\/\/www.korhanyilmaz.com\/wp-content\/uploads\/2009\/10\/kaddafi.jpg\" alt=\"kaddafi\" width=\"329\" height=\"210\" \/><\/a><\/p>\n<p style=\"text-align: justify;\">Libya\u2019da iktidar\u0131n\u0131n 40. y\u0131l\u0131n\u0131 kutlayan Muammer Kaddafi\u2019den ilgin\u00e7 T\u00fcrkiye yorumlar\u0131<\/p>\n<p style=\"text-align: justify;\">TRT 1\u2019deki \u201cPusula Haber\u201d program\u0131n\u0131n yap\u0131mc\u0131s\u0131 Mithat Bereket, Muammer Kaddafi\u2019yle Trablus\u2019taki ba\u015fkanl\u0131k saray\u0131n\u0131n bah\u00e7esinde bir r\u00f6portaj yapt\u0131. Tamam\u0131 bu ak\u015fam TRT1\u2019deki \u201cPusula Haber\u201d program\u0131nda yay\u0131mlanacak olan \u00f6zel s\u00f6yle\u015fiden bir b\u00f6l\u00fcm \u015f\u00f6yle:<\/p>\n<p style=\"text-align: justify;\"><strong><em>Bug\u00fcn geldi\u011fimiz noktada, Ankara ile Trablus aras\u0131ndaki ili\u015fkileri nas\u0131l g\u00f6r\u00fcyorsunuz? <\/em><\/strong><\/p>\n<p style=\"text-align: justify;\">\u0130ki \u00fclke aras\u0131nda hi\u00e7bir problem yok. Bizim i\u00e7in \u00f6nemli olan m\u00fc\u015fterek tarihimiz ve T\u00fcrkiye\u2019deki \u0130slam. Biz T\u00fcrkiye\u2019yle birlikte K\u0131br\u0131s\u2019ta sava\u015ft\u0131k. Oradaki T\u00fcrklere destek verdik. Libya\u2019da da T\u00fcrk \u015firketlerine kap\u0131lar\u0131m\u0131z\u0131 sonuna kadar a\u00e7t\u0131k. Libya\u2019daki kalk\u0131nmada T\u00fcrk \u015firketlerine aslan pay\u0131n\u0131 verdik. Biz halen bu prensiplerimize ba\u011fl\u0131y\u0131z. \u015eimdi \u00fclkenizde \u0130slami bir ortam bulunuyor. Karde\u015flerimiz ve arkada\u015flar\u0131m\u0131z \u015fimdi T\u00fcrkiye\u2019de iktidardalar. <!--more--><\/p>\n<p style=\"text-align: justify;\"><strong><em>K\u00fcrtlerin ba\u011f\u0131ms\u0131z devleti olmal\u0131 <\/em><\/strong><\/p>\n<p style=\"text-align: justify;\">T\u00fcrkiye\u2019den Libya\u2019y\u0131 ziyaret eden son ba\u015fbakan Necmettin Erbakan\u2019d\u0131. O d\u00f6nemde, yani 1996\u2019da ona kar\u015f\u0131 \u00e7ok sert ifadeler kulland\u0131n\u0131z. \u201cT\u00fcrkiye NATO \u00fcyeli\u011finden \u00e7\u0131kmal\u0131, \u0130srail\u2019le ili\u015fkilerini kesmeli ve K\u00fcrtlere \u00f6zg\u00fcrl\u00fck vermeli\u201d dediniz.<\/p>\n<p style=\"text-align: justify;\"><strong><em>Neden b\u00f6yle konu\u015ftunuz?<\/em><\/strong><\/p>\n<p style=\"text-align: justify;\">K\u00fcrtler konusunda benim ilkesel bir tutumum var. Bunun T\u00fcrkiye\u2019yle bir ilgisi yok. K\u00fcrtler Ortado\u011fu\u2019da Irak, Suriye gibi Arap \u00fclkelerinde, T\u00fcrkiye\u2019de ve \u0130ran\u2019da ya\u015f\u0131yorlar. Ben \u00f6n\u00fcnde sonunda t\u00fcm K\u00fcrtlerin demokratik haklar\u0131na sahip olmalar\u0131 ve hatta ba\u011f\u0131ms\u0131z bir devletleri olmas\u0131 gerekti\u011fine inan\u0131yorum. K\u00fcrtler Libya\u2019da ya\u015f\u0131yor olsayd\u0131 da bu d\u00fc\u015f\u00fcncelerim de\u011fi\u015fmezdi.<\/p>\n<p style=\"text-align: justify;\">NATO \u00f6nceleri Amerika\u2019n\u0131n oyunca\u011f\u0131yd\u0131. O y\u00fczden T\u00fcrkiye\u2019nin NATO\u2019da olmas\u0131na kar\u015f\u0131yd\u0131k. \u015eimdi daha farkl\u0131 dengeler var. T\u00fcrkiye NATO\u2019da oldu\u011fundan dolay\u0131 NATO ne y\u00fczde 100 Amerikal\u0131d\u0131r, ne de y\u00fczde 100 Avrupal\u0131d\u0131r. En az\u0131ndan bizden birinin, bir dostumuzun, bir din karde\u015fimizin NATO\u2019da bulundu\u011funu biliriz. Bu bizim \u00e7\u0131kar\u0131m\u0131zad\u0131r.<\/p>\n<p style=\"text-align: justify;\">\u0130srail\u2019e gelince; T\u00fcrkiye, ba\u015fta \u0130srail\u2019i tan\u0131mam\u0131\u015ft\u0131. S\u0131k\u0131 ili\u015fkiler sonradan kuruldu. \u0130srail\u2019in kendisi, tek tarafl\u0131 ilan edilen bir devlet. K\u0131br\u0131s T\u00fcrk Cumhuriyeti\u2019ni neden tan\u0131m\u0131yorlar? Diyorlar ki, bu tek tarafl\u0131 ilan edilen bir devlet. \u0130srail\u2019in durumu da K\u0131br\u0131s T\u00fcrk taraf\u0131n\u0131n durumu gibi. \u0130srail\u2019i tan\u0131yan \u00fclkelere sormak laz\u0131m, neden \u0130srail\u2019i tan\u0131yorsunuz da, K\u0131br\u0131s T\u00fcrk taraf\u0131n\u0131 tan\u0131m\u0131yorsunuz?<\/p>\n<p style=\"text-align: justify;\">Mithat Bereket ile Trablus\u2019taki ba\u015fkanl\u0131k saray\u0131n\u0131n bah\u00e7esinde konu\u015fan Libya lideri Muammer Kaddafi, yak\u0131n bir zamanda T\u00fcrkiye\u2019ye gelmek istedi\u011fini s\u00f6yledi.<\/p>\n<p style=\"text-align: justify;\"><strong><em>Yeni liderler \u00e7ok \u00e7aps\u0131z ve ba\u015far\u0131s\u0131z<\/em><\/strong><\/p>\n<p style=\"text-align: justify;\">Ortado\u011fu\u2019yu nas\u0131l bir gelecek bekliyor sizce? \u00d6zellikle Filistin meselesinde ne yap\u0131lmal\u0131?<\/p>\n<p style=\"text-align: justify;\">Orada tek bir demokratik devlet olmal\u0131.<\/p>\n<p style=\"text-align: justify;\"><strong><em>Tek devlet mi?<\/em><\/strong><\/p>\n<p style=\"text-align: justify;\">Evet, tek. Gerisi bo\u015f laf. \u015eu anda asl\u0131nda zaten kendileri tek devlet. Tek gerekli olan yurtlar\u0131ndan kovulan Filistinlilerin geri d\u00f6nmesi ve g\u00fcvenlikleri i\u00e7in kitle imha silahlar\u0131n\u0131n yok edilmesi. Bu yolla \u0130srail\u2019i ve Filistin\u2019i i\u00e7ine alan demokratik bir \u00fclke kurulmal\u0131.<\/p>\n<p style=\"text-align: justify;\">\u015eu anda d\u00fcnyan\u0131n en uzun s\u00fcre iktidarda kalan, en tecr\u00fcbeli liderisiniz.Bunca y\u0131l s\u00fcren m\u00fccadeleden, ini\u015flerden \u00e7\u0131k\u0131\u015flardan sonra neler hissediyorsunuz?<\/p>\n<p style=\"text-align: justify;\">\u00c7ok huzurlu de\u011filim. \u00c7\u00fcnk\u00fc ben \u015fu anda ya\u015fanan s\u0131k\u0131nt\u0131lar\u0131n \u00e7o\u011funun liderlere ba\u011fl\u0131 oldu\u011funu d\u00fc\u015f\u00fcn\u00fcyorum. Bunu \u00e7ok net g\u00f6rebiliyorum. Ben, Tito, Abd\u00fclnas\u0131r, De Gaulle ya da Mao Zedong ile ayn\u0131 \u00e7a\u011fda ya\u015fad\u0131m. Bunlar\u0131n hepsi d\u00fcnya sistemindeki bo\u015fluklar\u0131 dolduran \u00f6nemli liderlerdi. \u015eimdi bakt\u0131\u011f\u0131n\u0131zda bu liderler yok. Onlar\u0131n yerini almaya \u00e7al\u0131\u015fan yeni liderler \u00e7aps\u0131z ve ba\u015far\u0131s\u0131z. Yani, bug\u00fcn d\u00fcnyada liderler a\u00e7\u0131s\u0131ndan bir bo\u015fluk, bir yetersizlik var. \u015eu anda ya\u015fad\u0131\u011f\u0131m\u0131z sorunlar\u0131n temelinde de bence bu yat\u0131yor. Bu y\u00fczden huzursuzum.<\/p>\n<p style=\"text-align: justify;\"><strong><em>\u2019Avrupa gelecekte M\u00fcsl\u00fcman olacakt\u0131r\u2019 <\/em><\/strong><\/p>\n<p style=\"text-align: justify;\"><strong><em>Yak\u0131n gelecekte iki \u00fclke aras\u0131nda resmi bir ziyaret olacak m\u0131, b\u00f6yle bir plan var m\u0131? <\/em><\/strong><\/p>\n<p style=\"text-align: justify;\">Biz, Libya\u2019daki devrimin 40. y\u0131l\u0131nda yap\u0131lan ziyaretleri ve yak\u0131nla\u015fmalar\u0131 memnuniyetle kar\u015f\u0131lad\u0131k. Buradaki 40. y\u0131l t\u00f6renlerine ba\u015fbakan\u0131n\u0131z\u0131n ve cumhurba\u015fkan\u0131n\u0131z\u0131n da kat\u0131lmas\u0131n\u0131 arzu ederdik. Ayr\u0131ca, ben T\u00fcrkiye\u2019yi ziyaret etmeyi \u00e7ok istiyorum, in\u015fallah yak\u0131nda bu da ger\u00e7ekle\u015fir.<\/p>\n<p style=\"text-align: justify;\">T\u00fcrkiye \u015fimdi yeni bir d\u0131\u015f politika yakla\u015f\u0131m\u0131 uygulamaya, b\u00f6lgesel bir g\u00fc\u00e7 olmaya ve bunun i\u00e7in de her b\u00f6lgede; hatta Afrika\u2019da bile aktif olmaya \u00e7al\u0131\u015f\u0131yor.<\/p>\n<p style=\"text-align: justify;\">Ben diplomatik a\u00e7\u0131dan T\u00fcrkiye\u2019nin Avrupa Birli\u011fi (AB) i\u00e7inde olmas\u0131n\u0131 temenni ederim. \u00c7\u00fcnk\u00fc T\u00fcrkiye\u2019nin AB\u2019nin bir par\u00e7as\u0131 olmas\u0131, Araplar, M\u00fcsl\u00fcmanlar ve Akdenizliler olarak bizim \u00e7\u0131kar\u0131m\u0131za. B\u00f6yle bir durumda biz daha da g\u00fc\u00e7leniriz, orada bir s\u00fcng\u00fc ba\u015f\u0131m\u0131z, bir k\u00f6pr\u00fcm\u00fcz olur. \u00c7\u00fcnk\u00fc T\u00fcrkiye AB\u2019ye \u00fcye oldu\u011funda AB y\u00fczde 100 H\u0131ristiyan, beyaz ve Bat\u0131l\u0131 olmaktan \u00e7\u0131kar. T\u00fcrkiye\u2019nin yan\u0131nda Bosna, Arnavutluk da \u00fcye olaca\u011f\u0131ndan AB\u2019nin i\u00e7inde \u0130slami gruplar olu\u015facak. Bu nedenle Avrupa, eskisi gibi emperyalist, beyaz, H\u0131ristiyan Avrupa olamayacak. Bence Avrupa ileride M\u00fcsl\u00fcman olacak. H\u0131ristiyanlar ise Avrupa\u2019da az\u0131nl\u0131k kalacak.<\/p>\n<p style=\"text-align: justify;\"><strong><em>28 ya\u015f\u0131nda Ba\u015fbakan\u2019d\u0131 <\/em><\/strong><\/p>\n<p style=\"text-align: justify;\">1969\u2019da bir grup gen\u00e7 subay kans\u0131z bir darbeyle, Libya Kral\u0131 \u0130dris El Senusi\u2019yi devirip y\u00f6netime el koydu. O g\u00fcn 27 ya\u015f\u0131nda olan Kaddafi, 1 y\u0131l sonra albay r\u00fctbesi ald\u0131 ve ba\u015fbakanl\u0131\u011fa getirildi. Kaddafi Bat\u0131\u2019yla iki \u00f6nemli kriz ya\u015fad\u0131. \u0130lk krizde Berlin\u2019de Amerikan askerlerinin gitti\u011fi bir diskotekteki patlamadan Libya\u2019y\u0131 sorumlu tutan Reagan y\u00f6netimi Kaddafi i\u00e7in \u00f6l\u00fcm emri verdi. 15 Nisan\u2019da sabaha kar\u015f\u0131 Amerikan u\u00e7aklar\u0131 Trablus\u2019a ve Bingazi\u2019ye sald\u0131rd\u0131lar. Libya lideri bu sald\u0131r\u0131dan \u015fans eseri kurtuldu. \u0130kinci krizde ise 1988\u2019de Pan-Am u\u00e7a\u011f\u0131 \u0130sko\u00e7ya\u2019n\u0131n Lockerbie kasabas\u0131na d\u00fc\u015ft\u00fc ve 270 ki\u015fi hayat\u0131n\u0131 kaybetti. 2003\u2019te Libya, 1988\u2019de d\u00fc\u015fen Pan-Am u\u00e7a\u011f\u0131n\u0131n sorumlulu\u011funu \u00fcstlendi ve Lockerbie\u2019de d\u00fc\u015fen jumbo jette hayat\u0131n\u0131 kaybeden her yolcu i\u00e7in 10 milyon dolar tazminat \u00f6demeyi kabul etti. B\u00f6ylece, Libya, Amerika ve Bat\u0131 d\u00fcnyas\u0131yla tekrar yak\u0131nla\u015fmaya ba\u015flad\u0131.<\/p>\n<p style=\"text-align: justify;\"><strong><em>40 y\u0131l sonra Bat\u0131\u2019yla bar\u0131\u015f<\/em><\/strong><\/p>\n<p style=\"text-align: justify;\">2004 y\u0131l\u0131nda \u0130ngiltere Ba\u015fbakan\u0131 Tony Blair Libya\u2019y\u0131 ziyaret etti. \u0130ngiliz petrol \u015firketi BP, Libya \u2019yla 1 milyar dolarl\u0131k bir petrol arama anla\u015fmas\u0131 imzalad\u0131. 2006 \u2019da Fransa, n\u00fckleer silah program\u0131n\u0131 durduran Libya\u2019ya yeni bir n\u00fckleer santral yapmak \u00fczere anla\u015ft\u0131. 2 milyar dolarl\u0131k anla\u015fmay\u0131 imzalamak i\u00e7in Fransa Cumhurba\u015fkan\u0131 Sarkozy, Trablus\u2019a gitti. 2008\u2019de, Libya \u0130talya ile bir tazminat anla\u015fmas\u0131 imzalad\u0131. \u0130talya, Libya \u2019ya i\u015fgal etti\u011fi 30 y\u0131l i\u00e7in Trablus \u2019a tam 5 milyar dolar vermeyi kabul etti. Kaddafi, 2009 Temmuzunda \u0130talya\u2019n\u0131n L\u2019aquila kentinde yap\u0131lan G-8 zirvesine, Afrika Birli\u011fi Genel Sekreteri olarak kat\u0131ld\u0131. Orada hem d\u00fcnyan\u0131n en g\u00fc\u00e7l\u00fc \u00fclkelerinin liderleriyle biraraya geldi hem de Amerika \u2019n\u0131n yeni ba\u015fkan\u0131 Obama \u2019yla ilk kez kar\u015f\u0131la\u015f\u0131p el s\u0131k\u0131\u015ft\u0131.<\/p>\n<p style=\"text-align: justify;\">Libya lideri Kaddafi G-8 zirvesinde ABD?Ba\u015fkan\u0131 Obama ile el s\u0131k\u0131\u015fm\u0131\u015ft\u0131.<\/p>\n<p style=\"text-align: justify;\"><strong><em>Obama\u2019n\u0131n a\u015fa\u011f\u0131l\u0131k kompleksine kap\u0131lmas\u0131ndan endi\u015fe ediyoruz<\/em><\/strong><\/p>\n<p style=\"text-align: justify;\">Libya eskiden ambargolar alt\u0131nda tecrit edilmi\u015f bir \u00fclkeydi; ter\u00f6rizme destek vermekle su\u00e7lan\u0131yordu. Ama sonra birdenbire her \u015fey de\u011fi\u015fti. Hatta ABD Ba\u015fkan\u0131 Barack Obama\u2019yla bir G-8 zirvesinde el s\u0131k\u0131\u015ft\u0131n\u0131z. Ne oldu?<\/p>\n<p style=\"text-align: justify;\">Olan \u015fey \u00e7ok basit. D\u00fcnya de\u011fi\u015fti. \u015eu anda Amerika\u2019y\u0131 bir siyahi lider y\u00f6netiyor. Bu bence d\u00fcnyan\u0131n ger\u00e7ekten de\u011fi\u015fti\u011fi anlam\u0131na geliyor.<\/p>\n<p style=\"text-align: justify;\"><strong><em>Ayn\u0131 zamanda Lockerbie\u2019de d\u00fc\u015f\u00fcr\u00fclen Amerikan yolcu u\u00e7a\u011f\u0131nda \u00f6lenlerin yak\u0131nlar\u0131na tazminat \u00f6demeyi kabul ettiniz. Oysa, \u00f6nceleri bu olay\u0131n sorumlulu\u011funu almay\u0131 reddediyordunuz. Neden? <\/em><\/strong><\/p>\n<p style=\"text-align: justify;\">Biz katiyen de\u011fi\u015fmedik, onlar de\u011fi\u015fti. Onlar yanl\u0131\u015f yoldayd\u0131, \u015fimdi bizim y\u00fcr\u00fcd\u00fc\u011f\u00fcm\u00fcz yola d\u00f6nd\u00fcler. Bunu g\u00f6r\u00fcnce de o olayda \u00f6lenlerin zararlar\u0131n\u0131 kar\u015f\u0131lamay\u0131, kar\u015f\u0131l\u0131kl\u0131 bar\u0131\u015f ve i\u015fbirli\u011fi i\u00e7in kabul ettik.<\/p>\n<p style=\"text-align: justify;\"><strong><em>ABD\u2019nin Obama y\u00f6netimindeki yeni d\u0131\u015f politika yakla\u015f\u0131m\u0131n\u0131 nas\u0131l g\u00f6r\u00fcyorsunuz? <\/em><\/strong><\/p>\n<p style=\"text-align: justify;\">Obama hakk\u0131nda \u015fu anda herhangi bir h\u00fck\u00fcm veremeyiz \u00e7\u00fcnk\u00fc daha \u00e7ok yeni. Biz \u015fu anda sadece izleme ve sorgulama d\u00f6nemindeyiz. Umutluyuz. Amerika\u2019y\u0131 siyah bir adam\u0131n, bir Afrikal\u0131 karde\u015fimizin y\u00f6netmesi bizim i\u00e7in \u00e7ok \u00f6nemli. Ama, onunla ilgili endi\u015felerimiz de var, biz Obama\u2019n\u0131n a\u015fa\u011f\u0131l\u0131k kompleksine kap\u0131lmas\u0131ndan endi\u015fe ediyoruz. Kendisi siyaht\u0131r ama kendini farkl\u0131 g\u00f6r\u00fcp beyazlar\u0131n deste\u011fini kazanabilmek i\u00e7in kraldan \u00e7ok kralc\u0131 olmas\u0131ndan da endi\u015fe ediyoruz.<\/p>\n<p style=\"text-align: justify;\"><span style=\"color: #888888;\">Kaynak : Vatan<\/span><\/p>\n","protected":false},"excerpt":{"rendered":"<p style=\"text-align: center;\">\n<p style=\"text-align: justify;\">Libya\u2019da iktidar\u0131n\u0131n 40. y\u0131l\u0131n\u0131 kutlayan Muammer Kaddafi\u2019den ilgin\u00e7 T\u00fcrkiye yorumlar\u0131<\/p>\n<p style=\"text-align: justify;\">TRT 1\u2019deki \u201cPusula Haber\u201d program\u0131n\u0131n yap\u0131mc\u0131s\u0131 Mithat Bereket, Muammer Kaddafi\u2019yle Trablus\u2019taki ba\u015fkanl\u0131k saray\u0131n\u0131n bah\u00e7esinde bir r\u00f6portaj yapt\u0131. Tamam\u0131 bu ak\u015fam TRT1\u2019deki \u201cPusula Haber\u201d program\u0131nda yay\u0131mlanacak olan \u00f6zel s\u00f6yle\u015fiden bir b\u00f6l\u00fcm \u015f\u00f6yle:<\/p>\n<p style=\"text-align: justify;\">Bug\u00fcn geldi\u011fimiz noktada, Ankara ile <\/p>\n","protected":false},"author":1,"featured_media":0,"comment_status":"open","ping_status":"closed","sticky":false,"template":"","format":"standard","meta":{"footnotes":""},"categories":[105],"tags":[],"class_list":["post-15958","post","type-post","status-publish","format-standard","hentry","category-gundem","odd"],"_links":{"self":[{"href":"http:\/\/www.korhanyilmaz.com\/index.php?rest_route=\/wp\/v2\/posts\/15958","targetHints":{"allow":["GET"]}}],"collection":[{"href":"http:\/\/www.korhanyilmaz.com\/index.php?rest_route=\/wp\/v2\/posts"}],"about":[{"href":"http:\/\/www.korhanyilmaz.com\/index.php?rest_route=\/wp\/v2\/types\/post"}],"author":[{"embeddable":true,"href":"http:\/\/www.korhanyilmaz.com\/index.php?rest_route=\/wp\/v2\/users\/1"}],"replies":[{"embeddable":true,"href":"http:\/\/www.korhanyilmaz.com\/index.php?rest_route=%2Fwp%2Fv2%2Fcomments&post=15958"}],"version-history":[{"count":0,"href":"http:\/\/www.korhanyilmaz.com\/index.php?rest_route=\/wp\/v2\/posts\/15958\/revisions"}],"wp:attachment":[{"href":"http:\/\/www.korhanyilmaz.com\/index.php?rest_route=%2Fwp%2Fv2%2Fmedia&parent=15958"}],"wp:term":[{"taxonomy":"category","embeddable":true,"href":"http:\/\/www.korhanyilmaz.com\/index.php?rest_route=%2Fwp%2Fv2%2Fcategories&post=15958"},{"taxonomy":"post_tag","embeddable":true,"href":"http:\/\/www.korhanyilmaz.com\/index.php?rest_route=%2Fwp%2Fv2%2Ftags&post=15958"}],"curies":[{"name":"wp","href":"https:\/\/api.w.org\/{rel}","templated":true}]}}