{"id":15952,"date":"2009-10-20T23:32:47","date_gmt":"2009-10-20T20:32:47","guid":{"rendered":"http:\/\/www.korhanyilmaz.com\/?p=15952"},"modified":"2009-10-20T23:32:47","modified_gmt":"2009-10-20T20:32:47","slug":"donenler-haci-kafilesi-degil","status":"publish","type":"post","link":"http:\/\/www.korhanyilmaz.com\/?p=15952","title":{"rendered":"D\u00f6nenler hac\u0131 kafilesi de\u011fil"},"content":{"rendered":"<p style=\"text-align: center;\"><a href=\"http:\/\/www.korhanyilmaz.com\/wp-content\/uploads\/2009\/10\/bahceli3.jpg\"  class=\"lightview\"><img loading=\"lazy\" decoding=\"async\" class=\"aligncenter size-full wp-image-15953\" src=\"http:\/\/www.korhanyilmaz.com\/wp-content\/uploads\/2009\/10\/bahceli3.jpg\" alt=\"\" width=\"450\" height=\"225\" \/><\/a><\/p>\n<p style=\"text-align: justify;\">Bah\u00e7eli, \u201cBunlar elinde \u015fehitlerin, bebeklerin kan\u0131 olan hain ter\u00f6ristlerdir. Silah\u0131 kimin b\u0131rakt\u0131\u011f\u0131n\u0131 anlayan\u0131n\u0131z var m\u0131? Gelenlerde pi\u015fmanl\u0131k, su\u00e7luluk duygusu, mah\u00e7ubiyet var m\u0131d\u0131r?\u201d diye sordu.<\/p>\n<p style=\"text-align: justify;\"><strong><em>D\u00f6nenler hac\u0131 kafilesi de\u011fildir<\/em><\/strong><\/p>\n<p style=\"text-align: justify;\">MHP Genel Ba\u015fkan\u0131 Devlet Bah\u00e7eli, vatanda\u015flar\u0131 kahreden d\u00f6n\u00fc\u015f\u00fc sert bir dille ele\u015ftirdi. Bah\u00e7eli, partisinin grup toplant\u0131s\u0131nda yapt\u0131\u011f\u0131 konu\u015fmada,  \u201cPKK T\u00fcrkiye\u2019ye de\u011fil, AKP PKK\u2019ya teslim olmu\u015ftur\u201d dedi. Bah\u00e7eli \u015funlar\u0131 kaydetti: \u201cD\u00fcn \u00fclkemize s\u0131n\u0131rdan giren ter\u00f6ristlerin \u00e7aresiz ve aldat\u0131lm\u0131\u015f olmalar\u0131 m\u00fcmk\u00fcn de\u011fildir. <!--more-->S\u00f6zde mar\u015flarla, sevin\u00e7 \u00e7\u0131\u011fl\u0131klar\u0131yla yap\u0131lanlar AKP\u2019nin esiridir. Alk\u0131\u015flarla kar\u015f\u0131lananlar Mekke\u2019den d\u00f6nen hac\u0131 kafilesi de\u011fildir yada al\u0131n terleriyle ekmeklerini kazanmak i\u00e7in gittikleri gurbetten kesin d\u00f6n\u00fc\u015f yapan gurbet\u00e7ilerde de\u011fildir. Milletini yabanc\u0131 co\u011frafyalarda gururla temsil eden Mehmet\u00e7ikler de de\u011fildir. Bunlar elinde bebeklerin, analar\u0131n, kad\u0131nlar\u0131n, \u015fehitlerin kan\u0131 olan, silahlar\u0131na masum binlerce insan\u0131n kan\u0131 bula\u015fm\u0131\u015f hain ter\u00f6ristlerdir.\u201d<\/p>\n<p style=\"text-align: justify;\"><strong><em>Azerbaycan kand\u0131r\u0131ld\u0131<\/em><\/strong><\/p>\n<p style=\"text-align: justify;\">Bah\u00e7eli, Ermeni a\u00e7\u0131l\u0131m\u0131n\u0131 da ele\u015ftirdi. H\u00fck\u00fcmetin protokoller i\u00e7in T\u00fcrk milletinin r\u0131zas\u0131n\u0131 almad\u0131\u011f\u0131n\u0131n ortada oldu\u011funu kaydeden Bah\u00e7eli, \u201cAzerbaycan\u2019\u0131n da a\u00e7\u0131k\u00e7a kand\u0131r\u0131ld\u0131\u011f\u0131 ortaya \u00e7\u0131km\u0131\u015ft\u0131r\u201d dedi. Bak\u00fc\u2019deki \u015fehitlikte bulunan T\u00fcrk bayraklar\u0131n\u0131n kald\u0131r\u0131ld\u0131\u011f\u0131na dair haberlerin Anadolu T\u00fcrkl\u00fc\u011f\u00fcn\u00fc derinden sarst\u0131\u011f\u0131n\u0131 kaydeden Bah\u00e7eli, \u201cEcdad\u0131m\u0131z\u0131n yadigar\u0131 olan al bayra\u011f\u0131m\u0131z\u0131n hat\u0131ralar\u0131na sayg\u0131 g\u00f6sterilmesi gerekmektedir. Azerbaycan T\u00fcrkl\u00fc\u011f\u00fcnden, ba\u015fta Aliyev olmak \u00fczere, bu vahim hatay\u0131 derhal telafi etmelerini bekliyorum. Ay y\u0131ld\u0131z\u0131m\u0131zla, Azerbaycan bayra\u011f\u0131 sonsuza kadar dalgalanmal\u0131d\u0131r\u201d dedi.<\/p>\n<p style=\"text-align: justify;\"><span style=\"color: #888888;\">Haber Kayna\u011f\u0131 : <a href=\"http:\/\/www.yenicaggazetesi.com.tr\/haberdetay.php?hit=24969\" target=\"_blank\">yenicaggazetesi.com.tr<\/a><\/span><\/p>\n<p>&nbsp;<\/p>\n","protected":false},"excerpt":{"rendered":"<p style=\"text-align: center;\">\n<p style=\"text-align: justify;\">Bah\u00e7eli, \u201cBunlar elinde \u015fehitlerin, bebeklerin kan\u0131 olan hain ter\u00f6ristlerdir. Silah\u0131 kimin b\u0131rakt\u0131\u011f\u0131n\u0131 anlayan\u0131n\u0131z var m\u0131? Gelenlerde pi\u015fmanl\u0131k, su\u00e7luluk duygusu, mah\u00e7ubiyet var m\u0131d\u0131r?\u201d diye sordu.<\/p>\n<p style=\"text-align: justify;\">D\u00f6nenler hac\u0131 kafilesi de\u011fildir<\/p>\n<p style=\"text-align: justify;\">MHP Genel Ba\u015fkan\u0131 Devlet Bah\u00e7eli, vatanda\u015flar\u0131 kahreden d\u00f6n\u00fc\u015f\u00fc sert bir dille ele\u015ftirdi. Bah\u00e7eli, partisinin grup toplant\u0131s\u0131nda yapt\u0131\u011f\u0131 konu\u015fmada, <\/p>\n","protected":false},"author":1,"featured_media":0,"comment_status":"open","ping_status":"closed","sticky":false,"template":"","format":"standard","meta":{"footnotes":""},"categories":[105],"tags":[],"class_list":["post-15952","post","type-post","status-publish","format-standard","hentry","category-gundem","odd"],"_links":{"self":[{"href":"http:\/\/www.korhanyilmaz.com\/index.php?rest_route=\/wp\/v2\/posts\/15952","targetHints":{"allow":["GET"]}}],"collection":[{"href":"http:\/\/www.korhanyilmaz.com\/index.php?rest_route=\/wp\/v2\/posts"}],"about":[{"href":"http:\/\/www.korhanyilmaz.com\/index.php?rest_route=\/wp\/v2\/types\/post"}],"author":[{"embeddable":true,"href":"http:\/\/www.korhanyilmaz.com\/index.php?rest_route=\/wp\/v2\/users\/1"}],"replies":[{"embeddable":true,"href":"http:\/\/www.korhanyilmaz.com\/index.php?rest_route=%2Fwp%2Fv2%2Fcomments&post=15952"}],"version-history":[{"count":0,"href":"http:\/\/www.korhanyilmaz.com\/index.php?rest_route=\/wp\/v2\/posts\/15952\/revisions"}],"wp:attachment":[{"href":"http:\/\/www.korhanyilmaz.com\/index.php?rest_route=%2Fwp%2Fv2%2Fmedia&parent=15952"}],"wp:term":[{"taxonomy":"category","embeddable":true,"href":"http:\/\/www.korhanyilmaz.com\/index.php?rest_route=%2Fwp%2Fv2%2Fcategories&post=15952"},{"taxonomy":"post_tag","embeddable":true,"href":"http:\/\/www.korhanyilmaz.com\/index.php?rest_route=%2Fwp%2Fv2%2Ftags&post=15952"}],"curies":[{"name":"wp","href":"https:\/\/api.w.org\/{rel}","templated":true}]}}