{"id":15948,"date":"2009-10-20T23:36:17","date_gmt":"2009-10-20T20:36:17","guid":{"rendered":"http:\/\/www.korhanyilmaz.com\/?p=15948"},"modified":"2009-10-20T23:36:17","modified_gmt":"2009-10-20T20:36:17","slug":"kina-yakin","status":"publish","type":"post","link":"http:\/\/www.korhanyilmaz.com\/?p=15948","title":{"rendered":"K\u0131na Yak\u0131n!"},"content":{"rendered":"<p style=\"text-align: center;\"><a href=\"http:\/\/www.korhanyilmaz.com\/wp-content\/uploads\/2009\/10\/kinayakin.jpg\"  class=\"lightview\"><img loading=\"lazy\" decoding=\"async\" class=\"aligncenter size-full wp-image-15949\" src=\"http:\/\/www.korhanyilmaz.com\/wp-content\/uploads\/2009\/10\/kinayakin.jpg\" alt=\"\" width=\"450\" height=\"225\" \/><\/a><\/p>\n<p style=\"text-align: justify;\"><strong><em>Bu s\u00fcre\u00e7 benim eserim<\/em><\/strong><\/p>\n<p style=\"text-align: justify;\">TAYY\u0130P Erdo\u011fan, \u201ca\u00e7\u0131l\u0131m Apo\u2019nun yol haritas\u0131na g\u00f6re i\u015fliyor\u201d diyenlere sert \u00e7\u0131kt\u0131. Ba\u015fbakan, \u201cHabur S\u0131n\u0131r Kap\u0131s\u0131\u2019nda ya\u015fanan manzara kar\u015f\u0131s\u0131nda umutlanmamak m\u00fcmk\u00fcn m\u00fc?\u201d diyerek s\u00fcrece sahip \u00e7\u0131kt\u0131.<\/p>\n<p style=\"text-align: justify;\"><strong><em>G\u00fczel \u015feyler oluyor<\/em><\/strong><\/p>\n<p style=\"text-align: justify;\">ERDO\u011eAN, \u201cT\u00fcrkiye\u2019de iyi, g\u00fczel \u015feyler oluyor. Umut verici geli\u015fmeler oluyor. Bildi\u011finiz gibi 34 ki\u015fi s\u0131n\u0131r\u0131 ge\u00e7ti. Bunu son derece olumlu ve sevindirici bir geli\u015fme olarak g\u00f6rd\u00fc\u011f\u00fcm\u00fc ifade etmek istiyorum\u201d dedi.<!--more--><\/p>\n<p style=\"text-align: justify;\">TER\u00d6R \u00f6rg\u00fct\u00fc PKK ile birlikte ortakla\u015fa y\u00fcr\u00fct\u00fclen K\u00fcrt a\u00e7\u0131l\u0131m\u0131 s\u00fcreciyle Mahmur Kamp\u0131 ve Kandil da\u011f\u0131ndan inenler s\u0131n\u0131rda t\u00f6renlerle kar\u015f\u0131lan\u0131p, \u00e7\u0131kar\u0131ld\u0131klar\u0131 mahkemece serbest b\u0131rak\u0131ld\u0131.<\/p>\n<p style=\"text-align: justify;\">TER\u00d6R \u00f6rg\u00fct\u00fcn\u00fcn pa\u00e7avralar\u0131yla s\u00fcslenen konvoylar, da\u011fdan inenlerle kucakla\u015f\u0131p birlikte halay \u00e7ekti. T\u00f6renler s\u0131ras\u0131nda ter\u00f6rist anneleri z\u0131lg\u0131t \u00e7ekti, \u00f6rg\u00fct\u00fcn ter\u00f6rist militanlar\u0131 zafer i\u015fareti yapt\u0131.<\/p>\n<p style=\"text-align: justify;\"><strong><em>PKK da, AKP de bayram ediyor<\/em><\/strong><\/p>\n<p style=\"text-align: justify;\">Davullu-zurnal\u0131 t\u00f6renlerle teslim olan 34 b\u00f6l\u00fcc\u00fcn\u00fcn tamam\u0131 serbest b\u0131rak\u0131ld\u0131; PKK\u2019l\u0131lar<\/p>\n<p style=\"text-align: justify;\">sokaklara d\u00f6k\u00fcld\u00fc. Ba\u015fbakan Erdo\u011fan ve \u0130\u00e7i\u015fleri Bakan\u0131, d\u00fcz ova tiyatrosuna \u00f6vg\u00fcler ya\u011fd\u0131rd\u0131.<\/p>\n<p style=\"text-align: justify;\">Eve d\u00f6n\u00fc\u015f tiyatrosu PKK\u2019l\u0131lar ve AKP\u2019liler taraf\u0131ndan ayakta alk\u0131\u015fland\u0131. \u00d6nceki g\u00fcn davul-zurna e\u015fli\u011finde binlerce PKK yanda\u015f\u0131 taraf\u0131ndan kar\u015f\u0131lan\u0131p Habur s\u0131n\u0131r kap\u0131s\u0131nda teslim olan ter\u00f6ristler hakk\u0131ndaki adli i\u015flemlere d\u00fcn de devam edildi. \u00d6zel yetkili 4 savc\u0131 taraf\u0131ndan Habur S\u0131n\u0131r Kap\u0131s\u0131\u2019nda olu\u015fturulan bir merkezde ifadesi alan 34 ki\u015fin 29\u2019u savc\u0131l\u0131k taraf\u0131ndan serbest b\u0131rak\u0131l\u0131rken, \u201cter\u00f6r \u00f6rg\u00fct\u00fcne  \u00fcye olmak\u201d su\u00e7lamas\u0131yla hakim kar\u015f\u0131s\u0131na \u00e7\u0131kart\u0131lan 5 ki\u015fi de n\u00f6bet\u00e7i mahkeme taraf\u0131ndan sal\u0131nd\u0131.<\/p>\n<p style=\"text-align: justify;\"><strong><em>Pi\u015fman de\u011filler!..<\/em><\/strong><\/p>\n<p style=\"text-align: justify;\">Gruptakilere, savc\u0131lar taraf\u0131ndan  \u201cNe zaman gittin?\u201d, \u201cNeden gittin?\u201d ve \u201c\u00d6rg\u00fctle ba\u011flant\u0131n var m\u0131?\u201d gibi sorular y\u00f6neltildi. Verilen cevaplarda Mahmur kamp\u0131ndan gelen ki\u015filerin \u201c\u00f6rg\u00fctle ilgim, ba\u011flant\u0131m yok\u201d dedi\u011fi \u00f6\u011frenildi. B\u00f6l\u00fcc\u00fclerin pi\u015fmanl\u0131k yasas\u0131ndan yararlanmak istemedikleri ifade edildi. Bu ki\u015filerden 4 \u00e7ocuk hakk\u0131nda ise hi\u00e7 i\u015flem yap\u0131lmad\u0131\u011f\u0131 a\u00e7\u0131kland\u0131. Serbest kalan PKK\u2019l\u0131lar, mahkeme \u00e7\u0131k\u0131\u015f\u0131nda kalabal\u0131k bir grup taraf\u0131ndan ka\u015f\u0131lan\u0131p, DTP\u2019nin parti otob\u00fcsleriyle dola\u015ft\u0131r\u0131ld\u0131.<\/p>\n<p style=\"text-align: justify;\"><strong><em>Sokaklara d\u00f6k\u00fcld\u00fcler<\/em><\/strong><\/p>\n<p style=\"text-align: justify;\">DTP Genel Ba\u015fkan\u0131 Ahmet T\u00fcrk ve vekillerinde i\u00e7inde oldu\u011fu parti otob\u00fcs\u00fcn\u00fcn \u00fczerine \u00e7\u0131kan b\u00f6l\u00fcc\u00fcler, sevgi g\u00f6sterisinde bulunup z\u0131lg\u0131t \u00e7eken kalabal\u0131\u011f\u0131n \u00fcst\u00fcne g\u00fcl att\u0131.   Yurdun d\u00f6rt bir yan\u0131nda da PKK\u2019l\u0131lar, sokaklara d\u00f6k\u00fcld\u00fc. Diyarbak\u0131r, \u015e\u0131rnak, Hakkari,  Adana,Batman, Siirt ve Mardin\u2019de PKK pa\u00e7avlar\u0131 ile  g\u00f6steriler d\u00fczenledi. Bebek katili \u00d6calan  lehinde sloganlar atan b\u00f6l\u00fcc\u00fcler, ara\u00e7 konvoylar\u0131 ile g\u00f6vde g\u00f6sterileri yapt\u0131.  Irak\u2019\u0131n kuzeyindeki pe\u015fmerge y\u00f6netiminden de AKP\u2019ye ve Cumhurba\u015fkan\u0131 Abdullah G\u00fcl\u2019e te\u015fekk\u00fcr etti!..   Pe\u015fmerge y\u00f6netiminin s\u00f6zde K\u00fclt\u00fcr Bakan\u0131 Felekedin Kakeyi, T\u00fcrkiye\u2019ye giri\u015f yapan bar\u0131\u015f gruplar\u0131n\u0131 \u201cs\u0131cak kar\u015f\u0131lad\u0131\u011f\u0131n\u0131\u201d belirterek, \u201cK\u00fcrdistan B\u00f6lgesi, her zaman T\u00fcrkiye\u2019deki bar\u0131\u015f\u00e7\u0131l \u00e7\u00f6z\u00fcm\u00fcn yan\u0131ndad\u0131r\u201d \u015feklinde konu\u015ftu. Erbil\u2019den yay\u0131n yapan Denge Azad\u2019a g\u00f6re, Recep Tayyip Erdo\u011fan h\u00fck\u00fcmetinin de karde\u015f\u00e7e ve bar\u0131\u015f\u00e7\u0131l bir \u015fekilde bu ad\u0131m\u0131 kar\u015f\u0131layaca\u011f\u0131n\u0131 umut ettiklerini belirten Kakeyi \u015f\u00f6yle devam etti:<\/p>\n<p style=\"text-align: justify;\"><strong><em>\u2019\u00c7ok g\u00fczel \u015feyler\u2019<\/em><\/strong><\/p>\n<p style=\"text-align: justify;\">\u201cK\u00fcrdistan B\u00f6lgesi, her zaman T\u00fcrkiye\u2019deki bar\u0131\u015f\u00e7\u0131l \u00e7\u00f6z\u00fcm\u00fcn yan\u0131ndad\u0131r. Cumhurba\u015fkan\u0131 Abdullah G\u00fcl, Ba\u015fbakan Recep Tayyip Erdo\u011fan\u2019a T\u00fcrkiye\u2019de K\u00fcrt meselesini \u00e7\u00f6zme \u00e7abalar\u0131ndan dolay\u0131 te\u015fekk\u00fcr ediyorum.\u201d  Ba\u015fbakan Erdo\u011fan ise konuya grup toplant\u0131s\u0131nda yapt\u0131\u011f\u0131 konu\u015fmada de\u011findi. \u0130ktidarda olduklar\u0131 yedi y\u0131lda T\u00fcrkiye\u2019de \u00e7ok g\u00fczel \u015feyler oldu\u011funu iddia eden Erdo\u011fan, \u015funlar\u0131 kaydetti: \u201cD\u00fcn Habur S\u0131n\u0131r Kap\u0131s\u0131nda ya\u015fanan manzara kar\u015f\u0131s\u0131nda umutlanmamak m\u00fcmk\u00fcn m\u00fc? Bu bir umuttur. T\u00fcrkiye\u2019de bir \u015feyler oluyor, iyi, g\u00fczel \u015feyler oluyor. Umut verici geli\u015fmeler oluyor. Bildi\u011finiz gibi 34 ki\u015fi s\u0131n\u0131r\u0131 ge\u00e7ti. Ve sabah saatlerinde 29\u2019u ilgili yasalar\u0131m\u0131z \u00e7er\u00e7evesinde b\u0131rak\u0131ld\u0131. Bunu son derece olumlu ve sevindirici bir geli\u015fme olarak g\u00f6rd\u00fc\u011f\u00fcm\u00fc ifade etmek istiyorum. Burada ben gerek da\u011fdakilere gerek Mahmur kamp\u0131nda olanlara gerek Avrupa\u2019da olanlara, hepsine \u00e7a\u011fr\u0131m\u0131 yineliyorum; vakit yitirmeden \u00fclkelerine d\u00f6nmelerini tavsiye ediyorum. Ve bu g\u00fczel manzaray\u0131 yine siyasi bir \u015fova d\u00f6nd\u00fcrmek isteyenlere de l\u00fctfen sorumlu davran\u0131n\u0131z diyorum. \u015eunu a\u00e7\u0131k, net s\u00f6yl\u00fcyorum; baz\u0131 medya gruplar\u0131 bu s\u00fcrecin \u0130mral\u0131\u2019dan y\u00f6netildi\u011fi mahiyetinde ifadeler kullan\u0131yorlar. Ben o medya mensuplar\u0131n\u0131 buradan bir \u015feyi hat\u0131rlatarak uyarmak istiyorum; adama sorarlar, acaba 11-12 y\u0131ld\u0131r orada de\u011fil miydi? Ni\u00e7in b\u00f6yle bir ad\u0131m at\u0131lmad\u0131? \u015eu anda bu bir milli birlik s\u00fcrecinin, bir demokratik a\u00e7\u0131l\u0131m s\u00fcrecinin, bir karde\u015flik projesinin gere\u011fi olarak at\u0131lm\u0131\u015f bir ad\u0131md\u0131r \u201c<\/p>\n<p style=\"text-align: justify;\"><strong><em>Da\u011fdan inen PKK\u2019l\u0131lar \u201cpi\u015fman de\u011filiz\u201d demelerine ra\u011fmen serbest b\u0131rak\u0131lmalar\u0131n\u0131n ard\u0131ndan DTP arac\u0131n\u0131n \u00fczerinde \u015fov yapt\u0131.<\/em><\/strong><\/p>\n<p style=\"text-align: justify;\"><span style=\"color: #888888;\">Haber Kayna\u011f\u0131 : \u00d6nsel \u00dcnal &#8211; <a href=\"http:\/\/www.yenicaggazetesi.com.tr\/haberdetay.php?hit=24973\" target=\"_blank\">yenicaggazetesi.com.tr<\/a><\/span><\/p>\n","protected":false},"excerpt":{"rendered":"<p style=\"text-align: center;\">\n<p style=\"text-align: justify;\">Bu s\u00fcre\u00e7 benim eserim<\/p>\n<p style=\"text-align: justify;\">TAYY\u0130P Erdo\u011fan, \u201ca\u00e7\u0131l\u0131m Apo\u2019nun yol haritas\u0131na g\u00f6re i\u015fliyor\u201d diyenlere sert \u00e7\u0131kt\u0131. Ba\u015fbakan, \u201cHabur S\u0131n\u0131r Kap\u0131s\u0131\u2019nda ya\u015fanan manzara kar\u015f\u0131s\u0131nda umutlanmamak m\u00fcmk\u00fcn m\u00fc?\u201d diyerek s\u00fcrece sahip \u00e7\u0131kt\u0131.<\/p>\n<p style=\"text-align: justify;\">G\u00fczel \u015feyler oluyor<\/p>\n<p style=\"text-align: justify;\">ERDO\u011eAN, \u201cT\u00fcrkiye\u2019de iyi, g\u00fczel \u015feyler oluyor. Umut verici geli\u015fmeler oluyor. Bildi\u011finiz gibi <\/p>\n","protected":false},"author":1,"featured_media":0,"comment_status":"open","ping_status":"closed","sticky":false,"template":"","format":"standard","meta":{"footnotes":""},"categories":[105],"tags":[],"class_list":["post-15948","post","type-post","status-publish","format-standard","hentry","category-gundem","odd"],"_links":{"self":[{"href":"http:\/\/www.korhanyilmaz.com\/index.php?rest_route=\/wp\/v2\/posts\/15948","targetHints":{"allow":["GET"]}}],"collection":[{"href":"http:\/\/www.korhanyilmaz.com\/index.php?rest_route=\/wp\/v2\/posts"}],"about":[{"href":"http:\/\/www.korhanyilmaz.com\/index.php?rest_route=\/wp\/v2\/types\/post"}],"author":[{"embeddable":true,"href":"http:\/\/www.korhanyilmaz.com\/index.php?rest_route=\/wp\/v2\/users\/1"}],"replies":[{"embeddable":true,"href":"http:\/\/www.korhanyilmaz.com\/index.php?rest_route=%2Fwp%2Fv2%2Fcomments&post=15948"}],"version-history":[{"count":0,"href":"http:\/\/www.korhanyilmaz.com\/index.php?rest_route=\/wp\/v2\/posts\/15948\/revisions"}],"wp:attachment":[{"href":"http:\/\/www.korhanyilmaz.com\/index.php?rest_route=%2Fwp%2Fv2%2Fmedia&parent=15948"}],"wp:term":[{"taxonomy":"category","embeddable":true,"href":"http:\/\/www.korhanyilmaz.com\/index.php?rest_route=%2Fwp%2Fv2%2Fcategories&post=15948"},{"taxonomy":"post_tag","embeddable":true,"href":"http:\/\/www.korhanyilmaz.com\/index.php?rest_route=%2Fwp%2Fv2%2Ftags&post=15948"}],"curies":[{"name":"wp","href":"https:\/\/api.w.org\/{rel}","templated":true}]}}