{"id":15944,"date":"2009-10-20T23:31:45","date_gmt":"2009-10-20T20:31:45","guid":{"rendered":"http:\/\/www.korhanyilmaz.com\/?p=15944"},"modified":"2009-10-20T23:31:45","modified_gmt":"2009-10-20T20:31:45","slug":"organizator-turkiye%e2%80%99de","status":"publish","type":"post","link":"http:\/\/www.korhanyilmaz.com\/?p=15944","title":{"rendered":"Organizat\u00f6r T\u00fcrkiye\u2019de!"},"content":{"rendered":"<p style=\"text-align: center;\"><a href=\"http:\/\/www.korhanyilmaz.com\/wp-content\/uploads\/2009\/10\/powell.jpg\"  class=\"lightview\"><img loading=\"lazy\" decoding=\"async\" class=\"aligncenter size-full wp-image-15945\" title=\"powell\" src=\"http:\/\/www.korhanyilmaz.com\/wp-content\/uploads\/2009\/10\/powell.jpg\" alt=\"powell\" width=\"450\" height=\"225\" \/><\/a><\/p>\n<p style=\"text-align: justify;\"><strong><em>Mr. Powell, gizli protokol\u00fc yerinde test edecek. <\/em><\/strong><\/p>\n<p style=\"text-align: justify;\">TEZGAHA bak tezgaha&#8230; T\u00fcrkiye \u0130\u015f Kad\u0131nlar\u0131 Derne\u011fi \u0130stanbul\u2019da \u201cAnneler Ter\u00f6re Kar\u015f\u0131\u201d konulu konferans d\u00fczenliyor ve nokta at\u0131\u015f\u0131 yaparak K\u00fcrt a\u00e7\u0131l\u0131m\u0131n\u0131n mimar\u0131 olan ABD\u2019nin eski D\u0131\u015fi\u015fleri Bakan\u0131 ve CIA ajan\u0131 Colin Powell\u2019\u0131 konu\u015fmac\u0131 olarak davet ediyor&#8230;  Tam da ter\u00f6ristlerin da\u011fdan indi\u011fi g\u00fcn&#8230; <!--more--><\/p>\n<p style=\"text-align: justify;\"><strong><em>Federasyon haz\u0131rl\u0131\u011f\u0131<\/em><\/strong><\/p>\n<p style=\"text-align: justify;\">POWELL\u2019\u0131n, Haziran 2003\u2019de D\u0131\u015fi\u015fleri Bakan\u0131 olan Abdullah G\u00fcl\u2019le g\u00f6r\u00fc\u015ft\u00fc\u011f\u00fc ve 9 maddelik gizli bir protokol imzaland\u0131\u011f\u0131 bas\u0131na yans\u0131d\u0131. Olay, G\u00fcl taraf\u0131ndan gazeteci Sedat Serto\u011flu\u2019na a\u00e7\u0131kland\u0131. Bug\u00fcne kadar yalanlanmayan protokol, \u00fcniter devlet yap\u0131s\u0131n\u0131n terk edilerek federasyona ge\u00e7ilmesini gerektiriyor.<\/p>\n<p style=\"text-align: justify;\"><strong><em>2 sayfa ve 9 madde<\/em><\/strong><\/p>\n<p style=\"text-align: justify;\">G\u00dcL, o g\u00f6r\u00fc\u015fmeyle ilgili olarak, Vatan gazetesinde yer alan habere g\u00f6re \u015f\u00f6yle  diyordu: Onunla 2 sayfal\u0131k 9 maddelik bir plan \u00fczerinde anla\u015ft\u0131k. Ama ben her yapt\u0131\u011f\u0131m\u0131 kalk\u0131p a\u00e7\u0131klayamam ki. Powell, Suriye\u2019ye giderken de benimle konu\u015ftu.  Gizli olan bir s\u00fcr\u00fc geli\u015fme var&#8230;.<\/p>\n<p style=\"text-align: justify;\"><strong><em>A\u00e7\u0131l\u0131m\u0131n tohumunu atan CIA ajan\u0131 Powell T\u00fcrkiye\u2019de!<\/em><\/strong><\/p>\n<p style=\"text-align: justify;\">D\u0131\u015fi\u015fleri Bakanl\u0131\u011f\u0131 d\u00f6neminde Abdullah G\u00fcl ile imzalad\u0131\u011f\u0131 gizli mutabakatla tan\u0131nan CIA ajan\u0131 Powell, da\u011fdan inen PKK\u2019l\u0131lar\u0131n serbest b\u0131rak\u0131ld\u0131\u011f\u0131 g\u00fcn T\u00fcrkiye\u2019ye geldi!..<\/p>\n<p style=\"text-align: justify;\">Da\u011fdan inen PKK\u2019l\u0131lar\u0131n serbest b\u0131rak\u0131ld\u0131\u011f\u0131 g\u00fcn, K\u00fcrt a\u00e7\u0131l\u0131m\u0131n\u0131n ilk tohumlar\u0131n\u0131 atan Eski ABD D\u0131\u015fi\u015fleri Bakan\u0131 Colin Powell, \u0130stanbul\u2019a geldi. T\u00fcrkiye \u0130\u015f Kad\u0131nlar\u0131 Derne\u011fince \u0130stanbul\u2019da d\u00fczenlenen \u201cAnneler Ter\u00f6re Kar\u015f\u0131\u201d konulu konferansa kat\u0131lmak \u00fczere Atat\u00fcrk Havaliman\u0131\u2019na gelen Powell\u2019\u0131, \u0130stanbul Vali Yard\u0131mc\u0131s\u0131 Mehmet Ali Uluta\u015f ve Prof. Dr. Ne\u015fe Kavak kar\u015f\u0131lad\u0131. Konferansta bir konu\u015fma yapacak olan Colin Powell, alandan ayr\u0131l\u0131rken Diyanet \u0130\u015fleri Ba\u015fkanl\u0131\u011f\u0131n\u0131n davetlisi olarak T\u00fcrkiye\u2019ye gelen D\u00fcnya M\u00fcsl\u00fcmanlar Birli\u011fi Halkla \u0130li\u015fkiler Direkt\u00f6r\u00fc Suudi Arabistanl\u0131 Muhammed Saedd Al-Majdovi ile tokala\u015farak bir s\u00fcre sohbet etti.<\/p>\n<p style=\"text-align: justify;\"><strong><em>G\u00fcl itiraf etmi\u015fti<\/em><\/strong><\/p>\n<p style=\"text-align: justify;\">Colin Powell, son 4 ayd\u0131r T\u00fcrkiye g\u00fcndemini i\u015fgal eden K\u00fcrt a\u00e7\u0131l\u0131m\u0131n\u0131n tohumlar\u0131n\u0131 atan adam olarak biliniyor. G\u00f6revi d\u00f6neminde mevkida\u015f\u0131 Abdullah G\u00fcl ile gizli bir mutabakat imzalayan Powel, 2 sayfa 9 maddelik metinde b\u00f6l\u00fcc\u00fc ter\u00f6r \u00f6rg\u00fct\u00fcn\u00fc siyasalla\u015fma yolunu a\u00e7an taleplerini dayatm\u0131\u015ft\u0131. Gizli anla\u015fmay\u0131 Abdullah G\u00fcl a\u011fz\u0131ndan ka\u00e7\u0131rm\u0131\u015ft\u0131.<\/p>\n<p style=\"text-align: justify;\">24 May\u0131s 2003 tarihli Vatan gazetesinde Sedat Serto\u011flu\u2019na a\u00e7\u0131klamalarda bulunan G\u00fcl,  bir soru \u00fczerine \u015funlar\u0131 kaydetmi\u015fti: \u201cBen bu gezileri yapmadan \u00f6nce, \u015fimdi senin oturdu\u011fun koltukta (eliyle koltu\u011fa vurarak) ABD D\u0131\u015fi\u015fleri Bakan\u0131 Powell oturuyordu. Onunla 2 sayfal\u0131k 9 maddelik bir plan \u00fczerinde anla\u015ft\u0131k. Ama ben her yapt\u0131\u011f\u0131m\u0131 kalk\u0131p a\u00e7\u0131klayamam ki. Powell, Suriye\u2019ye giderken de benimle konu\u015ftu. Gizli olan bir s\u00fcr\u00fc geli\u015fme var.\u201d  Bu a\u00e7\u0131klamalar\u0131n hemen sonras\u0131nda 9 maddelik mutabakat bas\u0131na s\u0131zm\u0131\u015ft\u0131. Bug\u00fcne kadar yalanlanmayan mutabakatta \u015fu maddeler yeral\u0131yordu:<\/p>\n<p style=\"text-align: justify;\"><strong><em>ABD m\u00fcdahale edebilir<\/em><\/strong><\/p>\n<p style=\"text-align: justify;\"><strong>1-<\/strong> Irak\u2019\u0131n kuzeyinde bulunan b\u00fct\u00fcn T\u00fcrk birlikleri ve T\u00fcrk ordusuna ba\u011fl\u0131 \u00f6zel kuvvetler, a\u015famal\u0131 olarak T\u00fcrkiye s\u0131n\u0131rlar\u0131 i\u00e7ine \u00e7ekilecek.  T\u00fcrk ordusu bundan b\u00f6yle hangi gerek\u00e7eyle olursa olsun, s\u0131n\u0131r \u00f6tesi harek\u00e2tlarda bulunmayacak.<\/p>\n<p style=\"text-align: justify;\"><strong>2<\/strong>&#8211; PKK\/KADEK\u2019e kar\u015f\u0131 T\u00fcrkiye devletinin egemenlik alan\u0131 i\u00e7inde yap\u0131lacak askeri harek\u00e2tlar i\u00e7in, ABD askeri makamlar\u0131na haber ve bilgi verilecek, izin al\u0131nacak. E\u011fer T\u00fcrk Silahl\u0131 Kuvvetleri, ABD askeri makamlar\u0131na bilgi vermeden ve izin almadan harek\u00e2t yapacak olursa, ABD H\u00fck\u00fcmeti, uyar\u0131da bulunma hakk\u0131n\u0131 kullanabilecek. Bu durumda ABD gerekli g\u00f6rd\u00fc\u011f\u00fc ambargo ve silahl\u0131 m\u00fcdahale gibi siyasal ve askeri yapt\u0131r\u0131mlar\u0131 sakl\u0131 tutacak.<\/p>\n<p style=\"text-align: justify;\"><strong><em>Pentagon\u2019a \u00fcs verilecek<\/em><\/strong><\/p>\n<p style=\"text-align: justify;\"><strong>3-<\/strong> T\u00fcrkiye, ABD\u2019nin \u0130ran\u2019a ve di\u011fer Ortado\u011fu \u00fclkelerine kar\u015f\u0131 uygulayaca\u011f\u0131 s\u0131n\u0131rl\u0131 askeri harek\u00e2tlara, ABD\u2019nin talep etmesi halinde \u015farts\u0131z olarak \u00fcs ve ta\u015f\u0131ma kolayl\u0131klar\u0131 sa\u011flayacak, askeri birlik verecek.<\/p>\n<p style=\"text-align: justify;\"><strong>4<\/strong>&#8211; T\u00fcrk ordusunun asker say\u0131s\u0131 ve silah kuvveti, ABD\u2019nin uygun buldu\u011fu say\u0131 ve kabiliyete indirilecek, \u00f6zellikle tank ve a\u011f\u0131r silahlar\u0131n miktar\u0131 d\u00fc\u015f\u00fcr\u00fclecek, sava\u015f u\u00e7a\u011f\u0131 say\u0131s\u0131 s\u0131n\u0131rlanacak.<\/p>\n<p style=\"text-align: justify;\"><strong><em>K\u00fcrdistan tan\u0131nacak<\/em><\/strong><\/p>\n<p style=\"text-align: justify;\"><strong>5-<\/strong> Irak\u2019\u0131n kuzeyinde kurulmu\u015f olan ve \u2019K\u00fcrdistan\u2019ad\u0131 verilen devlet resmen ilan edildikten sonra T\u00fcrkiye taraf\u0131ndan da resmen tan\u0131nacak.<\/p>\n<p style=\"text-align: justify;\"><strong>6<\/strong>&#8211; Abdullah \u00d6calan ve di\u011fer d\u00f6rt lideri d\u0131\u015f\u0131nda b\u00fct\u00fcn PKK\/KADEK y\u00f6netici ve elemanlar\u0131na geni\u015f kapsaml\u0131 af \u00e7\u0131kar\u0131lacak.<\/p>\n<p style=\"text-align: justify;\"><strong><em>Eyaletle\u015fmenin \u00f6n\u00fc a\u00e7\u0131lacak<\/em><\/strong><\/p>\n<p style=\"text-align: justify;\"><strong>7<\/strong>&#8211; Kamu Reformu Yasas\u0131 ve Yeni Yerel Y\u00f6netim Yasalar\u0131 h\u0131zla \u00e7\u0131kart\u0131lacak, T\u00fcrkiye\u2019deki K\u00fcrt n\u00fcfusun yo\u011fun olarak ya\u015fad\u0131\u011f\u0131 \u015fehir ve kasabalar\u0131n belediyelerinin \u00f6zerkle\u015fmesi s\u00fcreci kararl\u0131 olarak y\u00fcr\u00fct\u00fclecek.T\u00fcrkiye, d\u00f6rt y\u0131l i\u00e7inde uygulanacak bir planla, \u00fcniter devlet yap\u0131s\u0131n\u0131 terk ederek, federasyona ge\u00e7ecek.<\/p>\n<p style=\"text-align: justify;\"><strong>8<\/strong>&#8211; KKTC Cumhurba\u015fkan\u0131 Rauf Denkta\u015f, \u2019Arafat modeli\u2019denen uygulamayla devre d\u0131\u015f\u0131 b\u0131rak\u0131lacak, K\u0131br\u0131s\u2019ta Annan Plan\u0131 baz\u0131 k\u00fc\u00e7\u00fck de\u011fi\u015fikliklerle hayata ge\u00e7irilecek. Ege k\u0131ta sahanl\u0131\u011f\u0131 konusunda T\u00fcrkiye, Yunan doktrinine daha esnek davranacak, T\u00fcrk jetlerinin u\u00e7u\u015f alan\u0131 daralt\u0131lacak.<\/p>\n<p style=\"text-align: justify;\"><strong>9-<\/strong> T\u00fcrkiye\u2019nin Ermenistan ile ili\u015fkileri normalle\u015ftirilecek ve iyile\u015ftirilecek, s\u0131n\u0131r ticaretinde Ermeniler lehinde d\u00fczenlemeler yap\u0131lacak.<\/p>\n<p style=\"text-align: justify;\">T\u00fcrkiye \u0130\u015f Kad\u0131nlar\u0131 Derne\u011fi\u2019nce \u0130stanbul\u2019da \u2018Anneler ter\u00f6re kar\u015f\u0131\u2019 isimli konferans d\u00fczenlendi. Konferansa Colin Powell\u2019\u0131n yan\u0131 s\u0131ra AKP Genel Ba\u015fkan Yard\u0131mc\u0131s\u0131 Abd\u00fclkader Aksu da kat\u0131ld\u0131.<\/p>\n<p style=\"text-align: justify;\"><span style=\"color: #888888;\">Haber Kayna\u011f\u0131 : Salim Yava\u015fo\u011flu &#8211; <a href=\"http:\/\/www.yenicaggazetesi.com.tr\/haberdetay.php?hit=24968\" target=\"_blank\">yenicaggazetesi.com.tr<\/a><\/span><\/p>\n","protected":false},"excerpt":{"rendered":"<p style=\"text-align: center;\">\n<p style=\"text-align: justify;\">Mr. Powell, gizli protokol\u00fc yerinde test edecek. <\/p>\n<p style=\"text-align: justify;\">TEZGAHA bak tezgaha&#8230; T\u00fcrkiye \u0130\u015f Kad\u0131nlar\u0131 Derne\u011fi \u0130stanbul\u2019da \u201cAnneler Ter\u00f6re Kar\u015f\u0131\u201d konulu konferans d\u00fczenliyor ve nokta at\u0131\u015f\u0131 yaparak K\u00fcrt a\u00e7\u0131l\u0131m\u0131n\u0131n mimar\u0131 olan ABD\u2019nin eski D\u0131\u015fi\u015fleri Bakan\u0131 ve CIA ajan\u0131 Colin Powell\u2019\u0131 konu\u015fmac\u0131 olarak davet ediyor&#8230; Tam da ter\u00f6ristlerin da\u011fdan indi\u011fi <\/p>\n","protected":false},"author":1,"featured_media":0,"comment_status":"open","ping_status":"closed","sticky":false,"template":"","format":"standard","meta":{"footnotes":""},"categories":[105],"tags":[],"class_list":["post-15944","post","type-post","status-publish","format-standard","hentry","category-gundem","odd"],"_links":{"self":[{"href":"http:\/\/www.korhanyilmaz.com\/index.php?rest_route=\/wp\/v2\/posts\/15944","targetHints":{"allow":["GET"]}}],"collection":[{"href":"http:\/\/www.korhanyilmaz.com\/index.php?rest_route=\/wp\/v2\/posts"}],"about":[{"href":"http:\/\/www.korhanyilmaz.com\/index.php?rest_route=\/wp\/v2\/types\/post"}],"author":[{"embeddable":true,"href":"http:\/\/www.korhanyilmaz.com\/index.php?rest_route=\/wp\/v2\/users\/1"}],"replies":[{"embeddable":true,"href":"http:\/\/www.korhanyilmaz.com\/index.php?rest_route=%2Fwp%2Fv2%2Fcomments&post=15944"}],"version-history":[{"count":0,"href":"http:\/\/www.korhanyilmaz.com\/index.php?rest_route=\/wp\/v2\/posts\/15944\/revisions"}],"wp:attachment":[{"href":"http:\/\/www.korhanyilmaz.com\/index.php?rest_route=%2Fwp%2Fv2%2Fmedia&parent=15944"}],"wp:term":[{"taxonomy":"category","embeddable":true,"href":"http:\/\/www.korhanyilmaz.com\/index.php?rest_route=%2Fwp%2Fv2%2Fcategories&post=15944"},{"taxonomy":"post_tag","embeddable":true,"href":"http:\/\/www.korhanyilmaz.com\/index.php?rest_route=%2Fwp%2Fv2%2Ftags&post=15944"}],"curies":[{"name":"wp","href":"https:\/\/api.w.org\/{rel}","templated":true}]}}