{"id":15939,"date":"2009-10-20T02:00:31","date_gmt":"2009-10-19T23:00:31","guid":{"rendered":"http:\/\/www.korhanyilmaz.com\/?p=15939"},"modified":"2009-10-20T02:00:31","modified_gmt":"2009-10-19T23:00:31","slug":"bunun-hesabini-ver","status":"publish","type":"post","link":"http:\/\/www.korhanyilmaz.com\/?p=15939","title":{"rendered":"Bunun hesab\u0131n\u0131 ver!"},"content":{"rendered":"<p style=\"text-align: center;\"><a href=\"http:\/\/www.korhanyilmaz.com\/wp-content\/uploads\/2009\/10\/dauvtoglu.jpg\"  class=\"lightview\"><img loading=\"lazy\" decoding=\"async\" class=\"aligncenter size-full wp-image-15940\" src=\"http:\/\/www.korhanyilmaz.com\/wp-content\/uploads\/2009\/10\/dauvtoglu.jpg\" alt=\"\" width=\"450\" height=\"225\" \/><\/a><\/p>\n<p style=\"text-align: justify;\"><strong><em>Ne diyecek?<\/em><\/strong><\/p>\n<p style=\"text-align: justify;\">BU arada rezaletin ba\u015f sorumlular\u0131ndan Bursa Valisi \u015eahabettin Harput, stada sokulmayan Azerbaycan bayraklar\u0131n\u0131n WC yaz\u0131l\u0131 kutulara at\u0131lmas\u0131 konusunda suskunlu\u011funu s\u00fcrd\u00fcr\u00fcyor. Harput, bug\u00fcn a\u00e7\u0131klama yapaca\u011f\u0131n\u0131 s\u00f6yledi.<\/p>\n<p style=\"text-align: justify;\"><strong><em>Azerbaycan bayra\u011f\u0131 kime emanetti!<\/em><\/strong><\/p>\n<p style=\"text-align: justify;\">Bursa\u2019da Azerbaycan bayra\u011f\u0131na reva g\u00f6r\u00fclen hakareti g\u00f6rmezden gelen D\u0131\u015fi\u015fleri Bakan\u0131, Bak\u00fc \u015fehitli\u011finden kald\u0131r\u0131lan T\u00fcrk bayraklar\u0131n\u0131n hesab\u0131n\u0131 sormaya kalkt\u0131.<!--more--><\/p>\n<p style=\"text-align: justify;\">ABD\u2019nin bask\u0131s\u0131 ve Ermenistan\u2019\u0131n talimat\u0131yla, Bursa\u2019da 14 Ekim\u2019de oynanan T\u00fcrkiye-Ermenistan milli ma\u00e7\u0131nda Azerbaycan bayraklar\u0131n\u0131n yasaklanmas\u0131na, yerlerde s\u00fcr\u00fcnd\u00fcr\u00fclmesine ve \u00e7\u00f6p kutular\u0131na at\u0131lmas\u0131na sesini \u00e7\u0131karmayan D\u0131\u015fi\u015fleri Bakan\u0131 Ahmet Davuto\u011flu, Bak\u00fc\u2019deki \u015fehitlikten T\u00fcrk bayraklar\u0131n\u0131n kald\u0131r\u0131lmas\u0131na tepki g\u00f6sterdi. Davuto\u011flu, \u201cBiz \u015fehitlikteki T\u00fcrk bayraklar\u0131n\u0131 Azerbaycan halk\u0131n\u0131n izzetine, onuruna emanet ettik. Sayg\u0131 g\u00f6sterilmesini bekliyoruz. Sayg\u0131 g\u00f6sterilece\u011fine inan\u0131yorum. Hatta eminim\u201d dedi.<\/p>\n<p style=\"text-align: justify;\"><strong><em>Ayn\u0131 \u00f6l\u00e7\u00fcde azizdirler<\/em><\/strong><\/p>\n<p style=\"text-align: justify;\">Davuto\u011flu, \u00c7ek Cumhuriyeti D\u0131\u015fi\u015fleri Bakan\u0131 ve Ba\u015fbakan Yard\u0131mc\u0131s\u0131 Jan Kohout ile g\u00f6r\u00fc\u015fmesinin ard\u0131ndan d\u00fczenledi\u011fi bas\u0131n toplant\u0131s\u0131nda, Azerbaycan\u2019daki T\u00fcrk \u015eehitli\u011fi\u2019nde bayraklar\u0131n indirilmesine ili\u015fkin tepkisini dile getirdi. T\u00fcrkiye Cumhuriyeti h\u00fck\u00fcmeti yetkilileri ve 72 milyon T\u00fcrk halk\u0131 i\u00e7in Azerbaycan bayra\u011f\u0131 ile T\u00fcrkiye bayra\u011f\u0131n\u0131n \u201cortak milletin bayraklar\u0131 olarak, T\u00fcrk bayraklar\u0131 olarak ayn\u0131 \u00f6l\u00e7\u00fcde aziz oldu\u011funu\u201d s\u00f6yleyen Davuto\u011flu, \u015funlar\u0131 s\u00f6yledi:<\/p>\n<p style=\"text-align: justify;\"><strong><em>Ortak emanetimizdir<\/em><\/strong><\/p>\n<p style=\"text-align: justify;\">\u201cAzerbaycan\u2019\u0131n ba\u011f\u0131ms\u0131zl\u0131\u011f\u0131 i\u00e7in Anadolu\u2019nun her bir k\u00f6\u015fesinden ve \u015fu andas\u0131n\u0131r\u0131m\u0131z i\u00e7inde olmayan Balkanlar\u2019dan, Orta Do\u011fu\u2019dan, Halep\u2019ten gelip de Azerbaycan topraklar\u0131nda \u015fehit d\u00fc\u015fm\u00fc\u015f \u015fehitlerimiz, bu \u015fehitlerimizin g\u00f6lgesinde uyudu\u011fu bayra\u011f\u0131m\u0131z ve o \u015fehitlerimiz i\u00e7in fatiha okunan \u015fehitlik camimiz, her \u015feyden \u00f6nce Azerbaycan halk\u0131n\u0131n izzetine, onuruna emanet edilmi\u015ftir. Biz bu izzet ve onura sayg\u0131 g\u00f6sterilece\u011fini bekliyoruz, g\u00f6sterilece\u011finden de eminiz. Bu konuda bir teredd\u00fct\u00fcm\u00fcz yoktur. Bize s\u00f6ylenen ge\u00e7ici bir d\u00fczenleme, bir restorasyon faaliyeti \u00e7er\u00e7evesinde bu tedbirlerin al\u0131nd\u0131\u011f\u0131d\u0131r. Bu emanet bizim ortak emanetimizdir.\u201d<\/p>\n<p style=\"text-align: justify;\"><strong><em>G\u00fcvenimiz tamd\u0131r<\/em><\/strong><\/p>\n<p style=\"text-align: justify;\">Bakan Davuto\u011flu, Azerbaycan topraklar\u0131n\u0131n T\u00fcrkiye topraklar\u0131 kadar kutsal oldu\u011funu ve bu topraklar\u0131n i\u015fgalden kurtar\u0131lmas\u0131n\u0131n kendileri i\u00e7in en temel milli meselelerin ba\u015f\u0131nda geldi\u011fini kaydetti. Davuto\u011flu, T\u00fcrkiye\u2019nin d\u00fcnyan\u0131n her yan\u0131na yay\u0131lm\u0131\u015f \u015fehitlikleri bulundu\u011funu ve kendisinin de bu \u015fehitlikleri s\u00fcrekli ziyaret etti\u011fini hat\u0131rlatarak, Yunanistan\u2019\u0131n Korfu adas\u0131nda tek bir T\u00fcrk\u2019\u00fcn dahi bulunmad\u0131\u011f\u0131n\u0131, ancak orada da T\u00fcrk \u015fehitli\u011finin oldu\u011funu ve T\u00fcrk bayra\u011f\u0131n\u0131n dalgaland\u0131\u011f\u0131n\u0131 kaydetti. \u201cBizim Azerbaycan halk\u0131na g\u00fcvenimiz tamd\u0131r\u201d diyen Davuto\u011flu, \u201cOnlar\u0131n T\u00fcrkiye muhabbetini biliriz. T\u00fcrkiye ile Azerbaycan aras\u0131na nifak sokma \u00e7abalar\u0131na da hi\u00e7bir zaman izin vermeyece\u011fiz\u201d dedi. Bakan Davuto\u011flu, Bak\u00fc\u2019de yap\u0131lacak olan Karadeniz Ekonomik \u0130\u015fbirli\u011fi toplant\u0131s\u0131na kat\u0131l\u0131p kat\u0131lmayaca\u011f\u0131n\u0131n sorulmas\u0131 \u00fczerine de, \u015funlar\u0131 s\u00f6yledi:  \u201c\u015eu anda tabii planlanm\u0131\u015f bir ziyaret var, ama ola\u011fan\u00fcst\u00fc bir \u015fey olursa zaten haberdar ederiz.\u201d<\/p>\n<p style=\"text-align: justify;\">Yeni\u00e7a\u011f, Azerbaycan bayra\u011f\u0131na yap\u0131lan sayg\u0131s\u0131zl\u0131\u011f\u0131n kan\u0131t\u0131 olan resimleri \u201cKatiyen b\u00f6yle bir \u015fey yok\u201d diyen Vali Harput\u2019a ula\u015ft\u0131rd\u0131.  Vali bug\u00fcn olay\u0131 anlatacakm\u0131\u015f&#8230;<\/p>\n<p style=\"text-align: justify;\"><strong><em>Vali Harput bug\u00fcn d\u00f6n\u00fcyor!<\/em><\/strong><\/p>\n<p style=\"text-align: justify;\">Bursa\u2019daki rezaletin ba\u015f sorumlular\u0131ndan Vali \u015eahabettin Harput, stada sokulmayan Azerbaycan bayraklar\u0131n\u0131n WC yaz\u0131l\u0131 kutulara at\u0131lmas\u0131 konusunda suskunlu\u011funu d\u00fcn de korudu. Ge\u00e7ti\u011fimiz Cuma g\u00fcn\u00fc, Bursa Valisi \u015eahabettin Harput\u2019u arayarak \u201cT\u00fcrkiye-Ermenistan ma\u00e7\u0131nda polisler taraf\u0131ndan toplanan Azerbaycan bayraklar\u0131n\u0131n WC yaz\u0131l\u0131 kutulara dolduruldu\u011funu ve yerlerde s\u00fcr\u00fcnd\u00fcr\u00fcld\u00fc\u011f\u00fcn\u00fc bildirmi\u015f ve konuyla ilgili herhangi bir i\u015flem yap\u0131l\u0131p yap\u0131lmad\u0131\u011f\u0131n\u0131\u201d sormu\u015ftuk. Vali Harput ise, sorular\u0131m\u0131za  \u201cArkada\u015flara sordum, \u2019b\u00f6yle bir \u015fey yok\u2019dediler. B\u00f6yle bir \u015feye m\u00fcsaade de, m\u00fcsamaha da edilemez. Bana gelen yaz\u0131l\u0131 raporda katiyen b\u00f6yle bir \u015fey s\u00f6z konusu de\u011fildir\u201d ifadeleriyle kar\u015f\u0131l\u0131k vermi\u015fti. Elimizde rezaleti g\u00f6steren  foto\u011fraflar oldu\u011funu ifade etmemiz \u00fczerine Vali Harput, \u201cFoto\u011fraflar\u0131 g\u00f6nderin, inceleyip a\u00e7\u0131klama yapay\u0131m\u201d demi\u015fti. Ancak bu telefon konu\u015fmas\u0131n\u0131n hemen akabinde foto\u011fraflar\u0131 ula\u015ft\u0131rd\u0131\u011f\u0131m\u0131z Vali Harput\u2019tan d\u00fcne kadar ses \u00e7\u0131kmad\u0131. Israrl\u0131 aramalar\u0131m\u0131z Vali Harput\u2019un \u00f6zel kaleminden ald\u0131\u011f\u0131m\u0131z \u201cVali \u00e7ok me\u015fgul&#8230;Size d\u00f6necek&#8230;\u201d cevab\u0131yla sonu\u00e7suz kald\u0131. 3 g\u00fcn s\u00fcren aramalardan sonra Vali Harput, \u00f6zel kalemi arac\u0131l\u0131\u011f\u0131yla gazetemize bir haber g\u00f6nderdi ve bug\u00fcn konuyla ilgili olarak bir a\u00e7\u0131klama yapaca\u011f\u0131n\u0131 duyurdu.<\/p>\n<p style=\"text-align: justify;\">Ma\u00e7 \u00f6ncesinde Vali \u015eahabettin Harput\u2019un talimat\u0131yla yasaklanan Azerbaycan bayraklar\u0131 WC yaz\u0131l\u0131 kutularda toplanm\u0131\u015ft\u0131. Ancak Harput, daha sonra yapt\u0131\u011f\u0131 rezaleti inkar ederek, b\u00f6yle bir \u015feyin olmad\u0131\u011f\u0131n\u0131 ifade etmi\u015fti.<\/p>\n<p style=\"text-align: justify;\"><span style=\"color: #888888;\">Haber Kayna\u011f\u0131 : S\u00fcmeyra Y\u0131lmaz &#8211; <a href=\"http:\/\/www.yenicaggazetesi.com.tr\/haberdetay.php?hit=24905\" target=\"_blank\">yenicaggazetesi.com.tr<\/a><\/span><\/p>\n<p style=\"text-align: justify;\">\n","protected":false},"excerpt":{"rendered":"<p style=\"text-align: center;\">\n<p style=\"text-align: justify;\">Ne diyecek?<\/p>\n<p style=\"text-align: justify;\">BU arada rezaletin ba\u015f sorumlular\u0131ndan Bursa Valisi \u015eahabettin Harput, stada sokulmayan Azerbaycan bayraklar\u0131n\u0131n WC yaz\u0131l\u0131 kutulara at\u0131lmas\u0131 konusunda suskunlu\u011funu s\u00fcrd\u00fcr\u00fcyor. Harput, bug\u00fcn a\u00e7\u0131klama yapaca\u011f\u0131n\u0131 s\u00f6yledi.<\/p>\n<p style=\"text-align: justify;\">Azerbaycan bayra\u011f\u0131 kime emanetti!<\/p>\n<p style=\"text-align: justify;\">Bursa\u2019da Azerbaycan bayra\u011f\u0131na reva g\u00f6r\u00fclen hakareti g\u00f6rmezden gelen D\u0131\u015fi\u015fleri Bakan\u0131, Bak\u00fc \u015fehitli\u011finden kald\u0131r\u0131lan <\/p>\n","protected":false},"author":1,"featured_media":0,"comment_status":"open","ping_status":"closed","sticky":false,"template":"","format":"standard","meta":{"footnotes":""},"categories":[105],"tags":[],"class_list":["post-15939","post","type-post","status-publish","format-standard","hentry","category-gundem","odd"],"_links":{"self":[{"href":"http:\/\/www.korhanyilmaz.com\/index.php?rest_route=\/wp\/v2\/posts\/15939","targetHints":{"allow":["GET"]}}],"collection":[{"href":"http:\/\/www.korhanyilmaz.com\/index.php?rest_route=\/wp\/v2\/posts"}],"about":[{"href":"http:\/\/www.korhanyilmaz.com\/index.php?rest_route=\/wp\/v2\/types\/post"}],"author":[{"embeddable":true,"href":"http:\/\/www.korhanyilmaz.com\/index.php?rest_route=\/wp\/v2\/users\/1"}],"replies":[{"embeddable":true,"href":"http:\/\/www.korhanyilmaz.com\/index.php?rest_route=%2Fwp%2Fv2%2Fcomments&post=15939"}],"version-history":[{"count":0,"href":"http:\/\/www.korhanyilmaz.com\/index.php?rest_route=\/wp\/v2\/posts\/15939\/revisions"}],"wp:attachment":[{"href":"http:\/\/www.korhanyilmaz.com\/index.php?rest_route=%2Fwp%2Fv2%2Fmedia&parent=15939"}],"wp:term":[{"taxonomy":"category","embeddable":true,"href":"http:\/\/www.korhanyilmaz.com\/index.php?rest_route=%2Fwp%2Fv2%2Fcategories&post=15939"},{"taxonomy":"post_tag","embeddable":true,"href":"http:\/\/www.korhanyilmaz.com\/index.php?rest_route=%2Fwp%2Fv2%2Ftags&post=15939"}],"curies":[{"name":"wp","href":"https:\/\/api.w.org\/{rel}","templated":true}]}}