{"id":15932,"date":"2009-10-20T22:54:45","date_gmt":"2009-10-20T19:54:45","guid":{"rendered":"http:\/\/www.korhanyilmaz.com\/?p=15932"},"modified":"2009-10-20T22:54:45","modified_gmt":"2009-10-20T19:54:45","slug":"mgk%e2%80%99dan-tezkere-vurgusu","status":"publish","type":"post","link":"http:\/\/www.korhanyilmaz.com\/?p=15932","title":{"rendered":"MGK\u2019dan tezkere vurgusu"},"content":{"rendered":"<p style=\"text-align: center;\"><a href=\"http:\/\/www.korhanyilmaz.com\/wp-content\/uploads\/2009\/10\/MGK.jpg\"  class=\"lightview\"><img loading=\"lazy\" decoding=\"async\" class=\"aligncenter size-full wp-image-15933\" src=\"http:\/\/www.korhanyilmaz.com\/wp-content\/uploads\/2009\/10\/MGK.jpg\" alt=\"\" width=\"329\" height=\"210\" \/><\/a><\/p>\n<p style=\"text-align: justify;\">\u2018Meclis\u2019ten ge\u00e7en tezkere ter\u00f6rizmle m\u00fccadelenin \u00f6nemli bir unsuru&#8230;\u2019<\/p>\n<p style=\"text-align: justify;\">ANKARA &#8211; Milli G\u00fcvenlik Kurulu toplant\u0131s\u0131nda, Meclis taraf\u0131ndan al\u0131nan s\u0131n\u0131r\u00f6tesi operasyon karar\u0131n\u0131n ter\u00f6rizmle m\u00fccadelenin \u00f6nemli bir unsurunu te\u015fkil etti\u011fi belirtilerek, m\u00fccadelenin kararl\u0131l\u0131kla s\u00fcrd\u00fcr\u00fclece\u011fi vurguland\u0131.<\/p>\n<p style=\"text-align: justify;\"><strong><em>7 saat 40 dakika s\u00fcrd\u00fc <\/em><\/strong><\/p>\n<p style=\"text-align: justify;\">Toplant\u0131 sonras\u0131nda yay\u0131mlanan bildiride, PKK\u2019l\u0131lar\u0131n d\u00f6n\u00fc\u015fleri konusunda bir a\u00e7\u0131klama yap\u0131lmazken \u00f6zellikle s\u0131n\u0131r\u00f6tesi operasyon izninin alt\u0131 \u00e7izilerek, TSK\u2019n\u0131n ter\u00f6rle m\u00fccadeledeki kararl\u0131l\u0131\u011f\u0131na vurgu yap\u0131ld\u0131. Cumhurba\u015fkan\u0131 G\u00fcl ba\u015fkanl\u0131\u011f\u0131nda \u00c7ankaya K\u00f6\u015fk\u00fc\u2019nde yap\u0131lan ve 7 saat 40 dakika s\u00fcren toplant\u0131, en uzun MGK\u2019lardan biri oldu. 28 \u015eubat\u2019tan sonra en uzun MGK, Temmuz\u2019da yap\u0131lan toplant\u0131 olmu\u015ftu. \u201c\u0130rtica Plan\u0131\u201d iddialar\u0131n\u0131n ard\u0131ndan yap\u0131lan kritik MGK toplant\u0131s\u0131, 7 saat 45 dakika s\u00fcrm\u00fc\u015ft\u00fc. <!--more--><\/p>\n<p style=\"text-align: justify;\">MGK\u2019da b\u00f6lgedeki geli\u015fmeler ele al\u0131n\u0131rken \u00f6zellikle Ermenistan ile ya\u015fanan s\u00fcrece de vurgu yap\u0131ld\u0131. Toplant\u0131n\u0131n ard\u0131ndan yay\u0131nlanan bildiride \u015fu ifadelere yer verildi:<\/p>\n<p style=\"text-align: justify;\"><strong><em>Ter\u00f6rle m\u00fccadele s\u00fcrecek <\/em><\/strong><\/p>\n<p style=\"text-align: justify;\">\u201cIrak\u2019\u0131n kuzeyinden \u00fclkemize y\u00f6nelik ter\u00f6r tehdidinin ve sald\u0131r\u0131lar\u0131n bertaraf edilmesini ama\u00e7layan 6 Ekim 2009 tarihli TBMM karar\u0131n\u0131n ter\u00f6rizmle m\u00fccadelenin \u00f6nemli bir unsurunu te\u015fkil etti\u011fi belirtilerek, m\u00fccadelenin kararl\u0131l\u0131kla s\u00fcrd\u00fcr\u00fclece\u011fi vurgulanm\u0131\u015ft\u0131r.<\/p>\n<p style=\"text-align: justify;\">Irak\u2019taki geli\u015fmeler ile 15 Ekim 2009 tarihinde Ba\u011fdat\u2019ta ger\u00e7ekle\u015ftirilen T\u00fcrkiye-Irak Y\u00fcksek D\u00fczeyli Stratejik \u0130\u015fbirli\u011fi Konseyi Toplant\u0131s\u0131\u2019n\u0131n sonu\u00e7lar\u0131 ve Irak ba\u011flam\u0131ndaki b\u00f6lgesel geli\u015fmeler ele al\u0131nm\u0131\u015ft\u0131r. G\u00fcney Kafkasya\u2019daki geli\u015fmeler ve bu geli\u015fmelerin b\u00f6lgesel ve k\u00fcresel \u00f6l\u00e7ekte yaratabilece\u011fi sonu\u00e7lar de\u011ferlendirilmi\u015ftir. Bu \u00e7er\u00e7evede 10 Ekim 2009 tarihinde \u00fclkemiz ile Ermenistan aras\u0131nda imzalanan protokoller \u0131\u015f\u0131\u011f\u0131nda gelece\u011fe y\u00f6nelik perspektifler ile ba\u015fta Yukar\u0131 Karaba\u011f olmak \u00fczere G\u00fcney Kafkasya\u2019daki ihtilaflar\u0131n \u00e7\u00f6z\u00fcm\u00fcne y\u00f6nelik \u00e7abalar ve s\u00fcre\u00e7 ele al\u0131nm\u0131\u015ft\u0131r. Bu s\u00fcrecin Azerbaycan ile Ermenistan aras\u0131ndaki sorunlar\u0131n \u00e7\u00f6z\u00fcm\u00fcne de yard\u0131mc\u0131 olaca\u011f\u0131 bir daha teyit edilmi\u015ftir. \u00dclkemizin b\u00f6lgesel bar\u0131\u015f, istikrar, i\u015fbirli\u011fi ve g\u00fcvenin tesisi konular\u0131ndaki \u00e7al\u0131\u015fmalar\u0131 bundan b\u00f6yle de aktif bir \u015fekilde devam ettirece\u011fi dile getirilmi\u015ftir.<\/p>\n<p style=\"text-align: justify;\"><strong><em>Kabil\u2019de komuta TSK\u2019ya <\/em><\/strong><\/p>\n<p style=\"text-align: justify;\">Afganistan\u2019da son d\u00f6nemde meydana gelen geli\u015fmeler, Cumhurba\u015fkanl\u0131\u011f\u0131 se\u00e7imleri dahil, de\u011ferlendirilmi\u015f, \u00fclkemizin Afganistan\u2019\u0131n istikrar\u0131na y\u00f6nelik katk\u0131lar\u0131n s\u00fcrd\u00fcr\u00fclece\u011fi belirtilmi\u015ftir. Bu kapsamda; TSK\u2019n\u0131n Kabil B\u00f6lge Komutanl\u0131\u011f\u0131 g\u00f6revini Kas\u0131m 2009 ba\u015f\u0131nda ikinci defa alaca\u011f\u0131, yine \u00f6nceki g\u00f6revlerde oldu\u011fu gibi, T\u00fcrk Silahl\u0131 Kuvvetleri\u2019nin ter\u00f6rle m\u00fccadele, uyu\u015fturucu ile m\u00fccadele, may\u0131n temizleme g\u00f6revlerinde kullan\u0131lmayaca\u011f\u0131 teyit edilmi\u015ftir. \u00dclkemizin Ege ve Do\u011fu Akdeniz\u2019deki hak ve menfaatlerine ili\u015fkin hususlar g\u00f6zden ge\u00e7irilmi\u015ftir.\u201d<\/p>\n<p style=\"text-align: justify;\"><strong><em>2 komutan ilk kez kat\u0131ld\u0131 <\/em><\/strong><\/p>\n<p style=\"text-align: justify;\">Toplant\u0131ya, A\u011fustos ay\u0131nda g\u00f6reve ba\u015flayan Deniz Kuvvetleri Komutan\u0131 Oramiral E\u015fref U\u011fur Yi\u011fit ve Hava Kuvvetleri Komutan\u0131 Orgeneral Hasan Aksay ilk kez kat\u0131ld\u0131.<\/p>\n<p style=\"text-align: justify;\"><strong><em>Erdo\u011fan toplant\u0131 yapt\u0131 <\/em><\/strong><\/p>\n<p style=\"text-align: justify;\">Ba\u015fbakan Erdo\u011fan, \u00c7ankaya K\u00f6\u015fk\u00fc\u2019ndeki MGK toplant\u0131s\u0131n\u0131n ard\u0131ndan, Ba\u015fbakanl\u0131k Resmi Konutu\u2019na ge\u00e7ti. Erdo\u011fan, burada MGK \u00fcyesi bakanlarla bir araya geldi. Erdo\u011fan\u2019\u0131n bakanlarla toplant\u0131n\u0131n ard\u0131ndan 1 saat s\u00fcren de\u011ferlendirme yapt\u0131\u011f\u0131 belirtildi.<\/p>\n<p style=\"text-align: justify;\"><strong><em>G\u00fcl, Baykal\u2019a internetten yan\u0131t verdi <\/em><\/strong><\/p>\n<p style=\"text-align: justify;\">Cumhurba\u015fkan\u0131 Abdullah G\u00fcl\u2019\u00fcn, anamuhalefet partisinin Milli G\u00fcvenlik Kurulu toplant\u0131lar\u0131na kat\u0131lmas\u0131n\u0131n faydal\u0131 olaca\u011f\u0131 y\u00f6n\u00fcndeki \u00f6nerisinin, anamuhalefet lideri ve s\u00f6zc\u00fcleri taraf\u0131ndan \u201cg\u00fcnl\u00fck siyasi \u00e7eki\u015fmelere alet edilmesinin \u00fcz\u00fcnt\u00fcyle kar\u015f\u0131land\u0131\u011f\u0131 ve ciddiyetten uzak bir yakla\u015f\u0131m olarak de\u011ferlendirildi\u011fi\u201d bildirildi.<\/p>\n<p style=\"text-align: justify;\">Cumhurba\u015fkanl\u0131\u011f\u0131 internet sitesinde yer alan bas\u0131n a\u00e7\u0131klamas\u0131nda, Cumhurba\u015fkan\u0131 G\u00fcl\u2019\u00fcn, 18 Ekim\u2019de kat\u0131ld\u0131\u011f\u0131 bir televizyon program\u0131nda, kendisine y\u00f6neltilen bir soru \u00fczerine, \u201cAnayasa de\u011fi\u015fikli\u011fi yoluyla MGK\u2019n\u0131n yap\u0131s\u0131n\u0131n de\u011fi\u015ftirilmesi halinde, anamuhalefet partisi liderinin de Milli G\u00fcvenlik Kurulu toplant\u0131lar\u0131na kat\u0131lmas\u0131nda fayda g\u00f6rd\u00fc\u011f\u00fcn\u00fc\u201d ifade etti\u011fi hat\u0131rlat\u0131ld\u0131. A\u00e7\u0131klamada, \u015funlar kaydedildi: \u201cSay\u0131n Cumhurba\u015fkan\u0131m\u0131z\u0131n bu beyan\u0131na, Anamuhalefet Partisi Lideri ve s\u00f6zc\u00fcleri taraf\u0131ndan \u2019sanki bug\u00fcn yap\u0131lacak Milli G\u00fcvenlik Kurulu toplant\u0131s\u0131na davet edilmesi d\u00fc\u015f\u00fcn\u00fcl\u00fcyormu\u015f\u2019gibi farkl\u0131 anlamlar y\u00fcklenmesi, b\u00f6yle yap\u0131c\u0131 ve demokratik bir \u00f6nerinin ve son derece ciddi bir konunun g\u00fcnl\u00fck siyasi \u00e7eki\u015fmelere alet edilmesi \u00fcz\u00fcnt\u00fcyle kar\u015f\u0131lanm\u0131\u015f ve ciddiyetten uzak bir yakla\u015f\u0131m olarak de\u011ferlendirilmi\u015ftir.\u201d<\/p>\n<p style=\"text-align: justify;\"><strong><em>Bah\u00e7eli: MGK\u2019ya Hasan Cemal de uygun olur! <\/em><\/strong><\/p>\n<p style=\"text-align: justify;\">ANKARA- MHP Genel Ba\u015fkan\u0131 Devlet Bah\u00e7eli, Cumhurba\u015fkan\u0131 Abdullah G\u00fcl\u2019\u00fcn \u201cMGK\u2019ya anamuhalefet partisi liderinin de girmesi\u201d y\u00f6n\u00fcndeki \u00f6nerisine ilgin\u00e7 bir de\u011ferlendirmede bulundu. Bah\u00e7eli, \u201cZamanlama itibariyle a\u00e7\u0131l\u0131ma muhalefeti davet etmenin, kat\u0131l\u0131m\u0131na katk\u0131 sa\u011flaman\u0131n bir ba\u015fka yolu olarak d\u00fc\u015f\u00fcn\u00fcl\u00fcyorsa Hasan Cemal\u2019le, Cengiz \u00c7andar daha uygun olur diye d\u00fc\u015f\u00fcn\u00fcyorum\u201d dedi. MHP lideri, partisinin grup toplant\u0131s\u0131n\u0131n ard\u0131ndan TBMM\u2019de gazetecilerin Cumhurba\u015fkan\u0131 G\u00fcl\u2019\u00fcn \u201cMGK toplant\u0131s\u0131na anamuhalefet partisi liderinin de girmesi\u201d \u00f6nerisine ili\u015fkin sorular\u0131n\u0131 yan\u0131tlad\u0131. Bah\u00e7eli \u015f\u00f6yle konu\u015ftu: \u201cSay\u0131n Cumhurba\u015fkan\u0131n\u0131n \u2019anamuhalefete a\u00e7\u0131l\u0131m\u0131\u2019 kendisinin d\u00fc\u015f\u00fcnce olarak ortaya koymas\u0131 a\u00e7\u0131s\u0131ndan \u00f6nemli say\u0131labilir. Fakat zamanlama itibariyle a\u00e7\u0131l\u0131ma muhalefeti davet etmenin, kat\u0131l\u0131m\u0131na katk\u0131 sa\u011flaman\u0131n bir ba\u015fka yolu olarak d\u00fc\u015f\u00fcn\u00fcl\u00fcyorsa, Hasan Cemal\u2019le, Cengiz \u00c7andar daha uygun olur diye d\u00fc\u015f\u00fcn\u00fcyorum.\u201d<\/p>\n<p style=\"text-align: justify;\"><span style=\"color: #888888;\">Kaynak : Vatan<\/span><\/p>\n","protected":false},"excerpt":{"rendered":"<p style=\"text-align: center;\">\n<p style=\"text-align: justify;\">\u2018Meclis\u2019ten ge\u00e7en tezkere ter\u00f6rizmle m\u00fccadelenin \u00f6nemli bir unsuru&#8230;\u2019<\/p>\n<p style=\"text-align: justify;\">ANKARA &#8211; Milli G\u00fcvenlik Kurulu toplant\u0131s\u0131nda, Meclis taraf\u0131ndan al\u0131nan s\u0131n\u0131r\u00f6tesi operasyon karar\u0131n\u0131n ter\u00f6rizmle m\u00fccadelenin \u00f6nemli bir unsurunu te\u015fkil etti\u011fi belirtilerek, m\u00fccadelenin kararl\u0131l\u0131kla s\u00fcrd\u00fcr\u00fclece\u011fi vurguland\u0131.<\/p>\n<p style=\"text-align: justify;\">7 saat 40 dakika s\u00fcrd\u00fc <\/p>\n<p style=\"text-align: justify;\">Toplant\u0131 sonras\u0131nda yay\u0131mlanan bildiride, PKK\u2019l\u0131lar\u0131n d\u00f6n\u00fc\u015fleri <\/p>\n","protected":false},"author":1,"featured_media":0,"comment_status":"open","ping_status":"closed","sticky":false,"template":"","format":"standard","meta":{"footnotes":""},"categories":[105],"tags":[],"class_list":["post-15932","post","type-post","status-publish","format-standard","hentry","category-gundem","odd"],"_links":{"self":[{"href":"http:\/\/www.korhanyilmaz.com\/index.php?rest_route=\/wp\/v2\/posts\/15932","targetHints":{"allow":["GET"]}}],"collection":[{"href":"http:\/\/www.korhanyilmaz.com\/index.php?rest_route=\/wp\/v2\/posts"}],"about":[{"href":"http:\/\/www.korhanyilmaz.com\/index.php?rest_route=\/wp\/v2\/types\/post"}],"author":[{"embeddable":true,"href":"http:\/\/www.korhanyilmaz.com\/index.php?rest_route=\/wp\/v2\/users\/1"}],"replies":[{"embeddable":true,"href":"http:\/\/www.korhanyilmaz.com\/index.php?rest_route=%2Fwp%2Fv2%2Fcomments&post=15932"}],"version-history":[{"count":0,"href":"http:\/\/www.korhanyilmaz.com\/index.php?rest_route=\/wp\/v2\/posts\/15932\/revisions"}],"wp:attachment":[{"href":"http:\/\/www.korhanyilmaz.com\/index.php?rest_route=%2Fwp%2Fv2%2Fmedia&parent=15932"}],"wp:term":[{"taxonomy":"category","embeddable":true,"href":"http:\/\/www.korhanyilmaz.com\/index.php?rest_route=%2Fwp%2Fv2%2Fcategories&post=15932"},{"taxonomy":"post_tag","embeddable":true,"href":"http:\/\/www.korhanyilmaz.com\/index.php?rest_route=%2Fwp%2Fv2%2Ftags&post=15932"}],"curies":[{"name":"wp","href":"https:\/\/api.w.org\/{rel}","templated":true}]}}