{"id":15928,"date":"2009-10-20T17:05:19","date_gmt":"2009-10-20T14:05:19","guid":{"rendered":"http:\/\/www.korhanyilmaz.com\/?p=15928"},"modified":"2009-10-20T17:05:19","modified_gmt":"2009-10-20T14:05:19","slug":"erdoganin-abd-ziyareti-arapsacina-dondu","status":"publish","type":"post","link":"http:\/\/www.korhanyilmaz.com\/?p=15928","title":{"rendered":"Erdo\u011fan&#039;\u0131n ABD ziyareti arapsa\u00e7\u0131na d\u00f6nd\u00fc"},"content":{"rendered":"<p><a href=\"http:\/\/www.korhanyilmaz.com\/wp-content\/uploads\/2009\/10\/ERDOGAN2.jpg\"  class=\"lightview\"><img loading=\"lazy\" decoding=\"async\" class=\"aligncenter size-full wp-image-15929\" src=\"http:\/\/www.korhanyilmaz.com\/wp-content\/uploads\/2009\/10\/ERDOGAN2.jpg\" alt=\"\" width=\"292\" height=\"213\" \/><\/a><\/p>\n<p style=\"text-align: justify;\">Ba\u015fbakan Recep Tayyip Erdo\u011fan&#8217;\u0131n 29 Ekim&#8217;de ABD Ba\u015fkan\u0131 Barack Obama ile yapaca\u011f\u0131 g\u00f6r\u00fc\u015fme ve bu \u00fclkeye yapaca\u011f\u0131 seyahat, tarihin Cumhuriyet Bayram\u0131&#8217;na denk gelmesi nedeniyle ertelenmi\u015fti. Ancak Erdo\u011fan bug\u00fcn &#8220;Alternatif gelmezse 29 Ekim&#8217;de giderim&#8221; dedi.<\/p>\n<p style=\"text-align: justify;\">Ankara, Beyaz Saray&#8217;dan Cumhuriyet Bayram\u0131 olan 29 Ekim i\u00e7in verilen randevu yerine yeni bir tarih istedi. Ziyaretin \u00e7ok ileri bir tarihe ertelenmeyece\u011fi, kas\u0131m ya da aral\u0131k ay\u0131 i\u00e7erisinde yap\u0131labilece\u011fi \u00f6\u011frenildi. <!--more--><\/p>\n<p style=\"text-align: justify;\">Son olarak bug\u00fcn Erdo\u011fan&#8217;dan, &#8220;Alternatif tarih gelmezse 29 Ekim&#8217;de giderim&#8221; a\u00e7\u0131klamas\u0131 geldi.<\/p>\n<p style=\"text-align: justify;\">CHP Zonguldak Milletvekili Ali \u0130hsan K\u00f6kt\u00fcrk de, Ba\u015fbakan Erdo\u011fan&#8217;a, ABD ziyaretinin, Cumhuriyet Bayram\u0131&#8217;n\u0131n kutland\u0131\u011f\u0131 29 Ekim tarihine \u00e7ekilmesiyle verilmek istenen mesaj\u0131 sordu.<\/p>\n<p style=\"text-align: justify;\">K\u00f6kt\u00fcrk, Ba\u015fbakan Erdo\u011fan&#8217;\u0131n yan\u0131tlamas\u0131 istemiyle TBMM Ba\u015fkanl\u0131\u011f\u0131na sundu\u011fu soru \u00f6nergesinde, Cumhuriyet Bayram\u0131 gibi \u00f6nemli bir g\u00fcne halk\u0131n ve y\u00f6neticilerin sahip \u00e7\u0131kmas\u0131n\u0131n, \u00fclkeye y\u00f6nelen bir\u00e7ok tehdit d\u00fc\u015f\u00fcn\u00fcld\u00fc\u011f\u00fcnde ya\u015famsal bir \u00f6nem kazand\u0131\u011f\u0131n\u0131 ifade etti.<\/p>\n<p style=\"text-align: justify;\">Ba\u015fbakan Erdo\u011fan&#8217;\u0131n ABD ziyaretinin, ABD Ba\u015fkan\u0131 Barack Obama&#8217;n\u0131n iste\u011fi ile 29 Ekim tarihine \u00e7ekildi\u011fini belirten K\u00f6kt\u00fcrk,  &#8220;ABD ziyaretinizin, Obama taraf\u0131ndan, Cumhuriyetimizin ilan edildi\u011fi g\u00fcn olan 29 Ekim tarihine \u00e7ekilmek istenmesiyle ilgili verilmek istenen mesaj nedir? Bu mesaja y\u00f6nelik sizin tavr\u0131n\u0131z nedir? 29 Ekim g\u00fcn\u00fc ABD&#8217;ye davet edilmenize y\u00f6nelik haberler ve \u00fclkemizdeki son haftalar\u0131n ba\u015fl\u0131ca geli\u015fmeleri birlikte de\u011ferlendirildi\u011finde, ulusumuzun bilgisine sunulmayan gizli g\u00fcndemler mi s\u00f6z konusudur?&#8221; sorular\u0131n\u0131 y\u00f6neltti.<\/p>\n<p style=\"text-align: justify;\">ABD Ba\u015fkan\u0131 Obama, Erdo\u011fan&#8217;\u0131 29 Ekim tarihinde \u00e7al\u0131\u015fma ziyareti i\u00e7in ABD&#8217;ye davet etmi\u015fti. \u0130ki lider son olarak Pitsburg&#8217;da d\u00fczenlenen G-20 zirvesinde bir araya gelmi\u015fti.<\/p>\n<p style=\"text-align: justify;\"><strong><em>Y\u0131lmaz \u00d6zdil&#8217;in yaz\u0131s\u0131 <\/em><\/strong><\/p>\n<p style=\"text-align: justify;\">Erdo\u011fan&#8217;\u0131n 29 Ekim&#8217;de ABD&#8217;ye yapmay\u0131 planlad\u0131\u011f\u0131 gezi tepki \u00e7ekmi\u015fti. H\u00fcrriyet gazetesi yazar\u0131 Y\u0131lmaz \u00d6zdil de konuyla ilgili olarak sert bir yaz\u0131 kaleme alm\u0131\u015ft\u0131. \u0130\u015fte o yaz\u0131:<\/p>\n<p style=\"text-align: justify;\">Cumhuriyet Bayram\u0131&#8217;n\u0131 erteleyin&#8230; Kas\u0131m&#8217;a al\u0131n<\/p>\n<p style=\"text-align: justify;\">Obama davet etti.<\/p>\n<p style=\"text-align: justify;\">&#8220;Buraya gel&#8221; dedi.<\/p>\n<p style=\"text-align: justify;\">Gidiyor.<\/p>\n<p style=\"text-align: justify;\">29 Ekim&#8217;de.<\/p>\n<p style=\"text-align: justify;\">*<\/p>\n<p style=\"text-align: justify;\">Sarkozy&#8217;yi \u00e7a\u011f\u0131rsa, Fransa milli g\u00fcn\u00fc 14 Temmuz&#8217;da, gider mi Sarkozy? Papandreu&#8217;yu \u00e7a\u011f\u0131rsa, Yunanistan&#8217;\u0131n ba\u011f\u0131ms\u0131zl\u0131k g\u00fcn\u00fc 25 Mart&#8217;ta, atlar m\u0131 hemen u\u00e7a\u011fa Papandreu? Veya, 4 Temmuz&#8217;da zaten gitmez de, herhangi bir \u00fclkenin liderini kabul eder mi o g\u00fcn Obama?<\/p>\n<p style=\"text-align: justify;\">*<\/p>\n<p style=\"text-align: justify;\">30 Ekim \u00e7ok mu ge\u00e7?<\/p>\n<p style=\"text-align: justify;\">Yoksa&#8230;<\/p>\n<p style=\"text-align: justify;\">28 Ekim mi erken?<\/p>\n<p style=\"text-align: justify;\">*<\/p>\n<p style=\"text-align: justify;\">Bak\u0131n, cuma g\u00fcn\u00fc \u0130srail Ba\u015fkonsolosu&#8217;nu \u00e7a\u011f\u0131rd\u0131k canl\u0131 yay\u0131na, dizi krizini filan konu\u015fmak \u00fczere, &#8220;Bug\u00fcn \u015eabat, gelemem&#8221; dedi. \u00dcstelik, \u015eabat her hafta var&#8230; &#8220;Bug\u00fcnl\u00fck idare edeyim, bi defadan bi \u015fey olmaz&#8221; demedi.<\/p>\n<p style=\"text-align: justify;\">*<\/p>\n<p style=\"text-align: justify;\">&#8220;Sizin d\u0131\u015fi\u015flerindekilerin d\u00fcnyadan haberi yok galiba, \u00f6yle g\u00fcne randevu olur mu&#8221; desek, g\u00f6n\u00fcl m\u00fc koyard\u0131 Obama? Ya da, &#8220;Sizin d\u0131\u015fi\u015flerindekiler \u00f6k\u00fcz olmad\u0131\u011f\u0131na g\u00f6re, k\u00fcstahl\u0131k de\u011fil midir bu yap\u0131lan&#8221; desek, kalbini mi k\u0131rm\u0131\u015f olurduk Obama&#8217;n\u0131n?<\/p>\n<p style=\"text-align: justify;\">*<\/p>\n<p style=\"text-align: justify;\">Ba\u015fbakan&#8217;\u0131n ya\u015f g\u00fcn\u00fcn\u00fc unutmay\u0131p, u\u00e7akta s\u00fcrpriz pasta t\u00f6reni yapan gazeteci arkada\u015flar mesela&#8230; Hadi diyelim, Ba\u015fbakan&#8217;\u0131n ya\u015f g\u00fcn\u00fcn\u00fc unutmay\u0131p, dalg\u0131nl\u0131\u011f\u0131n\u0131za geldi, Cumhuriyet&#8217;in ya\u015f g\u00fcn\u00fcn\u00fc unuttunuz&#8230; Obama laf\u0131n\u0131 duyar duymaz, 29 Ekim&#8217;de 59&#8217;una basacak olan Cumhurba\u015fkan\u0131m\u0131z\u0131n ya\u015f g\u00fcn\u00fcn\u00fc nas\u0131l unutursunuz karde\u015fim?<\/p>\n<p style=\"text-align: justify;\">*<\/p>\n<p style=\"text-align: justify;\">Utanm\u0131yor musunuz?<\/p>\n<p style=\"text-align: justify;\"><span style=\"color: #888888;\">CNN T\u00dcRK<\/span><\/p>\n","protected":false},"excerpt":{"rendered":"<\/p>\n<p style=\"text-align: justify;\">Ba\u015fbakan Recep Tayyip Erdo\u011fan&#8217;\u0131n 29 Ekim&#8217;de ABD Ba\u015fkan\u0131 Barack Obama ile yapaca\u011f\u0131 g\u00f6r\u00fc\u015fme ve bu \u00fclkeye yapaca\u011f\u0131 seyahat, tarihin Cumhuriyet Bayram\u0131&#8217;na denk gelmesi nedeniyle ertelenmi\u015fti. Ancak Erdo\u011fan bug\u00fcn &#8220;Alternatif gelmezse 29 Ekim&#8217;de giderim&#8221; dedi.<\/p>\n<p style=\"text-align: justify;\">Ankara, Beyaz Saray&#8217;dan Cumhuriyet Bayram\u0131 olan 29 Ekim i\u00e7in verilen randevu yerine yeni bir tarih istedi. <\/p>\n","protected":false},"author":1,"featured_media":0,"comment_status":"open","ping_status":"closed","sticky":false,"template":"","format":"standard","meta":{"footnotes":""},"categories":[105],"tags":[],"class_list":["post-15928","post","type-post","status-publish","format-standard","hentry","category-gundem","odd"],"_links":{"self":[{"href":"http:\/\/www.korhanyilmaz.com\/index.php?rest_route=\/wp\/v2\/posts\/15928","targetHints":{"allow":["GET"]}}],"collection":[{"href":"http:\/\/www.korhanyilmaz.com\/index.php?rest_route=\/wp\/v2\/posts"}],"about":[{"href":"http:\/\/www.korhanyilmaz.com\/index.php?rest_route=\/wp\/v2\/types\/post"}],"author":[{"embeddable":true,"href":"http:\/\/www.korhanyilmaz.com\/index.php?rest_route=\/wp\/v2\/users\/1"}],"replies":[{"embeddable":true,"href":"http:\/\/www.korhanyilmaz.com\/index.php?rest_route=%2Fwp%2Fv2%2Fcomments&post=15928"}],"version-history":[{"count":0,"href":"http:\/\/www.korhanyilmaz.com\/index.php?rest_route=\/wp\/v2\/posts\/15928\/revisions"}],"wp:attachment":[{"href":"http:\/\/www.korhanyilmaz.com\/index.php?rest_route=%2Fwp%2Fv2%2Fmedia&parent=15928"}],"wp:term":[{"taxonomy":"category","embeddable":true,"href":"http:\/\/www.korhanyilmaz.com\/index.php?rest_route=%2Fwp%2Fv2%2Fcategories&post=15928"},{"taxonomy":"post_tag","embeddable":true,"href":"http:\/\/www.korhanyilmaz.com\/index.php?rest_route=%2Fwp%2Fv2%2Ftags&post=15928"}],"curies":[{"name":"wp","href":"https:\/\/api.w.org\/{rel}","templated":true}]}}