{"id":15924,"date":"2009-10-20T21:48:44","date_gmt":"2009-10-20T18:48:44","guid":{"rendered":"http:\/\/www.korhanyilmaz.com\/?p=15924"},"modified":"2009-10-20T21:48:44","modified_gmt":"2009-10-20T18:48:44","slug":"mahmurdan-gelisler-bmyi-kizdirdi","status":"publish","type":"post","link":"http:\/\/www.korhanyilmaz.com\/?p=15924","title":{"rendered":"Mahmur&#8217;dan geli\u015fler BM&#8217;yi k\u0131zd\u0131rd\u0131"},"content":{"rendered":"<p><a href=\"http:\/\/www.korhanyilmaz.com\/wp-content\/uploads\/2009\/10\/BM.jpg\"  class=\"lightview\"><img loading=\"lazy\" decoding=\"async\" class=\"aligncenter size-full wp-image-15925\" src=\"http:\/\/www.korhanyilmaz.com\/wp-content\/uploads\/2009\/10\/BM.jpg\" alt=\"\" width=\"292\" height=\"195\" \/><\/a><\/p>\n<p style=\"text-align: justify;\">Mahmur Kamp\u0131&#8217;ndan gelenler i\u00e7in Birle\u015fmi\u015f Milletler M\u00fclteciler Y\u00fcksek Komiserli\u011fi Ankara&#8217;y\u0131 uyard\u0131. &#8220;Geri d\u00f6n\u00fc\u015f uluslararas\u0131 kurallara uygun yap\u0131lmal\u0131&#8221; dedi. Ancak Ankara \u015fimdilik bir ad\u0131m atmay\u0131 planlam\u0131yor.<\/p>\n<p style=\"text-align: justify;\">CNN T\u00dcRK muhabiri G\u00fcl\u015fen Co\u015fkun&#8217;un haberine g\u00f6re Birle\u015fmi\u015f Milletler Y\u00fcksek Komiserli\u011fi D\u0131\u015fi\u015fleri Bakanl\u0131\u011f\u0131&#8217;n\u0131 yaz\u0131l\u0131 bir not g\u00f6nderdi.<\/p>\n<p style=\"text-align: justify;\">Uyar\u0131da, Mahmur Kamp\u0131&#8217;ndan T\u00fcrkiye&#8217;ye girenlerin m\u00fclteci stat\u00fcs\u00fcne dikkat \u00e7ekildi. <!--more--><\/p>\n<p style=\"text-align: justify;\">A\u00e7\u0131klamada &#8220;Bu ki\u015filer bizim korumam\u0131z alt\u0131nda, uluslararas\u0131 kurallara g\u00f6re Irak&#8217;tan \u00e7\u0131k\u0131\u015f ve T\u00fcrkiye&#8217;ye giri\u015f yapmalar\u0131 gerekiyor&#8221; denildi.<\/p>\n<p style=\"text-align: justify;\">CNN T\u00dcRK yay\u0131n\u0131na ba\u011flanan BM M\u00fclteciler Y\u00fcksek Komiserli\u011fi S\u00f6zc\u00fcs\u00fc Metin \u00c7orabat\u0131r &#8220;25 ki\u015finin geli\u015fi bir insiyatiftir, bu insiyatifi kim al\u0131rsa als\u0131n. Ama kitle halindeki d\u00f6n\u00fc\u015f Birle\u015fmi\u015f Milletler&#8217;e verilecek g\u00f6revle ger\u00e7ekle\u015fmelidir&#8221; diye konu\u015ftu.<\/p>\n<p style=\"text-align: justify;\">D\u0131\u015fi\u015fleri Bakanl\u0131\u011f\u0131 ise gelen notu inceledi. Ancak \u015fimdilik bir ad\u0131m at\u0131lmas\u0131 planlanm\u0131yor. D\u0131\u015fi\u015fleri kaynaklar\u0131 &#8220;BM ile i\u015fbirli\u011fine kapal\u0131 de\u011filiz ama b\u00f6yle bir ad\u0131ma gerek duymuyoruz&#8221; dedi.<\/p>\n<p style=\"text-align: justify;\"><span style=\"color: #888888;\">CNN T\u00dcRK<\/span><\/p>\n","protected":false},"excerpt":{"rendered":"<\/p>\n<p style=\"text-align: justify;\">Mahmur Kamp\u0131&#8217;ndan gelenler i\u00e7in Birle\u015fmi\u015f Milletler M\u00fclteciler Y\u00fcksek Komiserli\u011fi Ankara&#8217;y\u0131 uyard\u0131. &#8220;Geri d\u00f6n\u00fc\u015f uluslararas\u0131 kurallara uygun yap\u0131lmal\u0131&#8221; dedi. Ancak Ankara \u015fimdilik bir ad\u0131m atmay\u0131 planlam\u0131yor.<\/p>\n<p style=\"text-align: justify;\">CNN T\u00dcRK muhabiri G\u00fcl\u015fen Co\u015fkun&#8217;un haberine g\u00f6re Birle\u015fmi\u015f Milletler Y\u00fcksek Komiserli\u011fi D\u0131\u015fi\u015fleri Bakanl\u0131\u011f\u0131&#8217;n\u0131 yaz\u0131l\u0131 bir not g\u00f6nderdi.<\/p>\n<p style=\"text-align: justify;\">Uyar\u0131da, Mahmur Kamp\u0131&#8217;ndan T\u00fcrkiye&#8217;ye girenlerin m\u00fclteci <\/p>\n","protected":false},"author":1,"featured_media":0,"comment_status":"open","ping_status":"closed","sticky":false,"template":"","format":"standard","meta":{"footnotes":""},"categories":[3],"tags":[],"class_list":["post-15924","post","type-post","status-publish","format-standard","hentry","category-dunya","odd"],"_links":{"self":[{"href":"http:\/\/www.korhanyilmaz.com\/index.php?rest_route=\/wp\/v2\/posts\/15924","targetHints":{"allow":["GET"]}}],"collection":[{"href":"http:\/\/www.korhanyilmaz.com\/index.php?rest_route=\/wp\/v2\/posts"}],"about":[{"href":"http:\/\/www.korhanyilmaz.com\/index.php?rest_route=\/wp\/v2\/types\/post"}],"author":[{"embeddable":true,"href":"http:\/\/www.korhanyilmaz.com\/index.php?rest_route=\/wp\/v2\/users\/1"}],"replies":[{"embeddable":true,"href":"http:\/\/www.korhanyilmaz.com\/index.php?rest_route=%2Fwp%2Fv2%2Fcomments&post=15924"}],"version-history":[{"count":0,"href":"http:\/\/www.korhanyilmaz.com\/index.php?rest_route=\/wp\/v2\/posts\/15924\/revisions"}],"wp:attachment":[{"href":"http:\/\/www.korhanyilmaz.com\/index.php?rest_route=%2Fwp%2Fv2%2Fmedia&parent=15924"}],"wp:term":[{"taxonomy":"category","embeddable":true,"href":"http:\/\/www.korhanyilmaz.com\/index.php?rest_route=%2Fwp%2Fv2%2Fcategories&post=15924"},{"taxonomy":"post_tag","embeddable":true,"href":"http:\/\/www.korhanyilmaz.com\/index.php?rest_route=%2Fwp%2Fv2%2Ftags&post=15924"}],"curies":[{"name":"wp","href":"https:\/\/api.w.org\/{rel}","templated":true}]}}