{"id":15917,"date":"2009-10-20T13:22:38","date_gmt":"2009-10-20T10:22:38","guid":{"rendered":"http:\/\/www.korhanyilmaz.com\/?p=15917"},"modified":"2009-10-20T13:22:38","modified_gmt":"2009-10-20T10:22:38","slug":"baykalin-talebini-ahlaksiz-buldu-ve","status":"publish","type":"post","link":"http:\/\/www.korhanyilmaz.com\/?p=15917","title":{"rendered":"Baykal&#039;\u0131n talebini &quot;ahlaks\u0131z&quot; buldu ve&#8230;"},"content":{"rendered":"<p><a href=\"http:\/\/www.korhanyilmaz.com\/wp-content\/uploads\/2009\/10\/tayyip3.jpg\"  class=\"lightview\"><img loading=\"lazy\" decoding=\"async\" class=\"aligncenter size-full wp-image-15918\" src=\"http:\/\/www.korhanyilmaz.com\/wp-content\/uploads\/2009\/10\/tayyip3.jpg\" alt=\"\" width=\"292\" height=\"202\" \/><\/a><\/p>\n<p style=\"text-align: justify;\">Ba\u015fbakan Recep Tayyip Erdo\u011fan, K\u00fcrt a\u00e7\u0131l\u0131m\u0131 konusundaki randevu talebine &#8220;kamera \u015fart\u0131yla evet&#8221; diyen CHP Genel Ba\u015fkan\u0131 Deniz Baykal&#8217;a, &#8220;Bu ahlaks\u0131zl\u0131kt\u0131r&#8221; yan\u0131t\u0131n\u0131 verdi ve teklifini geri \u00e7ekti. Ba\u015fbakan, PKK&#8217;l\u0131lar\u0131n d\u00f6n\u00fc\u015f\u00fc ve serbest b\u0131rak\u0131lmalar\u0131n\u0131 da &#8220;umut verici&#8221; ve &#8220;sevindirici&#8221; buldu.<\/p>\n<p style=\"text-align: justify;\"><strong><em>CHP \u0130LE MEKTUP KR\u0130Z\u0130: <\/em><\/strong><\/p>\n<p style=\"text-align: justify;\">Parti grup toplant\u0131s\u0131nda Baykal&#8217;a cevap veren Erdo\u011fan, &#8220;Gerekirse not tutucu da olur ama biri bizi g\u00f6zetliyor mant\u0131\u011f\u0131 i\u00e7inde kameralar\u0131n kurulmas\u0131n\u0131 anlamak m\u00fcmk\u00fcn de\u011fil. Bu bahane \u00fcretmek, ipe un sermek. Gidip Say\u0131n Baykal&#8217;\u0131n beynini y\u0131kayacak de\u011filiz, hipnotize edecek de\u011filiz, b\u00fcy\u00fc, sihir yapacak de\u011filiz, \u00f6yle bir kabiliyetimiz de yok zaten. Her konuda anla\u015fmay\u0131 beklemiyoruz zaten; \u00f6nkabuller ortada. Ama biz demokrasinin gere\u011fini yapal\u0131m istedik&#8221; dedi. <!--more--><\/p>\n<p style=\"text-align: justify;\">Erdo\u011fan, &#8220;Baykal madem bu kadar kamera merakl\u0131s\u0131, odas\u0131n\u0131 a\u00e7s\u0131n, 24 saat  kameralar \u00e7eksin&#8221; dedi.<\/p>\n<p style=\"text-align: justify;\">Ba\u015fbakan, &#8220;Say\u0131n Baykal acaba bug\u00fcne kadar t\u00fcm ikili g\u00f6r\u00fc\u015fmelerini kameralar \u00f6n\u00fcnde mi yap\u0131yordu? Say\u0131n Baykal acaba bu birebir g\u00f6r\u00fc\u015fmelerinin d\u0131\u015f\u0131nda g\u00f6r\u00fc\u015fmeler yapmad\u0131 m\u0131?&#8221; diye sordu.<\/p>\n<p style=\"text-align: justify;\">Ba\u015fbakan, &#8220;\u015eu ifadeye bak: Kapal\u0131 kap\u0131lar ard\u0131ndan g\u00f6r\u00fc\u015fme yapamay\u0131z. Sizin kap\u0131lar\u0131n\u0131z hep a\u00e7\u0131k m\u0131 duruyor Say\u0131n Baykal&#8221; dedi.<\/p>\n<p style=\"text-align: justify;\">Erdo\u011fan, &#8220;Say\u0131n Baykal madem ki kameralar\u0131 \u00e7ok arzu ediyorsun, biz bunu Meclis&#8217;e getiriyoruz. Orada 3-4 kamera var. E\u011fer sen \u00e7\u0131kar orada konu\u015fursan ben de \u00e7\u0131kar orada konu\u015furum. Ama sen konu\u015fmazsan, ilgili milletvekili arkada\u015flar\u0131m milletimin kar\u015f\u0131s\u0131nda a\u00e7\u0131k se\u00e7ik yapacak. Bu vesileyle &#8216;sa\u011f olas\u0131n belki bir \u00e7ay\u0131n\u0131 i\u00e7erdik. O \u00e7ay\u0131ndan mahrum olduk. Te\u015fekk\u00fcr ederim&#8217; deyip, kesinlikle ben de oraya gitmiyorum&#8221; dedi.<\/p>\n<p style=\"text-align: justify;\">&#8220;\u0130ki defa kar\u015f\u0131l\u0131k beklemeden genel merkezlerini ziyaret ettim. Mutlak manada uzla\u015fma aram\u0131yorum zaten ben&#8221; diyen Ba\u015fbakan, &#8220;Demokraside olmazsa olmaz \u015fart de\u011fildir mutabakat. Biz geliriz g\u00f6r\u00fc\u015flerimizi anlat\u0131r\u0131z, sizi dinleriz isti\u015fare ederiz, mutabakata biraz daha yakla\u015fm\u0131\u015f olmak i\u00e7in \u00e7al\u0131\u015f\u0131r\u0131z. Ancak usul \u00fczerinde bile Say\u0131n Baykal \u0131n ka\u00e7t\u0131\u011f\u0131n\u0131 g\u00f6r\u00fcyorsunuz&#8221; ifadesini kulland\u0131.<\/p>\n<p style=\"text-align: justify;\">Erdo\u011fan, Baykal&#8217;a ayr\u0131ca, &#8220;Sanki milletten bir\u015feyler ka\u00e7\u0131r\u0131l\u0131yor hissini vermek, bu propaganda ile siyaset yapmak kime ne fayda sa\u011flar?&#8221; sorusunu y\u00f6neltti.<\/p>\n<p style=\"text-align: justify;\">&#8220;Biz  hi\u00e7bir\u015feyi milletimizden gizlemedik, saklamad\u0131k, b\u00f6yle bir\u015feyi de d\u00fc\u015f\u00fcnm\u00fcyoruz&#8221; diyen Erdo\u011fan, &#8220;Ama g\u00f6r\u00fcyoruz ki Say\u0131n Baykal b\u00f6yle bir\u015feye a\u00e7\u0131k de\u011fil&#8221; \u015feklinde konu\u015ftu.<\/p>\n<p style=\"text-align: justify;\"><strong><em>A\u00c7ILIM S\u00dcREC\u0130 VE PKK&#8217;LILARIN GEL\u0130\u015e\u0130:<\/em><\/strong><\/p>\n<p style=\"text-align: justify;\">Erdo\u011fan, Mahmur ve Kandil&#8217;deki 34 PKK&#8217;l\u0131n\u0131n geri d\u00f6n\u00fc\u015f\u00fcyle ilgili olarak da, &#8220;Umutlanmamak m\u00fcmk\u00fcn m\u00fc?&#8221; dedi.<\/p>\n<p style=\"text-align: justify;\">Erdo\u011fan, baz\u0131lar\u0131n\u0131n serbest b\u0131rak\u0131lmas\u0131n\u0131 da olumlu ve sevindirici buldu\u011funu s\u00f6yledi.<\/p>\n<p style=\"text-align: justify;\">Ba\u015fbakan Erdo\u011fan demokratik a\u00e7\u0131l\u0131m s\u00fcreciyle birlikte son 3 ayd\u0131r herkesin \u00e7\u00f6z\u00fcme y\u00f6nelik beklenti i\u00e7ine girdi\u011fini vurgulad\u0131, &#8220;Habur&#8217;daki geli\u015fmeler bir umuttur. T\u00fcrkiye&#8217;de iyi \u015feyler oluyor. Umut verici geli\u015fmeler oluyor. Tabii nereden bakt\u0131\u011f\u0131n\u0131z ve bakaca\u011f\u0131n\u0131z da \u00f6nemli. Ama birileri bunun d\u0131\u015f\u0131nda kal\u0131yor&#8221; dedi.<\/p>\n<p style=\"text-align: justify;\">&#8220;Akl\u0131selimle, sab\u0131rla, kararl\u0131l\u0131kla ad\u0131m ad\u0131m sorunlar\u0131 \u00e7\u00f6z\u00fcme kavu\u015fturman\u0131n gayreti i\u00e7indeyiz&#8221; diyen Ba\u015fbakan &#8220;Ancak tecr\u00fcbelerimiz bize \u015funu g\u00f6steriyor. \u00d6zellikle ter\u00f6rle m\u00fccadelede ne zaman olumlu bir ad\u0131m at\u0131lsa, ne zaman milli mutabakat g\u00fcndeme gelse bunun i\u00e7in anlaml\u0131 bir ad\u0131m at\u0131lsa, bundan nemalanan baz\u0131 karanl\u0131k \u00e7evreler o zaman tutu\u015fuyor ve bu mihrtaklar hemen bir provokasyon tezgahlamaya \u00e7al\u0131\u015f\u0131yor&#8221; \u015feklinde konu\u015ftu.<\/p>\n<p style=\"text-align: justify;\"><strong><em>Ba\u015fbakan s\u00f6zlerine \u015f\u00f6yle devam etti: <\/em><\/strong><\/p>\n<p style=\"text-align: justify;\">&#8220;Bunu \u00f6zellilkle son 30 y\u0131l i\u00e7erisinde \u00e7ok ya\u015fad\u0131k, \u00e7ok g\u00f6rd\u00fck. Bunlar rant\u0131 kendileri i\u00e7in benimserler ama istikrar\u0131 asla. Bunlar karga\u015fadan, kaostan, ter\u00f6rden nemalan\u0131rlar. Hala bu s\u00fcrece g\u00f6lge d\u00fc\u015f\u00fcrme ve bunun alt\u0131nda bir\u015feyler arama gayreti i\u00e7inde olanlar var.Neden bu co\u015fkuyu, umudu milletle payla\u015fm\u0131yorsunuz?&#8221;<\/p>\n<p style=\"text-align: justify;\">Ba\u015fbakan konu\u015fmas\u0131nda isim vermeden anamuhalefet CHP&#8217;ye de \u015fu s\u00f6zlerle seslendi:<\/p>\n<p style=\"text-align: justify;\">&#8220;1989 da 1991&#8217;de raporlar\u0131 haz\u0131rlad\u0131n\u0131z. Bug\u00fcne oranla \u00e7ok daha ileri \u00f6neriler getirdiniz. Peki bug\u00fcn sizi s\u00fcrecin d\u0131\u015f\u0131nda kalmaya sevk eden, ge\u00e7mi\u015finizle tam tersi bir y\u00f6ne sevk eden nedir? Biz tek ba\u015f\u0131m\u0131za da kalsak in\u015fallah bu s\u00fcreci sona erdirmeye \u00e7al\u0131\u015faca\u011f\u0131z. Tek ba\u015f\u0131m\u0131za da kalsak milletimizin deste\u011fi arkam\u0131zda oldu\u011fu s\u00fcrece sonuna kadar gidece\u011fiz. Herhalde bu partiler bu i\u015fi partiler\u00fcst\u00fc bir mesele olarak g\u00f6rm\u00fcyor. Ancak biz bu i\u015fi partiler\u00fcst\u00fc bir mesele olarak g\u00f6r\u00fcyoruz. Yeter ki \u00fclkemiz kazans\u0131n, yeter ki milletimiz kazans\u0131n. Umuyorum ki CHP Genel Ba\u015fkan\u0131 bahaneer \u00fcretmekten, kap\u0131lar\u0131 kapal\u0131 tutmaktan vazge\u00e7er&#8221;<\/p>\n<p style=\"text-align: justify;\"><strong><em>&#8220;S\u00fcre\u00e7 \u0130mral\u0131&#8217;dan y\u00f6netilmiyor&#8221;<\/em><\/strong><\/p>\n<p style=\"text-align: justify;\">Erdo\u011fan, &#8220;Bildi\u011finiz gibi d\u00fcn 34 ki\u015fi s\u0131n\u0131r\u0131 ge\u00e7ti ve sabah saatlerinde 29&#8217;u ilgili yasalar\u0131m\u0131z \u00e7er\u00e7evesince b\u0131rak\u0131ld\u0131. Bunu son derece olumlu ve sevindirici bir geli\u015fme olarak g\u00f6r\u00fcyoruz. \u015eu anda yarg\u0131 di\u011fer 5&#8217;iyle ilgili \u00e7al\u0131\u015fmalar\u0131n\u0131 s\u00fcrd\u00fcr\u00fcyor&#8221; dedi.<\/p>\n<p style=\"text-align: justify;\">Ba\u015fbakan, baz\u0131 medya gruplar\u0131n\u0131n bu s\u00fcrecin \u0130mral\u0131&#8217;ndan y\u00f6netildi\u011fi mahiyetinde ifadeler kulland\u0131klar\u0131na dikkat \u00e7ekerek s\u00f6zlerini \u015f\u00f6yle s\u00fcrd\u00fcrd\u00fc:<\/p>\n<p style=\"text-align: justify;\">&#8220;Ben tabii o medya mensuplar\u0131n\u0131 uyarmak istiyorum. Adama sorarlar acaba 11-12 y\u0131ld\u0131r orada de\u011fil miydi? Ni\u00e7in b\u00f6yle bir ad\u0131m at\u0131lmad\u0131? Bu bir demokratik a\u00e7\u0131l\u0131m s\u00fcreci olarak at\u0131lm\u0131\u015f bir ad\u0131md\u0131r. Bu bir karde\u015flik projesinin gere\u011fi olarak at\u0131lm\u0131\u015f bir ad\u0131md\u0131r. Biz bu \u00fclkede T\u00fcrk\u00fcyle, K\u00fcrd\u00fcyle, Laz\u0131yla, \u00c7erkeziyle biriz, beraberiz. Biz tek millet oldu\u011fumuzu s\u00f6ylemedik mi ve ayy\u0131ld\u0131zl\u0131 bayra\u011f\u0131m\u0131zla tek bayrak oldu\u011fumuzu s\u00f6ylemedik mi? Bu konuda problemi olmayanlarla zaten beraber y\u00fcr\u00fcd\u00fck biz bu yollarda diyece\u011fiz.<\/p>\n<p style=\"text-align: justify;\">Ben gerek da\u011fdakilere gerek Mahmur&#8217;da olanlara gerek Avrupa&#8217;da olanlara \u00e7a\u011fr\u0131m\u0131z\u0131 yineliyorum: Vakit yitirmeden \u00fclkelerine d\u00f6nmelerine tavsiye ederim. Bu olay\u0131 siyasi \u015fova d\u00f6n\u00fc\u015ft\u00fcrenlere de l\u00fctfen sorumlu davran\u0131n diyorum. Ama gerginlikle, tahrikle, sorumsuz a\u00e7\u0131klamarla bu s\u00fcrece katk\u0131 sa\u011flanmaz, s\u00fcrece zarar verilir. Bu i\u015fi arzu edenler oldu\u011fu gibi arzu etmeyenlerin oldu\u011funu da bilmelidirler. Pop\u00fclist \u015fovlarla ba\u015fka yerlere \u00e7ekmek \u00e7\u00f6z\u00fcm\u00fc zorla\u015ft\u0131rmaktan ba\u015fka bir\u015feye hizmet etmez&#8221;<\/p>\n<p style=\"text-align: justify;\"><strong><em>DTP&#8217;yi ele\u015ftirdi <\/em><\/strong><\/p>\n<p style=\"text-align: justify;\">Ba\u015fbakan konu\u015fmas\u0131nda isim vermeden DTP&#8217;yi de \u015fu s\u00f6zlerle ele\u015ftirdi:<\/p>\n<p style=\"text-align: justify;\">&#8220;Legal bir \u00f6rg\u00fct\u00fcn y\u00f6neticisi illegal bir \u00f6rg\u00fct\u00fcn y\u00f6neticisi ad\u0131na konu\u015fmamal\u0131d\u0131r, konu\u015famaz. Biz legal \u00f6rg\u00fctle konu\u015fmaya haz\u0131r\u0131z ancak illegal bir \u00f6rg\u00fctle g\u00f6r\u00fc\u015fmeye asla. Bunu hep s\u00f6yledik. Bu yakla\u015f\u0131m\u0131m\u0131z\u0131n kar\u015f\u0131l\u0131k bulmas\u0131n\u0131 temenni ederim&#8221;<\/p>\n<p style=\"text-align: justify;\"><strong><em>MHP L\u0130DER\u0130 BAH\u00c7EL\u0130&#8217;YE SERT YANIT:<\/em><\/strong><\/p>\n<p style=\"text-align: justify;\">Erdo\u011fan&#8217;\u0131n konu\u015fmas\u0131nda ele\u015ftirilerden pay\u0131n\u0131 alan bir di\u011fer isim de MHP Genel Ba\u015fkan\u0131 Devlet Bah\u00e7eli oldu. Erdo\u011fan Bah\u00e7eli&#8217;yi konu\u015fmas\u0131nda \u015fu s\u00f6zlerle ele\u015ftirdi:<\/p>\n<p style=\"text-align: justify;\">&#8220;Say\u0131n Bah\u00e7eli hafta sonunda yapt\u0131\u011f\u0131 konu\u015fmada benim Do\u011fu-G\u00fcneydo\u011fu milletvekili arkada\u015flar\u0131ma siyasi ahlaktan tamam\u0131yle uzak bir yak\u0131\u015ft\u0131rma ile sesleniyor ve arkada\u015flar\u0131ma  ve asl\u0131nda bana da sayg\u0131s\u0131zl\u0131\u011f\u0131n \u00f6tesinde hakaret ediyor. Say\u0131n Bah\u00e7eli sizin yakla\u015f\u0131m tarz\u0131n\u0131z\u0131 kabul etmemiz, benimsememiz zaten m\u00fcmk\u00fcn de\u011fil. Sizin dilinizle size cevap vermeyi de asla d\u00fc\u015f\u00fcnm\u00fcyorum ama biz bu yola \u00e7\u0131karken bir\u015fey s\u00f6yledik: Biz b\u00f6lgesel milliyet\u00e7ilik yapmayaca\u011f\u0131z, etnik milliyet\u00e7ilik yapmayaca\u011f\u0131z dedik. Ama sen bu ifadelerinde hem b\u00f6lgesel hem etnik miliyet\u00e7ilik yap\u0131yorsun. Ama sen bu s\u00f6zlerinle benim arkada\u015flar\u0131ma sayg\u0131s\u0131zl\u0131\u011f\u0131n daniskas\u0131n\u0131 yap\u0131yorsun.<\/p>\n<p style=\"text-align: justify;\">Arkada\u015flar\u0131m\u0131n ne karakterini ne de cibiliyetini seninle hi\u00e7bir zaman \u00f6l\u00e7mem. Ne demek onlara g\u00fcvenip g\u00fcvenmemek? B\u00f6yle bir g\u00f6rev ne zamandan beri size d\u00fc\u015ft\u00fc? B\u00f6yle bir hakk\u0131 sen nas\u0131l kendinde buluyorsun? Bu \u00fclkenin halk\u0131n\u0131 sen nas\u0131l b\u00f6yle b\u00f6l\u00fcyorsun? Senin G\u00fcneydo\u011fu&#8217;ya, Do\u011fu&#8217;ya ni\u00e7in gidemedi\u011fin, ni\u00e7in s\u0131ralamaya giremedi\u011fin belli. \u00c7\u00fcnk\u00fc gidene gelinir, gitmeyene gelinmez. Kap\u0131s\u0131n\u0131 a\u00e7\u0131k tutan\u0131n kap\u0131s\u0131ndan girilir, kap\u0131s\u0131n\u0131 a\u00e7\u0131k tutmayan\u0131n kap\u0131s\u0131ndan girilmez.&#8221;<\/p>\n<p style=\"text-align: justify;\"><strong><em>T\u00dcRK\u0130YE-AZERBAYCAN \u0130L\u0130\u015eK\u0130LER\u0130:<\/em><\/strong><\/p>\n<p style=\"text-align: justify;\">Erdo\u011fan konu\u015fmas\u0131nda son d\u00f6nemde gerilen Azerbaycan ile ili\u015fkilere de de\u011findi.<\/p>\n<p style=\"text-align: justify;\">Ba\u015fbakan, h\u00fck\u00fcmetin ve \u015fahs\u0131n\u0131n, Azerbaycan Milli Meclisi&#8217;nde yapt\u0131\u011f\u0131 konu\u015fman\u0131n arkas\u0131nda oldu\u011funu vurgulayarak, &#8220;Herkes \u015fundan emin olsun; biz Azeri bayra\u011f\u0131n\u0131 T\u00fcrk bayra\u011f\u0131 gibi, Azeri topraklar\u0131n\u0131, T\u00fcrkiye topraklar\u0131 gibi aziz ve kutsal bildik, yine \u00f6yle biliriz. Bak\u00fc&#8217;de yatan \u015fehitlerimiz, bunun \u015fanl\u0131 \u015fahitleridir&#8221; dedi.<\/p>\n<p style=\"text-align: justify;\">Erdo\u011fan, Azerbaycan milletvekilleriyle g\u00f6r\u00fc\u015ft\u00fc\u011f\u00fcn\u00fc ve ba\u015fta Ermenistan ile imzalanan protokoller olmak \u00fczere geli\u015fmeleri de\u011ferlendirdiklerini anlatt\u0131. Erdo\u011fan, \u015funlar\u0131 s\u00f6yledi:<\/p>\n<p style=\"text-align: justify;\">&#8220;Orada kendilerine bir kere daha ifade ettim; H\u00fck\u00fcmetim ve \u015fahs\u0131m, Azerbaycan Milli Meclisinde yapt\u0131\u011f\u0131m konu\u015fman\u0131n arkas\u0131ndad\u0131r. Bizim Azeri karde\u015flerimizin aleyhine olacak hi\u00e7 bir ad\u0131m\u0131 atmam\u0131z asla s\u00f6z konusu de\u011fildir. Ancak, T\u00fcrkiye ile Azerbaycan aras\u0131na nifak sokmak amac\u0131yla fitne odaklar\u0131n\u0131n da gayret i\u00e7inde olduklar\u0131n\u0131, dedikodularla iftiralarla kamuoyunu yan\u0131ltmaya \u00e7al\u0131\u015ft\u0131klar\u0131na \u015fahit oluyoruz. Benim vatanda\u015flar\u0131m da Azeri karde\u015flerimiz de bu nifak giri\u015fimlerine prim vermesinler. Asl\u0131 olmayan bu dedikodulara, iftiralara l\u00fctfen kulak asmas\u0131nlar. Herkes \u015fundan emin olsun; biz Azeri bayra\u011f\u0131n\u0131 T\u00fcrk bayra\u011f\u0131 gibi, Azeri topraklar\u0131n\u0131 T\u00fcrkiye topraklar\u0131 gibi aziz ve kutsal bildik, yine \u00f6yle biliriz. Bu hitab\u0131m a\u011f\u0131rl\u0131kl\u0131 olarak Azerbaycan halk\u0131nad\u0131r.<\/p>\n<p style=\"text-align: justify;\">Bak\u00fc&#8217;de yatan \u015fehitlerimiz, bunun \u015fanl\u0131 \u015fahitleridir. Azerbaycan&#8217;\u0131n \u00e7\u0131karlar\u0131n\u0131, T\u00fcrkiye&#8217;nin \u00e7\u0131karlar\u0131ndan geride tutmay\u0131z, tutmad\u0131k. Azerbaycan&#8217;\u0131n \u00fcz\u00fcnt\u00fcs\u00fcn\u00fc, aynen T\u00fcrkiye&#8217;nin \u00fcz\u00fcnt\u00fcs\u00fc biliriz. Azerbaycan&#8217;\u0131n sevinci bizim sevincimizdir ve sevincimizi art\u0131r\u0131r. Kimse, T\u00fcrkiye&#8217;nin iyi niyetli duru\u015funu, samimi \u00e7abalar\u0131n\u0131 ba\u015fka yerlere \u00e7ekmesin, T\u00fcrkiye&#8217;yi de test etmeye kalkmas\u0131n. Son zamanlarda, \u00f6zellikle bu konu \u00fczerinde fitne fesat odaklar\u0131, \u00e7ok iyi \u00e7al\u0131\u015f\u0131yor. \u00c7ok gayretli. Tabii bu T\u00fcrkiye&#8217;nin i\u00e7inden de besleniyor. Bunu da a\u00e7\u0131k\u00e7a s\u00f6ylemem laz\u0131m. T\u00fcrkiye&#8217;nin i\u00e7inden bunu besleyen odaklar da belli. S\u00fcrekli olarak orayla pasla\u015fmak suretiyle b\u00f6yle bir s\u00fcreci tahrik ediyorlar.&#8221;<\/p>\n<p style=\"text-align: justify;\">Erdo\u011fan, 7 y\u0131ll\u0131k iktidarlar\u0131 d\u00f6neminde T\u00fcrkiye-Azerbaycan ili\u015fkilerinin nereden nereye geldi\u011finin ortada oldu\u011funu belirterek, &#8220;Ancak, sadece T\u00fcrkiye-Ermenistan milli ma\u00e7\u0131 sebebiyle F\u0130FA&#8217;n\u0131n da alm\u0131\u015f oldu\u011fu bir karar ki, son anda gelen bir karar malumunuz. Bu karar\u0131 uygulamaya \u00e7al\u0131\u015fan arkada\u015flar\u0131m\u0131z bunun da a\u00e7\u0131klamas\u0131n\u0131 yapt\u0131lar. Bu milli ma\u00e7\u0131 provoke etmeye \u00e7al\u0131\u015fan odaklar\u0131 da zaten halk\u0131m\u0131z gayet iyi tan\u0131d\u0131, gayet iyi biliyor&#8221; dedi.<\/p>\n<p style=\"text-align: justify;\"><strong><em>&#8220;Bizi as\u0131l yaralayan \u015fey&#8230;&#8221; <\/em><\/strong><\/p>\n<p style=\"text-align: justify;\">Ba\u015fbakan Erdo\u011fan, \u015f\u00f6yle devam etti:<\/p>\n<p style=\"text-align: justify;\">&#8220;Bundan sonra T\u00fcrkiye&#8217;de s\u00fcper ligde as\u0131lan Azerbaycan bayra\u011f\u0131n\u0131 &#8216;\u0130stanbul&#8217;da b\u00f6yle Bursa&#8217;da b\u00f6yle&#8217; diye g\u00f6sterme gafletine d\u00fc\u015fecek kadar \u015fecaat arz ederken sirkatini s\u00f6yleyen zavall\u0131lar bunlar. O noktada zaten herhangi bir \u015fey s\u00f6z konusu de\u011fil. Ama hassasiyetin oldu\u011fu bir T\u00fcrkiye-Ermenistan s\u00fcreciyle alakal\u0131 olarak b\u00f6yle bir \u015feyi tahrik etmekten ba\u015fka bir \u015fey olarak de\u011ferlendirmek de m\u00fcmk\u00fcn de\u011fil. Bunu bizzat malum siyasi partinin kendi kongrelerinde adeta (hah \u015fimdi biz siyasi rant\u0131 yakalad\u0131k) deyip bunun \u00fcst\u00fcne atlamas\u0131n\u0131n da ne anlama geldi\u011fi bellidir.<\/p>\n<p style=\"text-align: justify;\">Biz 7 y\u0131ll\u0131k iktidar\u0131m\u0131zda yap\u0131lmas\u0131 gereken neyse hepsini yapt\u0131k. Kendilerinin 3,5 y\u0131ll\u0131k koalisyon ortakl\u0131klar\u0131nda neler yapt\u0131klar\u0131 da bellidir. T\u00fcrk d\u00fcnyas\u0131yla ilgili ne yapt\u0131klar\u0131 da bellidir. Bizim ne yapt\u0131\u011f\u0131m\u0131z da bellidir. Her \u015fey eserleriyle ortad\u0131r. Tabii halk\u0131m\u0131z\u0131n bunu asla kabul etmeyece\u011fini, asla bu t\u00fcr iftiralara prim vermeyece\u011fini \u00e7ok iyi biliyorum. Ama Azerbaycan halk\u0131n\u0131n da Azerbaycanl\u0131 karde\u015flerimin de bu t\u00fcr oyuna prim vermemelerini \u00f6zellikle hat\u0131rlatmak istiyorum. As\u0131l bizi yaralayan \u015fey de \u015fudur; onu da s\u00f6ylemem laz\u0131m. Azerbaycan \u015fehitli\u011findeki \u015eehitlik Camisi&#8217;dir. Azerbaycan&#8217;daki o \u015fehitlik an\u0131t\u0131n\u0131n yan\u0131nda T\u00fcrk bayra\u011f\u0131 ile Azerbaycan bayra\u011f\u0131n\u0131n kald\u0131r\u0131lmas\u0131d\u0131r ki, bunun ne anlama geldi\u011fini, neler ifade etti\u011fini, inan\u0131yorum ki Azerbaycanl\u0131 karde\u015flerim de iyi de\u011ferlendirecektir.&#8221;<\/p>\n<p style=\"text-align: justify;\"><span style=\"color: #888888;\">CNN T\u00dcRK<\/span><\/p>\n","protected":false},"excerpt":{"rendered":"<\/p>\n<p style=\"text-align: justify;\">Ba\u015fbakan Recep Tayyip Erdo\u011fan, K\u00fcrt a\u00e7\u0131l\u0131m\u0131 konusundaki randevu talebine &#8220;kamera \u015fart\u0131yla evet&#8221; diyen CHP Genel Ba\u015fkan\u0131 Deniz Baykal&#8217;a, &#8220;Bu ahlaks\u0131zl\u0131kt\u0131r&#8221; yan\u0131t\u0131n\u0131 verdi ve teklifini geri \u00e7ekti. Ba\u015fbakan, PKK&#8217;l\u0131lar\u0131n d\u00f6n\u00fc\u015f\u00fc ve serbest b\u0131rak\u0131lmalar\u0131n\u0131 da &#8220;umut verici&#8221; ve &#8220;sevindirici&#8221; buldu.<\/p>\n<p style=\"text-align: justify;\">CHP \u0130LE MEKTUP KR\u0130Z\u0130: <\/p>\n<p style=\"text-align: justify;\">Parti grup toplant\u0131s\u0131nda Baykal&#8217;a cevap <\/p>\n","protected":false},"author":1,"featured_media":0,"comment_status":"open","ping_status":"closed","sticky":false,"template":"","format":"standard","meta":{"footnotes":""},"categories":[105],"tags":[],"class_list":["post-15917","post","type-post","status-publish","format-standard","hentry","category-gundem","odd"],"_links":{"self":[{"href":"http:\/\/www.korhanyilmaz.com\/index.php?rest_route=\/wp\/v2\/posts\/15917","targetHints":{"allow":["GET"]}}],"collection":[{"href":"http:\/\/www.korhanyilmaz.com\/index.php?rest_route=\/wp\/v2\/posts"}],"about":[{"href":"http:\/\/www.korhanyilmaz.com\/index.php?rest_route=\/wp\/v2\/types\/post"}],"author":[{"embeddable":true,"href":"http:\/\/www.korhanyilmaz.com\/index.php?rest_route=\/wp\/v2\/users\/1"}],"replies":[{"embeddable":true,"href":"http:\/\/www.korhanyilmaz.com\/index.php?rest_route=%2Fwp%2Fv2%2Fcomments&post=15917"}],"version-history":[{"count":0,"href":"http:\/\/www.korhanyilmaz.com\/index.php?rest_route=\/wp\/v2\/posts\/15917\/revisions"}],"wp:attachment":[{"href":"http:\/\/www.korhanyilmaz.com\/index.php?rest_route=%2Fwp%2Fv2%2Fmedia&parent=15917"}],"wp:term":[{"taxonomy":"category","embeddable":true,"href":"http:\/\/www.korhanyilmaz.com\/index.php?rest_route=%2Fwp%2Fv2%2Fcategories&post=15917"},{"taxonomy":"post_tag","embeddable":true,"href":"http:\/\/www.korhanyilmaz.com\/index.php?rest_route=%2Fwp%2Fv2%2Ftags&post=15917"}],"curies":[{"name":"wp","href":"https:\/\/api.w.org\/{rel}","templated":true}]}}