{"id":15912,"date":"2009-10-18T20:17:21","date_gmt":"2009-10-18T18:17:21","guid":{"rendered":"http:\/\/www.korhanyilmaz.com\/?p=15912"},"modified":"2009-10-18T20:17:21","modified_gmt":"2009-10-18T18:17:21","slug":"devlet-bahceli-yine-cok-sert","status":"publish","type":"post","link":"http:\/\/www.korhanyilmaz.com\/?p=15912","title":{"rendered":"Devlet Bah\u00e7eli yine \u00e7ok sert"},"content":{"rendered":"<p style=\"text-align: center;\"><a href=\"http:\/\/www.korhanyilmaz.com\/wp-content\/uploads\/2009\/10\/bahceli2.jpg\"  class=\"lightview\"><img loading=\"lazy\" decoding=\"async\" class=\"aligncenter size-full wp-image-15913\" src=\"http:\/\/www.korhanyilmaz.com\/wp-content\/uploads\/2009\/10\/bahceli2.jpg\" alt=\"\" width=\"307\" height=\"236\" \/><\/a><\/p>\n<p style=\"text-align: justify;\">MHP Genel Ba\u015fkan\u0131 Devlet Bah\u00e7eli yine \u00e7ok sert konu\u015ftu. \u0130stanbul&#8217;da partisinin 8. Ola\u011fan \u0130l Kongresi&#8217;ne kat\u0131lan Bah\u00e7eli, a\u00e7\u0131l\u0131m s\u00fcrecini ele\u015ftirdi, &#8220;a\u00e7\u0131l\u0131m safsatas\u0131 y\u0131k\u0131m projesine d\u00f6n\u00fc\u015ft\u00fc&#8221; dedi. Bah\u00e7eli, &#8220;PKK ve DTP&#8217;nin ye\u015ferdi\u011fi zemin AKP&#8217;dir&#8221; iddias\u0131nda bulundu. MHP lideri&#8217;nin hedefinde CHP Genel Ba\u015fkan\u0131 Deniz Baykal&#8217;la kameral\u0131 ortamda g\u00f6r\u00fc\u015fmeyi reddeden Ba\u015fbakan Tayyip Erdo\u011fan da vard\u0131.<\/p>\n<p style=\"text-align: justify;\">MHP Genel Ba\u015fkan\u0131 Devlet Bah\u00e7eli, T\u00fcrkiye&#8217;nin &#8220;ayr\u0131\u015fmay\u0131, \u00e7at\u0131\u015fmay\u0131 ve b\u00f6l\u00fcnmeyi&#8221; ama\u00e7layan bir projeyle kar\u015f\u0131 kar\u015f\u0131ya bulundu\u011funu ileri s\u00fcrerek, &#8220;Kim ne yaparsa yaps\u0131n MHP&#8217;nin ikna olmas\u0131, yanda\u015f olmas\u0131 m\u00fcmk\u00fcn de\u011fildir. MHP&#8217;nin, K\u00fcrt a\u00e7\u0131l\u0131m\u0131, demokratik a\u00e7\u0131l\u0131m veya milli birlik projesi gibi safsatalar\u0131n i\u00e7inde fig\u00fcran olmas\u0131 m\u00fcmk\u00fcn de\u011fildir&#8221; dedi. <!--more--><\/p>\n<p style=\"text-align: justify;\">Devlet Bah\u00e7eli, Ahmet C\u00f6mert Spor Salonu&#8217;nda d\u00fczenlenen partisinin \u0130stanbul il kongresinde yapt\u0131\u011f\u0131 konu\u015fmada, 4 May\u0131s&#8217;ta ba\u015flayan il ve il\u00e7e kongrelerinin bug\u00fcn tamamlanaca\u011f\u0131n\u0131 ve 8 Kas\u0131m&#8217;da Ankara&#8217;da b\u00fcy\u00fck kurultay\u0131 ger\u00e7ekle\u015ftireceklerini s\u00f6yledi.<\/p>\n<p style=\"text-align: justify;\">H\u00fck\u00fcmetin politikalar\u0131n\u0131 ele\u015ftiren Bah\u00e7eli, T\u00fcrkiye&#8217;nin tarihsel bir yol ayr\u0131m\u0131na geldi\u011fini ifade ederek, &#8220;Ba\u015fbakan&#8217;\u0131n \u00f6nce K\u00fcrt a\u00e7\u0131l\u0131m\u0131, sonra demokratik a\u00e7\u0131l\u0131m, sonra da milli birlik projesiyle T\u00fcrkiye&#8217;nin g\u00fcndemine att\u0131\u011f\u0131 safsata, y\u0131k\u0131k proje haline d\u00f6n\u00fc\u015fm\u00fc\u015ft\u00fcr&#8221; diye konu\u015ftu.<\/p>\n<p style=\"text-align: justify;\">Bah\u00e7eli, bu projenin &#8220;ayr\u0131\u015fmay\u0131, \u00e7at\u0131\u015fmay\u0131 ve b\u00f6l\u00fcnmeyi&#8221; hedefledi\u011fini \u00f6ne s\u00fcrerek, &#8220;Bu projenin amac\u0131, demokratik \u00e7\u00f6z\u00fcm de\u011fildir, T\u00fcrkiye&#8217;nin \u00e7\u00f6z\u00fclmesidir&#8221; dedi.<\/p>\n<p style=\"text-align: justify;\">Bu projeye kar\u015f\u0131 tek ba\u015f\u0131na dik duran partinin MHP oldu\u011funu, partisinin, ortaya koydu\u011fu programlarla T\u00fcrk siyasal ya\u015fam\u0131n\u0131n &#8220;yaln\u0131z kurdu&#8221;, ama boynu b\u00fck\u00fclmeyen bir &#8220;boz kurdu&#8221; oldu\u011funun anla\u015f\u0131ld\u0131\u011f\u0131n\u0131 savunan Bah\u00e7eli, &#8220;Kim ne yaparsa yaps\u0131n MHP&#8217;nin ikna olmas\u0131, yanda\u015f olmas\u0131 m\u00fcmk\u00fcn de\u011fildir. MHP&#8217;nin, K\u00fcrt a\u00e7\u0131l\u0131m\u0131, demokratik a\u00e7\u0131l\u0131m veya milli birlik projesi gibi safsatalar\u0131n i\u00e7inde fig\u00fcran olmas\u0131 m\u00fcmk\u00fcn de\u011fildir. MHP, birli\u011fin, dirli\u011fin ve karde\u015fli\u011fin y\u0131k\u0131lmaz kalesidir&#8221; diye konu\u015ftu.<\/p>\n<p style=\"text-align: justify;\">Bah\u00e7eli, MHP&#8217;nin ortaya koydu\u011fu duru\u015f ve tavr\u0131n bir\u00e7ok \u00e7evreyi rahats\u0131z etti\u011fini, &#8220;\u00e7a\u011fda\u015f Sevr&#8221; diye ortaya at\u0131lan uydurmay\u0131 yeniden tarihe g\u00f6mmek i\u00e7in oyunu bozan oldu\u011funu bildirdi.<\/p>\n<p style=\"text-align: justify;\"><strong><em>MHP&#8217;lilere \u00e7a\u011fr\u0131: &#8220;Uyan\u0131k olun&#8221; <\/em><\/strong><\/p>\n<p style=\"text-align: justify;\">\u0130\u00e7 ve d\u0131\u015f odaklar\u0131n, T\u00fcrkiye \u00fczerinde k\u00f6t\u00fc emel besleyen k\u00fcresel g\u00fc\u00e7lerin, T\u00fcrkiye&#8217;yi k\u00fc\u00e7\u00fck \u00e7\u0131karlar u\u011fruna kimi uluslar\u0131n d\u00fcnya projelerinin bir aleti durumuna getirenlerin MHP engelini a\u015fmak i\u00e7in partilerini de teslim almaya \u00e7al\u0131\u015ft\u0131\u011f\u0131n\u0131 savunan Bah\u00e7eli, onun i\u00e7in akla gelmeyen her t\u00fcrl\u00fc oyunun denendi\u011fini ve MHP&#8217;nin varl\u0131\u011f\u0131n\u0131n tart\u0131\u015fmaya a\u00e7\u0131ld\u0131\u011f\u0131n\u0131 kaydetti.<\/p>\n<p style=\"text-align: justify;\">Bah\u00e7eli, bununla yetinmeyenlerin y\u00f6ntem de\u011fi\u015fikli\u011fine gittiklerini ve MHP i\u00e7indeki kimi k\u00fc\u00e7\u00fck \u00e7\u0131karlara pe\u015fke\u015f \u00e7ekilenleri belirleyerek, &#8220;MHP yanl\u0131\u015f duruyor. A\u00e7\u0131l\u0131ma biz de destek vermeliyiz&#8221; diyerek, gafillerin yan\u0131na ihanet ortakl\u0131\u011f\u0131 i\u00e7in ko\u015ftuklar\u0131n\u0131 savundu.<\/p>\n<p style=\"text-align: justify;\">MHP&#8217;lileri dikkatli ve uyan\u0131k olmaya \u00e7a\u011f\u0131ran ve oyunlara gelmemelerini isteyen Bah\u00e7eli, &#8220;Neyi denerseniz deneyiniz, 40 y\u0131l ya\u015fayan hareket, yeni te\u015febb\u00fcslerle 40 y\u0131l\u0131n\u0131 heba etmez, ama 40 tokatla hesab\u0131n\u0131 sorar&#8221; dedi.<\/p>\n<p style=\"text-align: justify;\">MHP&#8217;nin T\u00fcrk ulusunun birli\u011finin, dirli\u011finin ve huzurunun bozulmas\u0131na, etnik k\u00f6kene g\u00f6re ayr\u0131\u015ft\u0131r\u0131larak par\u00e7alanmas\u0131na, ulusal devlet ve \u00fcniter siyasal yap\u0131s\u0131n\u0131n y\u0131k\u0131lmas\u0131na ge\u00e7it vermeyece\u011fini, ihanetin belinin mutlaka k\u0131r\u0131laca\u011f\u0131n\u0131 ifade eden Bah\u00e7eli, &#8220;Bozkurtlar olarak her\u015feyin fark\u0131ndas\u0131n\u0131z. Bazen tilkileri uzaktan seyredip, onu bozkurt zannedenleriniz var. Bu tilkileri farkediniz ve bozkurtun yerine koymay\u0131n\u0131z. O nedenle MHP&#8217;ye ihtiya\u00e7 var. Bug\u00fcnk\u00fc AKP y\u00f6netimi \u00e7ok al\u00e7ak\u00e7a ve ahlaks\u0131zca MHP&#8217;ye sald\u0131r\u0131yor. Hi\u00e7 kimse &#8216;milliyet\u00e7i hareket a\u00e7 ve \u00e7apulcular ordusudur. Bir miktar belediyeler veya devlet imkanlar\u0131yla \u00f6nlerine k\u0131r\u0131nt\u0131lar at\u0131n, oyalay\u0131n MHP&#8217;ye d\u00fc\u015fman k\u0131l\u0131n&#8217; talimat\u0131n\u0131 kendilerine kelime kelime, harf harf yedirtece\u011fim&#8221; diye konu\u015ftu.<\/p>\n<p style=\"text-align: justify;\"><strong><em>Teslim olacak olan PKK&#8217;l\u0131lar <\/em><\/strong><\/p>\n<p style=\"text-align: justify;\">Bah\u00e7eli, mutlaka ayr\u0131\u015fman\u0131n, etnik b\u00f6l\u00fcnmeyi te\u015fvik eden \u00e7abalar\u0131n, yanda\u015flara pe\u015fke\u015f \u00e7ekilen devlet olanaklar\u0131n\u0131n, yolsuzluklar\u0131n mutlaka hesab\u0131n\u0131n sorulaca\u011f\u0131n\u0131 belirterek, &#8220;Bozkurtun nefesi, ABD&#8217;ye de gitsen, Ortado\u011fu&#8217;nun i\u00e7inde kaybolsan da ensende olacakt\u0131r. O sebepten bu ayr\u0131\u015fmay\u0131 k\u00f6r\u00fckleyenler kendine gelmelidir. Hala daha yol haritas\u0131 bekliyorlar. Hala daha istismar yap\u0131yorlar. T\u00fcrkiye Cumhuriyeti vatanda\u015flar\u0131n\u0131 belli bir ama\u00e7 i\u00e7in Mahmur kamp\u0131na Irak&#8217;a g\u00f6t\u00fcrenler, orada ya\u015fanmayacak \u015fartlarda cebren mahkum ederek ya\u015famaya zorlayanlar, \u015fimdi onlardan &#8216;bar\u0131\u015f meclisi&#8217; ad\u0131 alt\u0131nda 3-5 tane PKK yanda\u015f\u0131n\u0131 T\u00fcrkiye&#8217;ye getirerek, demokratik a\u00e7\u0131l\u0131m \u00fczerinde g\u00fcya \u00e7al\u0131\u015fma yapm\u0131\u015f oluyorlar. 3 ay\u0131n i\u00e7inde 25 y\u0131ldan beri yap\u0131lmayan ayr\u0131mc\u0131l\u0131k yap\u0131lm\u0131\u015ft\u0131r. K\u00fcrt a\u00e7\u0131l\u0131m\u0131, demokratik a\u00e7\u0131l\u0131m ad\u0131 alt\u0131nda etnik unsurlar ayr\u0131\u015ft\u0131r\u0131lm\u0131\u015f, peki\u015ftirilmi\u015ftir&#8221; dedi.<\/p>\n<p style=\"text-align: justify;\"><strong><em>&#8220;CHP kendine \u00e7eki d\u00fczen versin&#8221; <\/em><\/strong><\/p>\n<p style=\"text-align: justify;\">Konu\u015fmas\u0131nda, Ba\u015fbakan Recep Tayyip Erdo\u011fan ile birlikte CHP&#8217;yi de ele\u015ftiren Bah\u00e7eli, &#8220;CHP de kendisine \u00e7eki d\u00fczen versin. Kameralar olur olmaz \u015fart\u0131 ko\u015farak randevuda kabul ettiklerini \u015fimdi toplumsal bask\u0131yla yan \u00e7izme i\u00e7ine girmesin. Git g\u00f6r\u00fc\u015f, kameralardan gizli neyiniz varsa ayr\u0131ca g\u00f6r\u00fc\u015f. Ama kameralar \u00f6n\u00fcnde say\u0131n ba\u015fbakan derse ki 1989 y\u0131l\u0131 ve 1990&#8217;l\u0131 y\u0131llarda g\u00fcncelle\u015ftirdi\u011finiz K\u00fcrt raporunun \u015fu maddesi \u015f\u00f6yle de\u011fil mi?&#8217; CHP yazd\u0131\u011f\u0131 i\u00e7in &#8216;evet&#8217; demek mecburiyetinde. \u00d6yleyse &#8216;\u015eu madde \u015f\u00f6yle de\u011fil mi?&#8217; diyerek, PKK&#8217;n\u0131n AB&#8217;nin dayatmalar\u0131na ho\u015f g\u00f6r\u00fcnmek i\u00e7in 1989 y\u0131l\u0131nda &#8216;Askeri \u00e7\u00f6z\u00fcm \u00e7\u00f6z\u00fcm de\u011fildir. Siyasi \u00e7\u00f6z\u00fcm gereklidir&#8217; diye baz\u0131 siyasi partiler ve sivil toplum kurulu\u015flar\u0131yla d\u00fc\u015ft\u00fc\u011f\u00fcn\u00fcz gaflet bug\u00fcn kar\u015f\u0131n\u0131za \u00e7\u0131k\u0131yor&#8221; diye konu\u015ftu.<\/p>\n<p style=\"text-align: justify;\">Bah\u00e7eli, &#8220;Say\u0131n ba\u015fbakan niye ka\u00e7\u0131yorsun g\u00f6r\u00fc\u015fmeden. \u00c7a\u011f\u0131r yaln\u0131z ve yaln\u0131z 1989 raporuyla 1991 y\u0131l\u0131 Erdo\u011fan raporunu \u00f6rt\u00fc\u015fenlerini kabul edin bak\u0131n CHP ne diyecek veya CHP&#8217;liler ne diyecek? Onun i\u00e7in milleti aldatmaya gerek yoktur. Bu gibi konular \u00fczerinde siyaset yapmaya gerek yoktur. Bizim K\u0131rkp\u0131nar g\u00fcre\u015flerini unutup modern \u00e7a\u011fda\u015f g\u00fcre\u015fte &#8216;arkaya dolanan bir puan&#8217; al\u0131r gibi kameraya geliyor musun, gelmiyor musun, gidiyor musun, gitmiyor musun? &#8216;Ben b\u00f6yle kameral\u0131 toplant\u0131ya kat\u0131l\u0131r\u0131m, kat\u0131lmam&#8217; diyerek sebep yaratanlar \u015f\u00f6yle bir baks\u0131nlar. Siyasete at\u0131ld\u0131klar\u0131 g\u00fcnden beri havada ve karada s\u00fcrekli kameralar\u0131n \u00f6n\u00fcndeler. Hele hele Say\u0131n ba\u015fbakan saniye ka\u00e7\u0131rm\u0131yor her g\u00fcn kameralarla beraber. O zaman CHP&#8217;nin kameras\u0131ndan niye korkuyorsun?&#8221; diye sordu.<\/p>\n<p style=\"text-align: justify;\"><strong><em>&#8220;Sokakta olmayaca\u011f\u0131z&#8221; <\/em><\/strong><\/p>\n<p style=\"text-align: justify;\">Bah\u00e7eli, &#8220;Bozkurtlar\u0131n aras\u0131na kar\u0131\u015fm\u0131\u015f bir tilki. Beslenen bir yavru, akl\u0131nca ak\u0131l veriyor. Diyor ki; &#8216;AKP ile u\u011fra\u015faca\u011f\u0131n\u0131za, DTP ile u\u011fra\u015f\u0131n. Yani siz de sokaklara \u00e7\u0131k\u0131n\u0131z. DTP ile \u00e7at\u0131\u015f\u0131n\u0131z ve AKP&#8217;yi rahatlat\u0131n\u0131z&#8217; diyor. AKP de &#8216;Bak\u0131n g\u00f6r\u00fcyor musunuz, K\u00fcrt ve T\u00fcrk etnik gruplar\u0131 \u00e7at\u0131\u015f\u0131yor, bunlar\u0131 millet\u00e7e yok etmemiz laz\u0131md\u0131r&#8217; diyerek, BM&#8217;den tutun, uluslararas\u0131 kurulu\u015flar\u0131n yard\u0131m\u0131yla, T\u00fcrkiye&#8217;de ger\u00e7ekten b\u00f6l\u00fcnmenin sonu\u00e7lanmas\u0131n\u0131 arzu ediyor&#8221; dedi.<\/p>\n<p style=\"text-align: justify;\">Bah\u00e7eli, PKK&#8217;n\u0131n ne oldu\u011funun, DTP&#8217;nin nas\u0131l yanda\u015fl\u0131k yapt\u0131\u011f\u0131n\u0131n bilindi\u011fini ama ikisinin de ye\u015ferdi\u011fi zeminin bug\u00fcn i\u00e7in AK Parti oldu\u011funu savunarak, iktidarda olan AK Parti&#8217;nin uzakla\u015ft\u0131r\u0131larak, milliyet\u00e7i hareketin iktidar olmas\u0131 gerekti\u011fini s\u00f6yledi.<\/p>\n<p style=\"text-align: justify;\">Konu\u015fmas\u0131nda \u00fclk\u00fcc\u00fclere de seslenen Bah\u00e7eli, &#8220;Sokakta olmayaca\u011f\u0131z. Bir etnik \u00e7at\u0131\u015fman\u0131n taraf\u0131 olarak T\u00fcrk kimli\u011fini bir etnik seviyeye d\u00fc\u015f\u00fcrmeyece\u011fiz. \u00c7al\u0131\u015faca\u011f\u0131z, gayret g\u00f6sterece\u011fiz. Bir \u00fclk\u00fcc\u00fcn\u00fcn burnu kanamadan, \u00e7at\u0131\u015fma, ayr\u0131\u015fma ve b\u00f6l\u00fcnme gayreti i\u00e7inde olmadan milletin iradesini alarak iktidar olaca\u011f\u0131z&#8221; diye konu\u015ftu.<\/p>\n<p style=\"text-align: justify;\">K\u00fcrtler ile sorunlar\u0131n\u0131n olmad\u0131\u011f\u0131n\u0131, ama onlar\u0131 istismar edenlerle, b\u00f6l\u00fcc\u00fcl\u00fc\u011f\u00fc tahrik edenlerle me\u015fru zeminde, anayasa ve yasalar \u00e7er\u00e7evesinde yarg\u0131 \u00f6n\u00fcnde mutlaka hesap g\u00f6r\u00fclece\u011fini dile getiren Bah\u00e7eli, kim ne yaparsa yaps\u0131n tuza\u011fa d\u00fc\u015fmeyeceklerini vurgulad\u0131.<\/p>\n<p style=\"text-align: justify;\">\u00dclk\u00fcc\u00fclerin &#8220;K\u00fcrt a\u00e7\u0131l\u0131m\u0131 yap\u0131yor, biz de T\u00fcrk a\u00e7\u0131l\u0131m\u0131 yapal\u0131m&#8221; diyenlerin tahriklerine kap\u0131lmalar\u0131n\u0131 da isteyen Bah\u00e7eli, &#8220;\u0130smini T\u00fcrk\u00e7e&#8217;den alan, T\u00fcrk milletinin ya\u015fad\u0131\u011f\u0131 co\u011frafyaya T\u00fcrkiye denilen bir yerde T\u00fcrk a\u00e7\u0131l\u0131m\u0131 olur mu? Onun i\u00e7in kimse ukalal\u0131k yapmas\u0131n. Kimse kendisini &#8216;daha iyi bozkurtum&#8217; diye g\u00f6stermesin. G\u00fcn geldi\u011fi zaman aran\u0131zda olmayanlar\u0131n oldu\u011funu 12 Eyl\u00fcl \u00f6ncesinde oldu\u011fu gibi tekrar g\u00f6rebilirsiniz. O sebepten ak\u0131ll\u0131ca hareket edece\u011fiz. Karde\u015f kavgas\u0131na d\u00fc\u015fmeden, \u00fcniter milli yap\u0131y\u0131 bozmadan ufak tefek menfaatlerle a\u00e7\u0131l\u0131m safsatas\u0131n\u0131n arkas\u0131na d\u00fc\u015fmeden baz\u0131 davran\u0131\u015flardan uzak kalmal\u0131y\u0131z&#8221; diye konu\u015ftu.<\/p>\n<p style=\"text-align: justify;\"><span style=\"color: #888888;\">CNN T\u00dcRK<\/span><\/p>\n","protected":false},"excerpt":{"rendered":"<p style=\"text-align: center;\">\n<p style=\"text-align: justify;\">MHP Genel Ba\u015fkan\u0131 Devlet Bah\u00e7eli yine \u00e7ok sert konu\u015ftu. \u0130stanbul&#8217;da partisinin 8. Ola\u011fan \u0130l Kongresi&#8217;ne kat\u0131lan Bah\u00e7eli, a\u00e7\u0131l\u0131m s\u00fcrecini ele\u015ftirdi, &#8220;a\u00e7\u0131l\u0131m safsatas\u0131 y\u0131k\u0131m projesine d\u00f6n\u00fc\u015ft\u00fc&#8221; dedi. Bah\u00e7eli, &#8220;PKK ve DTP&#8217;nin ye\u015ferdi\u011fi zemin AKP&#8217;dir&#8221; iddias\u0131nda bulundu. MHP lideri&#8217;nin hedefinde CHP Genel Ba\u015fkan\u0131 Deniz Baykal&#8217;la kameral\u0131 ortamda g\u00f6r\u00fc\u015fmeyi reddeden Ba\u015fbakan Tayyip Erdo\u011fan <\/p>\n","protected":false},"author":1,"featured_media":0,"comment_status":"open","ping_status":"closed","sticky":false,"template":"","format":"standard","meta":{"footnotes":""},"categories":[105],"tags":[],"class_list":["post-15912","post","type-post","status-publish","format-standard","hentry","category-gundem","odd"],"_links":{"self":[{"href":"http:\/\/www.korhanyilmaz.com\/index.php?rest_route=\/wp\/v2\/posts\/15912","targetHints":{"allow":["GET"]}}],"collection":[{"href":"http:\/\/www.korhanyilmaz.com\/index.php?rest_route=\/wp\/v2\/posts"}],"about":[{"href":"http:\/\/www.korhanyilmaz.com\/index.php?rest_route=\/wp\/v2\/types\/post"}],"author":[{"embeddable":true,"href":"http:\/\/www.korhanyilmaz.com\/index.php?rest_route=\/wp\/v2\/users\/1"}],"replies":[{"embeddable":true,"href":"http:\/\/www.korhanyilmaz.com\/index.php?rest_route=%2Fwp%2Fv2%2Fcomments&post=15912"}],"version-history":[{"count":0,"href":"http:\/\/www.korhanyilmaz.com\/index.php?rest_route=\/wp\/v2\/posts\/15912\/revisions"}],"wp:attachment":[{"href":"http:\/\/www.korhanyilmaz.com\/index.php?rest_route=%2Fwp%2Fv2%2Fmedia&parent=15912"}],"wp:term":[{"taxonomy":"category","embeddable":true,"href":"http:\/\/www.korhanyilmaz.com\/index.php?rest_route=%2Fwp%2Fv2%2Fcategories&post=15912"},{"taxonomy":"post_tag","embeddable":true,"href":"http:\/\/www.korhanyilmaz.com\/index.php?rest_route=%2Fwp%2Fv2%2Ftags&post=15912"}],"curies":[{"name":"wp","href":"https:\/\/api.w.org\/{rel}","templated":true}]}}