{"id":15907,"date":"2009-10-19T00:35:54","date_gmt":"2009-10-18T21:35:54","guid":{"rendered":"http:\/\/www.korhanyilmaz.com\/?p=15907"},"modified":"2009-10-19T00:35:54","modified_gmt":"2009-10-18T21:35:54","slug":"abdden-bir-ser-haritasi-daha","status":"publish","type":"post","link":"http:\/\/www.korhanyilmaz.com\/?p=15907","title":{"rendered":"ABD&#039;den bir \u015fer haritas\u0131 daha"},"content":{"rendered":"<p style=\"text-align: center;\"><a href=\"http:\/\/www.korhanyilmaz.com\/wp-content\/uploads\/2009\/10\/harita.jpg\"  class=\"lightview\"><img loading=\"lazy\" decoding=\"async\" class=\"aligncenter size-full wp-image-15908\" title=\"harita\" src=\"http:\/\/www.korhanyilmaz.com\/wp-content\/uploads\/2009\/10\/harita.jpg\" alt=\"harita\" width=\"450\" height=\"225\" \/><\/a><\/p>\n<p style=\"text-align: justify;\">2006\u2019da BOP (B\u00fcy\u00fck Orta Do\u011fu Projesi) haritas\u0131 yay\u0131nlay\u0131p Do\u011fu ve G\u00fcneydo\u011fu Anadolu\u2019yu K\u00fcrdistan olarak g\u00f6steren ABD, bu kez de B\u00fcy\u00fck Ermenistan\u2019\u0131 kurdu!.<\/p>\n<p style=\"text-align: justify;\"><strong><em>Le Figaro if\u015fa etti<\/em><\/strong><\/p>\n<p style=\"text-align: justify;\">ERMEN\u0130STAN\u2019\u0131n s\u0131n\u0131rlar\u0131n\u0131 Sevr\u2019e uygun bir bi\u00e7imde yans\u0131tan bir harita yay\u0131mlayan Frans\u0131z Le Figaro gazetesi, Trabzon, Erzurum, Bitlis ve Van\u2019\u0131 da Ermenistan topra\u011f\u0131 olarak g\u00f6steren haritan\u0131n CIA ve ABD Enerji Bakanl\u0131\u011f\u0131\u2019nca \u00e7izildi\u011fini yazd\u0131. <!--more--><\/p>\n<p style=\"text-align: justify;\"><em><strong>\u00d6nce BOP&#8230;<\/strong><\/em><\/p>\n<p style=\"text-align: justify;\">IRAK\u2019\u0131 petrol kaynaklar\u0131 i\u00e7in i\u015fgalinin sonras\u0131 b\u00f6lgede kal\u0131c\u0131 hakimiyetini sa\u011flamay\u0131 ama\u00e7layan ABD, \u00e7izdi\u011fi B\u00fcy\u00fck Orta Do\u011fu Projesi haritas\u0131nda T\u00fcrkiye\u2019yi b\u00f6lm\u00fc\u015ft\u00fc.<\/p>\n<p style=\"text-align: justify;\"><strong><em>\u015eimdi B\u00fcy\u00fck Ermenistan&#8230;<\/em><\/strong><\/p>\n<p style=\"text-align: justify;\">ABD\u2019nin son y\u0131llarda, \u201cstratejik ortak\u201d masal\u0131yla aldatt\u0131\u011f\u0131 T\u00fcrkiye i\u00e7in ger\u00e7ek niyeti CIA ve ABD Enerji Bakanl\u0131\u011f\u0131 taraf\u0131ndan \u00e7izildi\u011fi belirtilen \u201cT\u00fcrkiye \u00fczerinden ge\u00e7en enerji koridorlar\u0131\u201d haritas\u0131yla yeni bir boyut kazand\u0131.<\/p>\n<p style=\"text-align: justify;\"><strong><em>ABD\u2019nin Ermeni a\u00e7\u0131l\u0131m\u0131!<\/em><\/strong><\/p>\n<p style=\"text-align: justify;\">\u0130ktidar\u0131n Ermeni a\u00e7\u0131l\u0131m\u0131 meyvelerini verdi. ABD Enerji Bakanl\u0131\u011f\u0131 ve CIA,  haz\u0131rlad\u0131\u011f\u0131 bir haritada T\u00fcrkiye\u2019nin do\u011fusunu da i\u00e7ine alan b\u00f6lgeyi B\u00fcy\u00fck Ermenistan olarak g\u00f6sterdi.<\/p>\n<p style=\"text-align: justify;\">AKP\u2019nin, Ermenistan\u2019la ABD ve AB dayatmas\u0131yla imzalad\u0131\u011f\u0131 protokollere ili\u015fkin tart\u0131\u015fmalar devam ederden ilgin\u00e7 bir geli\u015fme ya\u015fand\u0131. 2006 y\u0131l\u0131nda BOP (B\u00fcy\u00fck Orta Do\u011fu Projesi) haritas\u0131 yay\u0131nlayarak T\u00fcrkiye\u2019nin do\u011fu ve g\u00fcneydo\u011fusunu K\u00fcrdistan olarak g\u00f6steren ABD, bu kez de B\u00fcy\u00fck Ermenistan\u2019\u0131 kurdu!  Frans\u0131z Le Figaro gazetesi, \u00f6nceki g\u00fcn Ermenistan\u2019\u0131n s\u0131n\u0131rlar\u0131n\u0131, Sevr Antla\u015fmas\u0131na uygun bir bi\u00e7imde g\u00f6steren bir harita yay\u0131mlad\u0131 . Haritada, Trabzon, Erzurum, Bitlis ve Van\u2019\u0131 da i\u00e7ine alan b\u00f6lge, Ermenistan olarak g\u00f6sterildi. Harita, Ermeni bas\u0131n\u0131 taraf\u0131ndan da g\u00fcndeme ta\u015f\u0131nd\u0131. Haritay\u0131 yans\u0131tan PanArmenian , haritada Ermenistan\u2019\u0131n s\u0131n\u0131rlar\u0131n\u0131n, Sevr Antla\u015fmas\u0131\u2019n\u0131n h\u00fck\u00fcmlerinin do\u011frultusunda belirlendi\u011fini yazd\u0131. PanArmenian, Frans\u0131z serbest gazetecisi Jean Eckiyan\u2019a dayand\u0131rd\u0131\u011f\u0131 haberinde \u201cT\u00fcrkiye \u00fczerinden ge\u00e7en enerji koridorlar\u0131na ili\u015fkin haritan\u0131n C\u0130A ve ABD Enerji Bakanl\u0131\u011f\u0131nca \u00e7izildi\u011fi\u201d iddias\u0131na da yer verdi.<\/p>\n<p style=\"text-align: justify;\"><strong><em>Bunlar tesad\u00fcf de\u011fil<\/em><\/strong><\/p>\n<p style=\"text-align: justify;\">Ermenistan ile imzalanan protokollerin hemen sonras\u0131nda b\u00f6yle bir haritan\u0131n ortaya \u00e7\u0131kmas\u0131n\u0131n tesad\u00fcf olmad\u0131\u011f\u0131n\u0131 s\u00f6yleyen muhalefet milletvekilleri, AKP\u2019nin uygulad\u0131\u011f\u0131 politikalar\u0131n sonucu olarak bu t\u00fcr \u015feylerin ortaya \u00e7\u0131kmas\u0131n\u0131n s\u00fcrpriz olmad\u0131\u011f\u0131n\u0131 ifade etti. CHP Zonguldak Milletvekili Ali \u0130hsan K\u00f6kt\u00fcrk, bu geli\u015fmelerin AKP\u2019nin Lozan\u2019\u0131 tan\u0131mayan politikalar\u0131n\u0131n sonucu oldu\u011funu belirterek, \u201cAKP h\u00fck\u00fcmeti ulusal politikalara g\u00f6re de\u011fil d\u0131\u015fardan tasarlanm\u0131\u015f ve i\u00e7erde uygulamaya konulan k\u00fcresel g\u00fc\u00e7lerin plan ve programlar\u0131na g\u00f6re onlara tabi olarak hareket ediyor. Gerek \u2019a\u00e7\u0131l\u0131m\u2019gerek K\u0131br\u0131s ve Ermenistan konular\u0131nda uygulanan politikalar\u0131n ulusal \u00e7\u0131karlar\u0131m\u0131zla ba\u011fda\u015fmad\u0131\u011f\u0131n\u0131 ve Lozan\u2019\u0131 tan\u0131mayan Sevr\u2019den hareket eden k\u00fcresel g\u00fc\u00e7lerin y\u00f6nlendirilmesiyle bu noktaya gelindi\u011fini defalarca s\u00f6yledik. Bu d\u0131\u015far\u0131daki geli\u015fmeler, ortaya \u00e7\u0131kan ve \u00e7\u0131kacak olan haritalar bilinen ve d\u00fc\u015f\u00fcn\u00fclmesi gereken bir s\u00fcreci i\u015faret ediyor. Bu geli\u015fmeler tesad\u00fcf de\u011fildir\u201d diye konu\u015ftu.<\/p>\n<p style=\"text-align: justify;\"><strong><em>\u201cG\u00f6zda\u011f\u0131 veriliyor\u201d<\/em><\/strong><\/p>\n<p style=\"text-align: justify;\">MHP Mersin Milletvekili Akif Akku\u015f, ortaya \u00e7\u0131kar\u0131lan haritalar\u0131n ABD\u2019nin niyetini ortaya koydu\u011funu ve y\u00fcr\u00fct\u00fclen politikalardan cesaretle ortaya \u00e7\u0131kar\u0131ld\u0131\u011f\u0131n\u0131 ifade etti. \u201cBu haritalar, anla\u015fmalar zamanlamas\u0131 bak\u0131m\u0131ndan da hi\u00e7 tesad\u00fcf de\u011fildir \u00f6nceden planlanm\u0131\u015f, programlanm\u0131\u015f \u015feylerdir\u201d diyen Akku\u015f, T\u00fcrkiye\u2019nin s\u0131n\u0131rlar\u0131n\u0131 belirleyen Lozan Antla\u015fmas\u0131\u2019nda ABD\u2019nin imzas\u0131n\u0131n olmad\u0131\u011f\u0131n\u0131 hat\u0131rlatt\u0131. MHP\u2019li  Akku\u015f \u015funlar\u0131 kaydetti: \u201cLozan Antla\u015fmas\u0131\u2019n\u0131 tan\u0131mayan ABD, Ermenistan ile protokollerin imzalanmas\u0131 s\u0131ras\u0131nda D\u0131\u015fi\u015fleri Bakan\u0131m\u0131z\u0131n arkas\u0131nda Demokles\u2019in k\u0131l\u0131c\u0131 gibi duruyor. Ve imzalay\u0131n bask\u0131s\u0131 yap\u0131yor. Bunlar\u0131n hi\u00e7biri plans\u0131z de\u011fildir. Bu haritalarla ayr\u0131ca T\u00fcrkiye\u2019ye g\u00f6zda\u011f\u0131 veriliyor.\u201d<\/p>\n<p style=\"text-align: justify;\"><strong><em>Pentagon dergisinde yay\u0131nlad\u0131<\/em><\/strong><\/p>\n<p style=\"text-align: justify;\">2006 y\u0131l\u0131nda ABD Silahl\u0131 Kuvvetler dergisinde yay\u0131nlanan bu harita ABD\u2019nin B\u00fcy\u00fck Ortado\u011fu Projesi\u2019nin hedeflerini ortaya koyuyor. Haritada da g\u00f6r\u00fcld\u00fc\u011f\u00fc gibi BOP\u2019da T\u00fcrkiye\u2019nin bir b\u00f6l\u00fcm\u00fcn\u00fc de i\u00e7ine alan B\u00fcy\u00fck K\u00fcrdistan kurulmas\u0131 hedefleniyor.<\/p>\n<p style=\"text-align: justify;\"><strong><em>S\u00f6zde soyk\u0131r\u0131m\u0131 tasar\u0131s\u0131 ge\u00e7ecek gibi<\/em><\/strong><\/p>\n<p style=\"text-align: justify;\">ABD\u2019deki s\u00f6zde soyk\u0131r\u0131m\u0131 yasa tasar\u0131s\u0131 Kongre\u2019den ge\u00e7mesin diye Ermenistan\u2019la protokol imzalayan AKP\u2019nin plan\u0131 ters tepti. S\u00f6zde soyk\u0131r\u0131m\u0131n tan\u0131nmas\u0131na ili\u015fkin olarak ABD Kongresi\u2019ne sunulan 252 say\u0131l\u0131 karar tasar\u0131s\u0131na deste\u011fin protokollerin imzalanmas\u0131n\u0131n ard\u0131ndan artt\u0131\u011f\u0131 savunuldu. Ermenistan Devlet Radyosu\u2019na g\u00f6re, yedi Temsilciler Meclisi \u00fcyesi daha tasar\u0131ya imza att\u0131. B\u00f6ylece, tasar\u0131y\u0131 imzalayan Temsilciler Meclisi \u00fcyesi say\u0131s\u0131n\u0131n 134\u2019e \u00e7\u0131kt\u0131\u011f\u0131na dikkat \u00e7ekiliyor.  Tasar\u0131y\u0131 son imzalayan Kongre \u00fcyeleri, Cumhuriyet\u00e7i Brian Bilbray, Elton Gallegly ve Darrell \u0130ssa ile Demokrat Steve \u0130srael, John Hall, Laura Richardson ve Mike Thompson olarak s\u0131raland\u0131. ABD\u2019nin \u00f6nde gelen Ermeni lobicilik kurulu\u015flar\u0131ndan Amerika Ermeni Asamblesi\u2019nden Bianka Dodov da, Kongre nezdindeki \u00e7abalar\u0131n\u0131 s\u00fcrd\u00fcreceklerini belirtirken Direkt\u00f6r\u00fc Bryan Ardouny ise, \u201cABD\u2019nin Ermeni Soyk\u0131r\u0131m\u0131n\u0131 kabul\u00fc, Ermenistan ile T\u00fcrkiye aras\u0131ndaki ili\u015fkilerin normalle\u015fmesine rehine olmamal\u0131\u201d dedi.<\/p>\n<p style=\"text-align: justify;\"><strong><em>Obama\u2019ya yak\u0131n markaj<\/em><\/strong><\/p>\n<p style=\"text-align: justify;\">Ba\u015fbakan Erdo\u011fan ABD\u2019ye gitmeye haz\u0131rlan\u0131rken Cumhurba\u015fkan\u0131 Abdullah G\u00fcl telefonla arayarak ABD Ba\u015fkan\u0131 Barack Obama ile g\u00f6r\u00fc\u015ft\u00fc. Beyaz Saray\u2019dan yap\u0131lan a\u00e7\u0131klamada, g\u00f6r\u00fc\u015fmede ABD\u2019nin \u201ckilit m\u00fcttefiki T\u00fcrkiye ile y\u00fcr\u00fctt\u00fc\u011f\u00fc geni\u015f stratejik diyalo\u011fu yans\u0131tan bir dizi konunun ele al\u0131nd\u0131\u011f\u0131\u201d belirtildi. A\u00e7\u0131klamaya g\u00f6re, Obama ve G\u00fcl, g\u00f6r\u00fc\u015fmede T\u00fcrkiye ile Ermenistan aras\u0131ndaki ili\u015fkilerin normalle\u015ftirilmesi konusundaki tarihi ilerleme ve bu \u00f6nemli \u00e7abada ivmenin korunmas\u0131n\u0131n \u00f6nemi \u00fczerinde durdular. Afganistan\u2019daki durumun g\u00f6zden ge\u00e7irildi\u011fi g\u00f6r\u00fc\u015fmede Obama, T\u00fcrkiye\u2019nin Afganistan\u2019a y\u00f6nelik katk\u0131lar\u0131na duydu\u011fu minnettarl\u0131\u011f\u0131n\u0131 dile getirirken, taraflar bu konuda birlikte \u00e7al\u0131\u015fmay\u0131 s\u00fcrd\u00fcrme y\u00f6n\u00fcnde g\u00f6r\u00fc\u015f birli\u011fine vard\u0131lar. G\u00f6r\u00fc\u015fmede liderler, K\u0131br\u0131s sorununun \u00e7\u00f6z\u00fcm\u00fcne duyulan ihtiyac\u0131 da ele ald\u0131lar.<\/p>\n<p style=\"text-align: justify;\"><span style=\"color: #888888;\">Haber Kayna\u011f\u0131 : S\u00fcmeyra Y\u0131lmaz &#8211; <a href=\"http:\/\/www.yenicaggazetesi.com.tr\/haberdetay.php?hit=24851\" target=\"_blank\">yenicaggazetesi.com.tr<\/a><\/span><\/p>\n","protected":false},"excerpt":{"rendered":"<p style=\"text-align: center;\">\n<p style=\"text-align: justify;\">2006\u2019da BOP (B\u00fcy\u00fck Orta Do\u011fu Projesi) haritas\u0131 yay\u0131nlay\u0131p Do\u011fu ve G\u00fcneydo\u011fu Anadolu\u2019yu K\u00fcrdistan olarak g\u00f6steren ABD, bu kez de B\u00fcy\u00fck Ermenistan\u2019\u0131 kurdu!.<\/p>\n<p style=\"text-align: justify;\">Le Figaro if\u015fa etti<\/p>\n<p style=\"text-align: justify;\">ERMEN\u0130STAN\u2019\u0131n s\u0131n\u0131rlar\u0131n\u0131 Sevr\u2019e uygun bir bi\u00e7imde yans\u0131tan bir harita yay\u0131mlayan Frans\u0131z Le Figaro gazetesi, Trabzon, Erzurum, Bitlis ve Van\u2019\u0131 da <\/p>\n","protected":false},"author":1,"featured_media":0,"comment_status":"open","ping_status":"closed","sticky":false,"template":"","format":"standard","meta":{"footnotes":""},"categories":[105],"tags":[],"class_list":["post-15907","post","type-post","status-publish","format-standard","hentry","category-gundem","odd"],"_links":{"self":[{"href":"http:\/\/www.korhanyilmaz.com\/index.php?rest_route=\/wp\/v2\/posts\/15907","targetHints":{"allow":["GET"]}}],"collection":[{"href":"http:\/\/www.korhanyilmaz.com\/index.php?rest_route=\/wp\/v2\/posts"}],"about":[{"href":"http:\/\/www.korhanyilmaz.com\/index.php?rest_route=\/wp\/v2\/types\/post"}],"author":[{"embeddable":true,"href":"http:\/\/www.korhanyilmaz.com\/index.php?rest_route=\/wp\/v2\/users\/1"}],"replies":[{"embeddable":true,"href":"http:\/\/www.korhanyilmaz.com\/index.php?rest_route=%2Fwp%2Fv2%2Fcomments&post=15907"}],"version-history":[{"count":0,"href":"http:\/\/www.korhanyilmaz.com\/index.php?rest_route=\/wp\/v2\/posts\/15907\/revisions"}],"wp:attachment":[{"href":"http:\/\/www.korhanyilmaz.com\/index.php?rest_route=%2Fwp%2Fv2%2Fmedia&parent=15907"}],"wp:term":[{"taxonomy":"category","embeddable":true,"href":"http:\/\/www.korhanyilmaz.com\/index.php?rest_route=%2Fwp%2Fv2%2Fcategories&post=15907"},{"taxonomy":"post_tag","embeddable":true,"href":"http:\/\/www.korhanyilmaz.com\/index.php?rest_route=%2Fwp%2Fv2%2Ftags&post=15907"}],"curies":[{"name":"wp","href":"https:\/\/api.w.org\/{rel}","templated":true}]}}