{"id":15900,"date":"2009-10-17T23:48:31","date_gmt":"2009-10-17T20:48:31","guid":{"rendered":"http:\/\/www.korhanyilmaz.com\/?p=15900"},"modified":"2009-10-17T23:48:31","modified_gmt":"2009-10-17T20:48:31","slug":"bayragi-yere-atanlar-hesabini-vermelidir","status":"publish","type":"post","link":"http:\/\/www.korhanyilmaz.com\/?p=15900","title":{"rendered":"Bayra\u011f\u0131 yere atanlar hesab\u0131n\u0131 vermelidir"},"content":{"rendered":"<p style=\"text-align: center;\"><a href=\"http:\/\/www.korhanyilmaz.com\/wp-content\/uploads\/2009\/10\/aritman.jpg\"  class=\"lightview\"><img loading=\"lazy\" decoding=\"async\" class=\"aligncenter size-full wp-image-15901\" title=\"aritman\" src=\"http:\/\/www.korhanyilmaz.com\/wp-content\/uploads\/2009\/10\/aritman.jpg\" alt=\"aritman\" width=\"450\" height=\"225\" \/><\/a><\/p>\n<p style=\"text-align: justify;\">CHP\u2019li Canan Ar\u0131tman T\u00fcrkiye &#8211; Ermenistan ma\u00e7\u0131 \u00f6ncesinde Azerbaycan bayraklar\u0131n\u0131n yerlere at\u0131lmas\u0131na isyan ett: Bu kin ve nefret nedendir?<\/p>\n<p style=\"text-align: justify;\"><strong><em>Yak\u0131nda Nobel de al\u0131rlar<\/em><\/strong><\/p>\n<p style=\"text-align: justify;\">CHP\u2019li Ar\u0131tman, Ermenistan-T\u00fcrkiye ma\u00e7\u0131 \u00f6ncesinde toplanan Azerbaycan bayraklar\u0131n\u0131n yerlerde s\u00fcr\u00fcnd\u00fcr\u00fclmesine ve protokollere isyan etti: Yaz\u0131klar olsun. Bayra\u011fa bile tahamm\u00fcl edemediler.<!--more--><\/p>\n<p style=\"text-align: justify;\">CHP \u0130zmir Milletvekili Canan Ar\u0131tman Ermenistan\u2019la imzalanan protokollere ve T\u00fcrkiye-Ermenistan ma\u00e7\u0131nda  Azerbaycan bayra\u011f\u0131na reva g\u00f6r\u00fclen muameleye tepki g\u00f6sterdi. Ar\u0131tman yapt\u0131\u011f\u0131 yaz\u0131l\u0131 a\u00e7\u0131klamada, Ermenistan ile imzalanan protokollerin, \u2019birilerini\u2019, T\u00fcrk milletinden, atalar\u0131ndan intikam\u0131n\u0131n al\u0131nd\u0131\u011f\u0131, s\u00fcre\u00e7 ilerledik\u00e7e de giderek daha \u00e7ok al\u0131naca\u011f\u0131 inanc\u0131yla \u00e7ok sevindirdi\u011fini savundu. \u201cEli T\u00fcrk kan\u0131na bulanm\u0131\u015f Sarkisyan\u2019la kucakla\u015fa kucakla\u015fa bir hal olundu, mutluluktan u\u00e7uyorlar.\u201d diyen Ar\u0131tman, \u015funlar\u0131 kaydetti:<\/p>\n<p style=\"text-align: justify;\"><em><strong>And\u0131 da kald\u0131r\u0131n!<\/strong><\/em><\/p>\n<p style=\"text-align: justify;\">\u201cBir futbol ma\u00e7\u0131nda T\u00fcrk milletinin bayraklar\u0131na bile tahamm\u00fcl edemediler. On binlerce T\u00fcrk \u015fehidinin kanlar\u0131 ve canlar\u0131 pahas\u0131na sahip olunan Azerbaycan T\u00fcrk\u2019\u00fcn\u00fcn bayraklar\u0131n\u0131 T\u00fcrk milletinin elinden zorla alarak ne id\u00fc\u011f\u00fc belirsiz kutulara t\u0131k\u0131\u015ft\u0131rd\u0131lar, T\u00fcrkiye\u2019deki ma\u00e7ta Azerbaycan bayraklar\u0131 olmas\u0131n diye FIFA\u2019y\u0131 devreye soktular. Yaz\u0131klar olsun.\u201d<\/p>\n<p style=\"text-align: justify;\"><strong><em>Sevin\u00e7 \u00e7\u0131\u011fl\u0131klar\u0131 at\u0131l\u0131yor<\/em><\/strong><\/p>\n<p style=\"text-align: justify;\">Avrupa Birli\u011fi\u2019nin \u201c\u0130stiklal mar\u015f\u0131n\u0131z\u0131 \u00f6yle s\u0131k s\u0131k, olur olmaz yerlerde kullanmay\u0131n\u201d, okullarda \u201cT\u00fcrk\u2019\u00fcm, do\u011fruyum, \u00e7al\u0131\u015fkan\u0131m\u201d s\u00f6zleriyle ba\u015flayan and\u0131 da kald\u0131r\u0131n, ne demek \u201cNe mutlu T\u00fcrk\u2019\u00fcm diyene\u201d onu da silin at\u0131n, Atat\u00fcrk\u2019e s\u00f6vmeyi yasaklayan kanunlar\u0131 yasalar\u0131n\u0131zdan \u00e7\u0131kart\u0131n \u201c, diye dayatt\u0131k\u00e7a, \u201d i\u015fte demokrasi budur \u201c diye sevin\u00e7 \u00e7\u0131\u011fl\u0131klar\u0131 at\u0131ld\u0131\u011f\u0131n\u0131 hat\u0131rlatan Ar\u0131tman, s\u00f6zlerini \u015f\u00f6yle s\u00fcrd\u00fcrd\u00fc :<\/p>\n<p style=\"text-align: justify;\"><strong><em>Bu kin neden?<\/em><\/strong><\/p>\n<p style=\"text-align: justify;\">\u201dBizi s\u00f6zde demokrasiye bo\u011fup, s\u0131cak suda yava\u015f yava\u015f ha\u015flanan kurba\u011fa misali can\u0131m\u0131z\u0131, vatan\u0131m\u0131z\u0131 alacaklar. Biri \u2019hazmettire hazmettire\u2019, \u00f6tekisi \u2019\u00fcfleye \u00fcfleye\u2019 halledecek. \u2019Ermeni soyk\u0131r\u0131m\u0131 yapt\u0131k, \u00f6z\u00fcr diliyoruz\u2019diyerek, T\u00fcrk Milletini katil ilan eden vatan hainlerini \u2019can\u0131m ne var bunda, bak ne g\u00fczel fikir \u00f6zg\u00fcrl\u00fc\u011f\u00fc, ne g\u00fczel demokrasi\u2019diye destekleyenler \u2019tarih yazm\u0131yoruz, tarih yap\u0131yoruz\u2019diye \u00f6v\u00fcn\u00fcyorlar. Yak\u0131nda Nobel \u00f6d\u00fcl\u00fc de al\u0131rlar. Nedir bu kinin, nefretin, d\u00fc\u015fmanl\u0131\u011f\u0131n nedeni? Atat\u00fcrk Nutuk da diyor ki; \u2019Efendiler, aziz milletime \u015funu tavsiye ederim ki; ba\u011fr\u0131nda yeti\u015ftirerek ba\u015f\u0131n\u0131n \u00fcst\u00fcne kadar \u00e7\u0131karaca\u011f\u0131 adamlar\u0131n karn\u0131ndaki, vicdan\u0131ndaki asli cevheri \u00e7ok iyi tahlil etmek dikkatinden bir an bile feragat etmesin.\u2019<\/p>\n<p style=\"text-align: justify;\">Ermenistan-T\u00fcrkiye ma\u00e7\u0131 \u00f6ncesinde toplanan Azerbaycan bayraklar\u0131n\u0131n polis taraf\u0131ndan \u00fczerinde \u201cWC\u201d yaz\u0131l\u0131 bir kutuya at\u0131ld\u0131\u011f\u0131n\u0131 duyurmu\u015ftuk.<\/p>\n<p style=\"text-align: justify;\"><span style=\"color: #888888;\">Haber Kayna\u011f\u0131 : <a href=\"http:\/\/www.yenicaggazetesi.com.tr\/haberdetay.php?hit=24846\" target=\"_blank\">yenicaggazetesi.com.tr<\/a><\/span><\/p>\n","protected":false},"excerpt":{"rendered":"<p style=\"text-align: center;\">\n<p style=\"text-align: justify;\">CHP\u2019li Canan Ar\u0131tman T\u00fcrkiye &#8211; Ermenistan ma\u00e7\u0131 \u00f6ncesinde Azerbaycan bayraklar\u0131n\u0131n yerlere at\u0131lmas\u0131na isyan ett: Bu kin ve nefret nedendir?<\/p>\n<p style=\"text-align: justify;\">Yak\u0131nda Nobel de al\u0131rlar<\/p>\n<p style=\"text-align: justify;\">CHP\u2019li Ar\u0131tman, Ermenistan-T\u00fcrkiye ma\u00e7\u0131 \u00f6ncesinde toplanan Azerbaycan bayraklar\u0131n\u0131n yerlerde s\u00fcr\u00fcnd\u00fcr\u00fclmesine ve protokollere isyan etti: Yaz\u0131klar olsun. Bayra\u011fa bile tahamm\u00fcl edemediler.<\/p>\n","protected":false},"author":1,"featured_media":0,"comment_status":"open","ping_status":"closed","sticky":false,"template":"","format":"standard","meta":{"footnotes":""},"categories":[105],"tags":[],"class_list":["post-15900","post","type-post","status-publish","format-standard","hentry","category-gundem","odd"],"_links":{"self":[{"href":"http:\/\/www.korhanyilmaz.com\/index.php?rest_route=\/wp\/v2\/posts\/15900","targetHints":{"allow":["GET"]}}],"collection":[{"href":"http:\/\/www.korhanyilmaz.com\/index.php?rest_route=\/wp\/v2\/posts"}],"about":[{"href":"http:\/\/www.korhanyilmaz.com\/index.php?rest_route=\/wp\/v2\/types\/post"}],"author":[{"embeddable":true,"href":"http:\/\/www.korhanyilmaz.com\/index.php?rest_route=\/wp\/v2\/users\/1"}],"replies":[{"embeddable":true,"href":"http:\/\/www.korhanyilmaz.com\/index.php?rest_route=%2Fwp%2Fv2%2Fcomments&post=15900"}],"version-history":[{"count":0,"href":"http:\/\/www.korhanyilmaz.com\/index.php?rest_route=\/wp\/v2\/posts\/15900\/revisions"}],"wp:attachment":[{"href":"http:\/\/www.korhanyilmaz.com\/index.php?rest_route=%2Fwp%2Fv2%2Fmedia&parent=15900"}],"wp:term":[{"taxonomy":"category","embeddable":true,"href":"http:\/\/www.korhanyilmaz.com\/index.php?rest_route=%2Fwp%2Fv2%2Fcategories&post=15900"},{"taxonomy":"post_tag","embeddable":true,"href":"http:\/\/www.korhanyilmaz.com\/index.php?rest_route=%2Fwp%2Fv2%2Ftags&post=15900"}],"curies":[{"name":"wp","href":"https:\/\/api.w.org\/{rel}","templated":true}]}}