{"id":15896,"date":"2009-10-17T23:15:09","date_gmt":"2009-10-17T20:15:09","guid":{"rendered":"http:\/\/www.korhanyilmaz.com\/?p=15896"},"modified":"2009-10-17T23:15:09","modified_gmt":"2009-10-17T20:15:09","slug":"acilim-sureci-milleti-bolecek","status":"publish","type":"post","link":"http:\/\/www.korhanyilmaz.com\/?p=15896","title":{"rendered":"&#039;A\u00e7\u0131l\u0131m&#039; s\u00fcreci milleti b\u00f6lecek"},"content":{"rendered":"<p style=\"text-align: center;\"><a href=\"http:\/\/www.korhanyilmaz.com\/wp-content\/uploads\/2009\/10\/bahceli.jpg\"  class=\"lightview\"><img loading=\"lazy\" decoding=\"async\" class=\"aligncenter size-full wp-image-15897\" src=\"http:\/\/www.korhanyilmaz.com\/wp-content\/uploads\/2009\/10\/bahceli.jpg\" alt=\"\" width=\"450\" height=\"225\" \/><\/a><\/p>\n<p style=\"text-align: justify;\">MHP Genel Ba\u015fkan\u0131 Devlet Bah\u00e7eli, AKP iktidar\u0131n\u0131n \u2018a\u00e7\u0131l\u0131m\u2019 ad\u0131 alt\u0131nda y\u00fcr\u00fctt\u00fc\u011f\u00fc icraat\u0131n anayasal su\u00e7 oldu\u011funu vurgulad\u0131. \u00d6nemsizmi\u015f gibi g\u00f6sterilerek at\u0131lmak istenen ad\u0131mlar\u0131n, \u00e7ok b\u00fcy\u00fck siyasal, sosyal sorunlar do\u011furaca\u011f\u0131na i\u015faret eden Bah\u00e7eli, \u201cBu s\u00fcre\u00e7, T\u00fcrk milleti\u2019ni b\u00f6l\u00fcnmeye s\u00fcr\u00fckleyecek\u201d dedi. <!--more--><\/p>\n<p style=\"text-align: justify;\"><strong><em>\u2018A\u00e7\u0131l\u0131m\u2019 dedikleri asl\u0131nda h\u00fck\u00fcmetin y\u0131k\u0131m projesi<\/em><\/strong><\/p>\n<p style=\"text-align: justify;\">MHP  Genel Ba\u015fkan\u0131 Devlet Bah\u00e7eli, H\u00fck\u00fcmet\u2019in \u2019K\u00fcrt a\u00e7\u0131l\u0131m\u0131\u2019ile ilgili att\u0131\u011f\u0131 ad\u0131mlar\u0131 ele\u015ftirerek, \u201cH\u00fck\u00fcmetin ortaya att\u0131\u011f\u0131 ve ad\u0131na \u2019a\u00e7\u0131l\u0131m\u2019denen \u015fey, asl\u0131nda bir y\u0131k\u0131m projesidir\u201d dedi. Kayseri Kadir Has Kongre Merkezi\u2019ndeki \u201c\u00c7\u00f6z\u00fclen \u00dclke T\u00fcrkiye ve Tavr\u0131m\u0131z\u201d konulu konferansa kat\u0131lan MHP Genel Ba\u015fkan\u0131 Bah\u00e7eli, siyasetin g\u00fcndemine dair de\u011ferlendirmelerde bulundu. AKP H\u00fck\u00fcmetinen \u2019K\u00fcrt a\u00e7\u0131l\u0131m\u2019ad\u0131 alt\u0131nda att\u0131\u011f\u0131 ad\u0131mlar\u0131 ele\u015ftiren Bah\u00e7eli \u015funlar\u0131 kaydetti:<\/p>\n<p style=\"text-align: justify;\"><em><strong>Anayasal su\u00e7 i\u015fleniyor<\/strong><\/em><\/p>\n<p style=\"text-align: justify;\">\u201cPartimiz, H\u00fck\u00fcmet\u2019in y\u0131k\u0131m projesine y\u00f6nelik ad\u0131mlar\u0131 atmaya ba\u015flad\u0131\u011f\u0131 ilk g\u00fcnden itibaren ayn\u0131 duru\u015fu sergilemi\u015ftir. 7 y\u0131ld\u0131r iktidarda bulunan Adalet ve Kalk\u0131nma Partisi\u2019nin h\u00fck\u00fcmet olma ile devlet olma aras\u0131ndaki fark\u0131 ay\u0131rt edemeyen \u00f6z\u00fcrl\u00fc demokrasi anlay\u0131\u015f\u0131n\u0131n, ge\u00e7mi\u015fte ayr\u0131\u015fma ve kutupla\u015fmalara neden oldu\u011funu hepimiz biliyoruz\u201d diye konu\u015ftu. A\u00e7\u0131l\u0131m\u0131n anayasal su\u00e7 te\u015fkil edece\u011finin alt\u0131n\u0131 \u00e7izen Bah\u00e7eli, MHP olarak b\u00f6yle bir projeye destek olmayacaklar\u0131n\u0131 belirterek, \u201cH\u00fck\u00fcmet\u2019in tetikledi\u011fi s\u00fcre\u00e7, k\u00fcresel g\u00fc\u00e7 taraf\u0131ndan b\u00f6lgenin yeniden tanzim edilmesine y\u00f6nelik projedir ve B\u00fcy\u00fck Ortado\u011fu Projesi\u2019nin bir aya\u011f\u0131d\u0131r. \u00d6nemsizmi\u015f gibi g\u00f6sterilerek at\u0131lmak istenen ad\u0131mlar, h\u0131zla \u00e7ok b\u00fcy\u00fck siyasal, sosyal sorunlar do\u011furacakt\u0131r ve T\u00fcrk Milleti\u2019nin bekas\u0131 tehdit alt\u0131ndad\u0131r. S\u00fcre\u00e7, T\u00fcrk Milleti\u2019ni b\u00f6l\u00fcnmeye s\u00fcr\u00fckleyecektir\u201d dedi. MHP Genel Ba\u015fkan\u0131, \u201cB\u00f6ylesi bir ayr\u0131\u015fma ikiye b\u00f6l\u00fcnmeyle bile s\u0131n\u0131rl\u0131 kalamayacak, T\u00fcrkl\u00fck kendi vatan\u0131nda etnik kimlik seviyesine indirilmeye \u00e7al\u0131\u015f\u0131lacak. PKK\u2019n\u0131n bile ba\u015faramad\u0131\u011f\u0131 ayr\u0131\u015fmaya neden olacakt\u0131r. Bin y\u0131lda yo\u011frulmu\u015f milli kimlik geri d\u00f6n\u00fc\u015f g\u00f6sterecek, ya\u015fanacak sosyolojik k\u0131r\u0131lman\u0131n telafisi asla m\u00fcmk\u00fcn olmayacakt\u0131r\u201d ifadesini kulland\u0131.<\/p>\n<p style=\"text-align: justify;\"><strong><em>Bocalamaya ba\u015flad\u0131lar<\/em><\/strong><\/p>\n<p style=\"text-align: justify;\">Bah\u00e7eli, H\u00fck\u00fcmet\u2019in ortaya att\u0131\u011f\u0131 a\u00e7\u0131l\u0131ma kamuoyu deste\u011fi sa\u011flamak ad\u0131na baz\u0131 psikolojik arg\u00fcmanlar kullanmaya ba\u015flad\u0131\u011f\u0131n\u0131 da ileri s\u00fcrerek, \u201cY\u0131k\u0131m\u0131n akt\u00f6rleri bocalama ge\u00e7irmi\u015ftir. S\u00fcreci anlatmada zorluklar ya\u015famaya ba\u015flam\u0131\u015flard\u0131r. Bu a\u015famada a\u00e7\u0131lmaya \u00e7al\u0131\u015f\u0131lan y\u0131k\u0131m paketinin kapal\u0131 kalmas\u0131, i\u015flerin planland\u0131\u011f\u0131 gibi gitmedi\u011finin bir i\u015fareti olmu\u015ftur. Bu s\u00fcre\u00e7te direnenler, direnme ihtimali olanlar hakk\u0131nda a\u011f\u0131r su\u00e7lamalarda bulunulmu\u015f, partimizin ve partililerimizin kanla beslendi\u011fi, ter\u00f6rden nemaland\u0131\u011f\u0131, \u015fehit istismar\u0131 yapt\u0131\u011f\u0131 gibi al\u00e7ak\u00e7a ithamlar ba\u015flatm\u0131\u015flard\u0131r\u201d dedi.<\/p>\n<p style=\"text-align: justify;\"><span style=\"color: #888888;\">Haber Kayna\u011f\u0131 : <a href=\"http:\/\/www.yenicaggazetesi.com.tr\/haberdetay.php?hit=24843\" target=\"_blank\">yenicaggazetesi.com.tr<\/a><\/span><\/p>\n","protected":false},"excerpt":{"rendered":"<p style=\"text-align: center;\">\n<p style=\"text-align: justify;\">MHP Genel Ba\u015fkan\u0131 Devlet Bah\u00e7eli, AKP iktidar\u0131n\u0131n \u2018a\u00e7\u0131l\u0131m\u2019 ad\u0131 alt\u0131nda y\u00fcr\u00fctt\u00fc\u011f\u00fc icraat\u0131n anayasal su\u00e7 oldu\u011funu vurgulad\u0131. \u00d6nemsizmi\u015f gibi g\u00f6sterilerek at\u0131lmak istenen ad\u0131mlar\u0131n, \u00e7ok b\u00fcy\u00fck siyasal, sosyal sorunlar do\u011furaca\u011f\u0131na i\u015faret eden Bah\u00e7eli, \u201cBu s\u00fcre\u00e7, T\u00fcrk milleti\u2019ni b\u00f6l\u00fcnmeye s\u00fcr\u00fckleyecek\u201d dedi. <\/p>\n","protected":false},"author":1,"featured_media":0,"comment_status":"open","ping_status":"closed","sticky":false,"template":"","format":"standard","meta":{"footnotes":""},"categories":[105],"tags":[],"class_list":["post-15896","post","type-post","status-publish","format-standard","hentry","category-gundem","odd"],"_links":{"self":[{"href":"http:\/\/www.korhanyilmaz.com\/index.php?rest_route=\/wp\/v2\/posts\/15896","targetHints":{"allow":["GET"]}}],"collection":[{"href":"http:\/\/www.korhanyilmaz.com\/index.php?rest_route=\/wp\/v2\/posts"}],"about":[{"href":"http:\/\/www.korhanyilmaz.com\/index.php?rest_route=\/wp\/v2\/types\/post"}],"author":[{"embeddable":true,"href":"http:\/\/www.korhanyilmaz.com\/index.php?rest_route=\/wp\/v2\/users\/1"}],"replies":[{"embeddable":true,"href":"http:\/\/www.korhanyilmaz.com\/index.php?rest_route=%2Fwp%2Fv2%2Fcomments&post=15896"}],"version-history":[{"count":0,"href":"http:\/\/www.korhanyilmaz.com\/index.php?rest_route=\/wp\/v2\/posts\/15896\/revisions"}],"wp:attachment":[{"href":"http:\/\/www.korhanyilmaz.com\/index.php?rest_route=%2Fwp%2Fv2%2Fmedia&parent=15896"}],"wp:term":[{"taxonomy":"category","embeddable":true,"href":"http:\/\/www.korhanyilmaz.com\/index.php?rest_route=%2Fwp%2Fv2%2Fcategories&post=15896"},{"taxonomy":"post_tag","embeddable":true,"href":"http:\/\/www.korhanyilmaz.com\/index.php?rest_route=%2Fwp%2Fv2%2Ftags&post=15896"}],"curies":[{"name":"wp","href":"https:\/\/api.w.org\/{rel}","templated":true}]}}