{"id":158939,"date":"2025-05-29T19:12:17","date_gmt":"2025-05-29T16:12:17","guid":{"rendered":"http:\/\/www.korhanyilmaz.com\/?p=158939"},"modified":"2025-05-30T23:59:33","modified_gmt":"2025-05-30T20:59:33","slug":"ahmet-ozer-davasinda-mahkeme-kayyimin-iptal-edilmesi-icin-aymye-basvurdu","status":"publish","type":"post","link":"http:\/\/www.korhanyilmaz.com\/?p=158939","title":{"rendered":"Ahmet \u00d6zer davas\u0131nda mahkeme, kayy\u0131m\u0131n iptal edilmesi i\u00e7in AYM&#8217;ye ba\u015fvurdu"},"content":{"rendered":"<p><a href=\"http:\/\/www.korhanyilmaz.com\/wp-content\/uploads\/2025\/05\/103127.jpg\"  class=\"lightview\"><img loading=\"lazy\" decoding=\"async\" class=\"aligncenter wp-image-158940\" src=\"http:\/\/www.korhanyilmaz.com\/wp-content\/uploads\/2025\/05\/103127.jpg\" alt=\"\" width=\"550\" height=\"275\" \/><\/a><\/p>\n<p style=\"text-align: justify;\">\u0130dare Mahkemesi, tutuklu Esenyurt Belediye Ba\u015fkan\u0131 Ahmet \u00d6zer&#8217;in yerine atanan kayy\u0131m\u0131n iptali i\u00e7in Anayasa Mahkemesi&#8217;ne ba\u015fvuruda bulundu.<br \/>\nK\u0131sa Dalga &#8211; 30 Ekim 2024&#8217;te &#8216;Kent Uzla\u015f\u0131s\u0131&#8217; soru\u015fturmas\u0131nda tutuklanan ve yerine kayy\u0131m atanan Esenyurt Belediye Ba\u015fkan\u0131 Ahmet \u00d6zer hakk\u0131nda \u0130stanbul \u0130dare Mahkemesi dikkat \u00e7eken bir karara imza att\u0131.<\/p>\n<p style=\"text-align: justify;\"><span style=\"color: #000000; background-color: #ffcc99;\"><a style=\"color: #000000; background-color: #ffcc99;\" href=\"https:\/\/t24.com.tr\/haber\/idare-mahkemesi-gorevden-uzaklastirilan-esenyurt-belediye-baskani-ahmet-ozer-in-dosyasinda-kritik-karara-imza-atti-kayyim-duzenlemesi-icin-aym-ye-iptal-basvurusu-,1242064\" target=\"_blank\" rel=\"noopener\">T24&#8217;ten Sibel Y\u00fckler&#8217;in haberine g\u00f6re<\/a> <\/span>mahkeme; OHAL d\u00f6neminde Belediye Kanunu\u2019na eklenen ve ter\u00f6r su\u00e7lar\u0131ndan hakk\u0131nda soru\u015fturma a\u00e7\u0131lan belediye ba\u015fkanlar\u0131n\u0131n yerine kayy\u0131m atanmas\u0131na olanak sa\u011flayan d\u00fczenlemenin anayasaya ayk\u0131r\u0131 oldu\u011fu gerek\u00e7esiyle, iptali istemiyle Anayasa Mahkemesi\u2019ne ba\u015fvurdu.<!--more--><\/p>\n<p style=\"text-align: justify;\">Kararda, \u00d6zer\u2019in a\u00e7t\u0131\u011f\u0131 davan\u0131n AYM\u2019nin ba\u015fvuruyla ilgili karar\u0131 verdi\u011fi tarihe kadar bekletilmesine, 5 ay i\u00e7inde karar \u00e7\u0131kmamas\u0131 durumunda mevcut kanun h\u00fck\u00fcmleri \u00e7er\u00e7evesinde sonu\u00e7land\u0131r\u0131lmas\u0131na da h\u00fckmetti.<\/p>\n<p style=\"text-align: justify;\"><strong>Kayy\u0131m uygulamas\u0131 son bulabilir<\/strong><\/p>\n<p style=\"text-align: justify;\">AYM\u2019nin d\u00fczenlemeyi iptal etmesi halinde, yeni bir d\u00fczenleme yap\u0131lmazsa &#8220;ter\u00f6r&#8221; su\u00e7undan soru\u015fturma ge\u00e7iren ya da h\u00fck\u00fcm giyen belediye ba\u015fkanlar\u0131n\u0131n yerine kayy\u0131m atama uygulamas\u0131 son bulabilecek.<\/p>\n<p><span style=\"color: #808080;\">Kaynak : <a href=\"https:\/\/kisadalga.net\/haber\/gundem\/ahmet-ozer-davasinda-mahkeme-kayyimin-iptal-edilmesi-icin-aymye-basvurdu-127217\" target=\"_blank\" rel=\"noopener\">kisadalga.net<\/a><\/span><\/p>\n","protected":false},"excerpt":{"rendered":"<\/p>\n<p style=\"text-align: justify;\">\u0130dare Mahkemesi, tutuklu Esenyurt Belediye Ba\u015fkan\u0131 Ahmet \u00d6zer&#8217;in yerine atanan kayy\u0131m\u0131n iptali i\u00e7in Anayasa Mahkemesi&#8217;ne ba\u015fvuruda bulundu. K\u0131sa Dalga &#8211; 30 Ekim 2024&#8217;te &#8216;Kent Uzla\u015f\u0131s\u0131&#8217; soru\u015fturmas\u0131nda tutuklanan ve yerine kayy\u0131m atanan Esenyurt Belediye Ba\u015fkan\u0131 Ahmet \u00d6zer hakk\u0131nda \u0130stanbul \u0130dare Mahkemesi dikkat \u00e7eken bir karara imza att\u0131.<\/p>\n<p style=\"text-align: justify;\">T24&#8217;ten Sibel Y\u00fckler&#8217;in haberine <\/p>\n","protected":false},"author":1,"featured_media":0,"comment_status":"open","ping_status":"open","sticky":false,"template":"","format":"standard","meta":{"footnotes":""},"categories":[105],"tags":[7299,3155,7374,7371,7376,7372,7373,3246,2745,7375],"class_list":["post-158939","post","type-post","status-publish","format-standard","hentry","category-gundem","tag-ahmet-ozer","tag-anayasa-mahkemesi-aym","tag-belediye-kanunu","tag-esenyurt","tag-kayyim-uygulamasi","tag-kayyimin-iptali","tag-kent-uzlasisi-sorusturmasi","tag-ohal","tag-sorusturma","tag-teror-suclari","odd"],"_links":{"self":[{"href":"http:\/\/www.korhanyilmaz.com\/index.php?rest_route=\/wp\/v2\/posts\/158939","targetHints":{"allow":["GET"]}}],"collection":[{"href":"http:\/\/www.korhanyilmaz.com\/index.php?rest_route=\/wp\/v2\/posts"}],"about":[{"href":"http:\/\/www.korhanyilmaz.com\/index.php?rest_route=\/wp\/v2\/types\/post"}],"author":[{"embeddable":true,"href":"http:\/\/www.korhanyilmaz.com\/index.php?rest_route=\/wp\/v2\/users\/1"}],"replies":[{"embeddable":true,"href":"http:\/\/www.korhanyilmaz.com\/index.php?rest_route=%2Fwp%2Fv2%2Fcomments&post=158939"}],"version-history":[{"count":0,"href":"http:\/\/www.korhanyilmaz.com\/index.php?rest_route=\/wp\/v2\/posts\/158939\/revisions"}],"wp:attachment":[{"href":"http:\/\/www.korhanyilmaz.com\/index.php?rest_route=%2Fwp%2Fv2%2Fmedia&parent=158939"}],"wp:term":[{"taxonomy":"category","embeddable":true,"href":"http:\/\/www.korhanyilmaz.com\/index.php?rest_route=%2Fwp%2Fv2%2Fcategories&post=158939"},{"taxonomy":"post_tag","embeddable":true,"href":"http:\/\/www.korhanyilmaz.com\/index.php?rest_route=%2Fwp%2Fv2%2Ftags&post=158939"}],"curies":[{"name":"wp","href":"https:\/\/api.w.org\/{rel}","templated":true}]}}