{"id":15892,"date":"2009-10-19T00:09:03","date_gmt":"2009-10-18T21:09:03","guid":{"rendered":"http:\/\/www.korhanyilmaz.com\/?p=15892"},"modified":"2009-10-19T00:09:03","modified_gmt":"2009-10-18T21:09:03","slug":"duz-ova-tiyatrosu","status":"publish","type":"post","link":"http:\/\/www.korhanyilmaz.com\/?p=15892","title":{"rendered":"D\u00fcz ova tiyatrosu"},"content":{"rendered":"<p style=\"text-align: center;\"><a href=\"http:\/\/www.korhanyilmaz.com\/wp-content\/uploads\/2009\/10\/tiyatro.jpg\"  class=\"lightview\"><img loading=\"lazy\" decoding=\"async\" class=\"aligncenter size-full wp-image-15893\" src=\"http:\/\/www.korhanyilmaz.com\/wp-content\/uploads\/2009\/10\/tiyatro.jpg\" alt=\"\" width=\"450\" height=\"225\" \/><\/a><\/p>\n<p style=\"text-align: justify;\">AKP\u2019nin ba\u015flatt\u0131\u011f\u0131, \u00d6calan\u2019\u0131n da sahiplendi\u011fi s\u00f6zde K\u00fcrt a\u00e7\u0131l\u0131m\u0131 tiyatroya d\u00f6n\u00fc\u015ft\u00fc. Y\u0131llarca Mehmetci\u011fe kur\u015fun s\u0131k\u0131p, \u00e7ocuk ya\u015fl\u0131 demeden katliam yapan b\u00f6l\u00fcc\u00fc \u00f6rg\u00fct \u00fcyeleri \u2018a\u00e7\u0131l\u0131m\u0131n \u00f6n\u00fcn\u00fc a\u00e7mak\u2019 i\u00e7in Habur s\u0131n\u0131r kap\u0131s\u0131nda teslim olacak.<\/p>\n<p style=\"text-align: justify;\"><strong><em>Bar\u0131\u015f grubuymu\u015f!<\/em><\/strong><\/p>\n<p style=\"text-align: justify;\">TESL\u0130M g\u00f6sterisinde rol alacak 100 ki\u015filik \u00fc\u00e7 PKK\u2019l\u0131 gruptan ikisi bug\u00fcn  T\u00fcrkiye\u2019ye giri\u015f yapacak. Mahmur ve Kandil\u2019den gelecek gruplar\u0131, DTP Genel Ba\u015fkan\u0131 Ahmet T\u00fcrk ve baz\u0131 s\u00f6zde ayd\u0131nlar\u0131n oldu\u011fu kalabal\u0131k bir grup kar\u015f\u0131layacak. <!--more--><\/p>\n<p style=\"text-align: justify;\"><strong><em>\u2018Da\u011fdan ini\u015f\u2019 tiyatrosu!<\/em><\/strong><\/p>\n<p style=\"text-align: justify;\">Bir grup ter\u00f6rist bug\u00fcn bebek katili Abdullah \u00d6calan\u2019\u0131n talimat\u0131yla s\u00f6zde K\u00fcrt a\u00e7\u0131l\u0131m\u0131n\u0131n \u00f6n\u00fcn\u00fc a\u00e7mak i\u00e7in Habur s\u0131n\u0131r kap\u0131s\u0131nda g\u00fcvenlik g\u00fc\u00e7lerine teslim olacak.<\/p>\n<p style=\"text-align: justify;\">AKP\u2019nin ba\u015flatt\u0131\u011f\u0131, bebek katili \u00d6calan\u2019\u0131n da d\u00f6rt elle sar\u0131ld\u0131\u011f\u0131 s\u00f6zde K\u00fcrt a\u00e7\u0131l\u0131m\u0131 tart\u0131\u015fmalar\u0131 tiyatroya d\u00f6n\u00fc\u015ft\u00fc. Y\u0131llarca Mehmetci\u011fe kur\u015fun s\u0131kan, \u00e7ocuk ya\u015fl\u0131 demeden katliamlara giri\u015fen bir grup b\u00f6l\u00fcc\u00fc \u00f6rg\u00fct \u00fcyesi, bug\u00fcn bebek katili \u00d6calan\u2019\u0131n talimat\u0131yla s\u00f6zde K\u00fcrt a\u00e7\u0131l\u0131m\u0131n\u0131n \u00f6n\u00fcn\u00fc a\u00e7mak i\u00e7in Habur s\u0131n\u0131r kap\u0131s\u0131nda teslim olacak. PKK eleba\u015f\u0131 Abdullah \u00d6calan\u2019\u0131n \u00f6nerisiyle T\u00fcrkiye\u2019ye gelerek teslim olacak 100 ki\u015filik \u00fc\u00e7 PKK\u2019l\u0131 gruptan ikisi bug\u00fcn  Silopi\u2019den giri\u015f yapacak. Mahmur ve Kandil\u2019den gelecek gruplar\u0131, aralar\u0131nda DTP Genel Ba\u015fkan\u0131 Ahmet T\u00fcrk ve baz\u0131 s\u00f6zde ayd\u0131nlar\u0131n oldu\u011fu kalabal\u0131k bir grup kar\u015f\u0131layacak.<\/p>\n<p style=\"text-align: justify;\"><strong><em>Bar\u0131\u015f grubuymu\u015f!<\/em><\/strong><\/p>\n<p style=\"text-align: justify;\">DTP\u2019nin \u015e\u0131rnak b\u00f6lgesindeki \u00f6rg\u00fctleri bildiriler da\u011f\u0131t\u0131larak, partililerin bug\u00fcn yap\u0131lacak kar\u015f\u0131lamaya kat\u0131lmas\u0131n\u0131 istedi. \u2019Bar\u0131\u015fa \u00e7a\u011fr\u0131\u2019ba\u015fl\u0131kl\u0131 bildirilerde, \u015f\u00f6yle denildi: \u201cDemokratik ve onurlu bar\u0131\u015f\u0131n \u00f6n\u00fcn\u00fcn a\u00e7\u0131lmas\u0131 ve tarihi bir misyon ile bar\u0131\u015f s\u00fcrecinin \u00f6n\u00fcne a\u00e7mak i\u00e7in \u00fclkeye Silopi\u2019den giri\u015f yapacak olan bar\u0131\u015f gruplar\u0131n\u0131 kar\u015f\u0131lamak, halk\u0131m\u0131z\u0131n t\u00fcm duyarl\u0131l\u0131\u011f\u0131 ile seferber olmas\u0131n\u0131 ve bu tarihi g\u00fcnde demokratik, \u00f6zg\u00fcr ve kal\u0131c\u0131 bir bar\u0131\u015f\u0131n sa\u011flanmas\u0131 i\u00e7in gelen bar\u0131\u015f gruplar\u0131 ile taleplerini ortakla\u015ft\u0131rmak, T\u00fcrkiye ve D\u00fcnya kamuoyuna duyarmak i\u00e7in halk\u0131m\u0131z\u0131 bar\u0131\u015f guruplar\u0131n\u0131 kar\u015f\u0131lamaya davet ediyoruz.\u201d<\/p>\n<p style=\"text-align: justify;\"><strong><em>Seyyar tuvaletler yap\u0131ld\u0131<\/em><\/strong><\/p>\n<p style=\"text-align: justify;\">Habur S\u0131n\u0131r Kap\u0131s\u0131\u2019ndan T\u00fcrkiye\u2019ye giri\u015f yapacak san\u0131lan PKK\u2019l\u0131 grubun kar\u015f\u0131lanmas\u0131 i\u00e7in DTP\u2019nin d\u00fcn s\u0131n\u0131rda baz\u0131 haz\u0131rl\u0131klar yapt\u0131. S\u0131n\u0131r kap\u0131s\u0131na 1 kilometre uzakl\u0131ktaki TIR park\u0131n\u0131n yan\u0131ndaki alanda i\u015f makineleriyle zemin d\u00fczeltilmesi yap\u0131ld\u0131 ve \u00e7ad\u0131rlar kuruldu. Kar\u015f\u0131lamaya gelecek DTP\u2019liler i\u00e7in buraya seyyar tuvaletler kuruldu.  DTP Parti Meclisi \u00fcyesi Muhsin Konur, telslim g\u00fcn\u00fcn\u00fc  \u2019tarihi bir g\u00fcn\u2019olarak nitelendirirken bu gruplar\u0131n geli\u015fini \u2019tarihi bir f\u0131rsat\u2019olarak de\u011ferlendirdi.<\/p>\n<p style=\"text-align: justify;\"><strong><em>\u2019100 bin ki\u015fi kar\u015f\u0131layacak\u2019<\/em><\/strong><\/p>\n<p style=\"text-align: justify;\">Konur, \u201cDTP olarak y\u0131llard\u0131r bar\u0131\u015f\u0131n sa\u011flanmas\u0131 K\u00fcrt sorununun demokratik ve bar\u0131\u015f\u00e7\u0131l \u00e7\u00f6z\u00fcm\u00fc i\u00e7in \u00e7al\u0131\u015f\u0131yoruz. Yar\u0131n y\u0131llard\u0131r da\u011flarda m\u00fccadele veren insanlar bu sorunun \u00e7\u00f6z\u00fcm\u00fc i\u00e7in \u00fclkelerine d\u00f6n\u00fcyor. Biz Silopililer olarak yakla\u015f\u0131k 100 bin ki\u015fi ile bunlar\u0131 kar\u015f\u0131lamaya haz\u0131rlan\u0131yoruz. T\u00fcrkiye halklar\u0131n\u0131n art\u0131k bu sorunun \u00e7\u00f6z\u00fcm\u00fc i\u00e7in bar\u0131\u015f \u00e7abalar\u0131n\u0131 anlamalar\u0131n\u0131 istiyoruz. Bar\u0131\u015f, demokrasi istiyoruz. T\u00fcrkiye bu sorununu \u00e7\u00f6zd\u00fckten sonra hi\u00e7 kimseye ihtiyac\u0131 yoktur. T\u00fcrkiye zengin bir \u00fclkedir\u201d ifadelerini kulland\u0131.<\/p>\n<p style=\"text-align: justify;\"><strong><em>Meclis\u2019e gideceklermi\u015f!..<\/em><\/strong><\/p>\n<p style=\"text-align: justify;\">PKK yuvas\u0131 Mahmur\u2019da \u00f6nceki g\u00fcn bir toplant\u0131 yap\u0131ld\u0131. ANF\u2019nin haberine g\u00f6re toplant\u0131da T\u00fcrkiye\u2019ye kimlerin teslim olaca\u011f\u0131 belirlendi. B\u00f6l\u00fcc\u00fcler, 9 kad\u0131n, 4 \u00e7ocuk ve 13 erkek olmak \u00fczere 26 ki\u015filik grubu teslim etmeyi kararla\u015ft\u0131rd\u0131. Mahmur\u2019dan gelecek grubun, Ankara\u2019ya giderek Meclis\u2019le g\u00f6r\u00fc\u015fmek istedi\u011fi ifade edildi!..<\/p>\n<p style=\"text-align: justify;\"><strong><em>PKK\u2019y\u0131 muhatap yapmaya \u00e7al\u0131\u015f\u0131yorlar<\/em><\/strong><\/p>\n<p style=\"text-align: justify;\">Muhalefet, PKK\u2019l\u0131 ter\u00f6ristlerin teslim olmas\u0131n\u0131 b\u00f6lme plan\u0131n\u0131n bir par\u00e7as\u0131 olarak de\u011ferlendiriyor.<\/p>\n<p style=\"text-align: justify;\">Cumhurba\u015fkan\u0131 Abdullah G\u00fcl\u2019\u00fcn de \u201cG\u00fczel bir geli\u015fme\u201d diye de\u011ferlendirdi\u011fi bu giri\u015fime muhalefet sert tepki g\u00f6sterdi. CHP Mersin Milletvekili \u0130sa G\u00f6k, PKK\u2019l\u0131lar\u0131n \u2019Da\u011fdan inecek bar\u0131\u015f gruplar\u0131\u2019\u015feklinde sunulmas\u0131n\u0131n ter\u00f6ristler \u2019ba\u011f\u0131ms\u0131zl\u0131k sava\u015f\u00e7\u0131s\u0131\u2019olarak izlenim yarat\u0131lmas\u0131n\u0131n bir a\u015famas\u0131 oldu\u011funu s\u00f6yledi. \u201cTer\u00f6r sald\u0131r\u0131lar\u0131n\u0131 hakl\u0131 bir ba\u011f\u0131ms\u0131zl\u0131k sava\u015f\u0131ym\u0131\u015f gibi bir izlenim yarat\u0131lmaya \u00e7al\u0131\u015f\u0131l\u0131yor. PKK\u2019y\u0131 \u00f6zg\u00fcrl\u00fck sava\u015f\u00e7\u0131s\u0131 gibi g\u00f6stermeye \u00e7al\u0131\u015f\u0131yorlar. Ve nihayetinde bu pis politika PKK\u2019y\u0131 T\u00fcrkiye Cumhuriyeti Devleti ile muhatap yapmaya \u00e7al\u0131\u015f\u0131yorlar.\u201d diyen G\u00f6k, AKP h\u00fck\u00fcmetinin T\u00fcrkiye aya\u011f\u0131n\u0131 y\u00fcr\u00fctt\u00fc\u011f\u00fc ve T\u00fcrkiye\u2019yi b\u00f6lmeye y\u00f6nelik plan\u0131n bir par\u00e7as\u0131n\u0131n da da\u011fdan inecek gruplar oldu\u011funu s\u00f6yledi. G\u00f6k \u015funlar\u0131 kaydetti: \u201cCHP\u2019nin \u00e7ok net bir karar\u0131 vard\u0131r. Silah b\u0131rakmadan, bir daha da silaha sar\u0131l\u0131nmayaca\u011f\u0131 konusunda teminat ve eylemsel kararl\u0131l\u0131k g\u00f6sterilmeden af, kanun de\u011fi\u015fikli\u011fi gibi \u015feyler olmaz. B\u00fct\u00fcn yap\u0131lanlar devletten \u00f6d\u00fcn kopartma politikas\u0131d\u0131r.AKP giderayak T\u00fcrkiye\u2019nin gelece\u011fi, s\u0131n\u0131rlar\u0131m\u0131z\u0131n gelece\u011fi, devletin b\u00fct\u00fcnl\u00fc\u011f\u00fcn\u00fcn gelece\u011fini riske ve tehlikeye atarak \u00e7ok b\u00fcy\u00fck ve tehlikeli planlara ta\u015feronluk etmektedir.\u201d<\/p>\n<p style=\"text-align: justify;\"><strong><em>Ter\u00f6re bula\u015fmayan\u0131n da\u011fda ne i\u015fi var?<\/em><\/strong><\/p>\n<p style=\"text-align: justify;\">MHP Bursa Milletvekili Hamza Hamit Homri\u015f ise, ter\u00f6r \u00f6rg\u00fct\u00fc ba\u015f\u0131 Abdullah \u00d6calan\u2019\u0131n talimat\u0131yla PKK\u2019l\u0131 gruplar\u0131n da\u011fdan indi\u011fini hat\u0131rlatarak, \u201cBu olay\u0131n iki y\u00f6n\u00fc var. Birinci \u0130mral\u0131 canisi \u00d6calan kendini devletle muhatap yapm\u0131\u015f oldu. Di\u011fer taraftan ise ter\u00f6re bula\u015fm\u0131\u015f bula\u015fmam\u0131\u015f deniyor nereden bilinecek \u00fczerlerinde yafta m\u0131 var\u201d dedi. Homri\u015f, ya\u015fananlar\u0131n b\u00fcy\u00fck bir oyun oldu\u011funu belirterek, \u201cMemlekette \u2019A\u00e7\u0131l\u0131m\u2019projesi ad\u0131 alt\u0131nda bir y\u0131k\u0131m projesini AKP h\u00fck\u00fcmeti y\u00fcr\u00fctmeye \u00e7al\u0131\u015f\u0131yor. Bu a\u015famada da \u0130mral\u0131 canisi kendi \u00f6rg\u00fct\u00fcne emirler vererek T\u00fcrkiye\u2019nin muhatab\u0131 durumuna getirmek istiyor kendini. Ter\u00f6rist ba\u015f\u0131 devletle pazarl\u0131k ediyor. \u2019Kak\u0131n g\u00fcc\u00fcm\u00fc g\u00f6r\u00fcyorsunuz\u2019diyor.Ter\u00f6re bula\u015fmayan insan\u0131n da\u011fda ne i\u015fi var? bunlar tamamen bir oyundur. AKP\u2019nin tezgahlad\u0131\u011f\u0131 bir oyundur. Bunlar da bu oyunun bir par\u00e7as\u0131d\u0131r.\u201d \u015feklinde konu\u015ftu.<\/p>\n<p style=\"text-align: justify;\"><span style=\"color: #888888;\">Haber Kayna\u011f\u0131 : \u00d6nsel \u00dcnal &#8211; <a href=\"http:\/\/www.yenicaggazetesi.com.tr\/haberdetay.php?hit=24847\" target=\"_blank\">yenicaggazetesi.com.tr<\/a><\/span><\/p>\n","protected":false},"excerpt":{"rendered":"<p style=\"text-align: center;\">\n<p style=\"text-align: justify;\">AKP\u2019nin ba\u015flatt\u0131\u011f\u0131, \u00d6calan\u2019\u0131n da sahiplendi\u011fi s\u00f6zde K\u00fcrt a\u00e7\u0131l\u0131m\u0131 tiyatroya d\u00f6n\u00fc\u015ft\u00fc. Y\u0131llarca Mehmetci\u011fe kur\u015fun s\u0131k\u0131p, \u00e7ocuk ya\u015fl\u0131 demeden katliam yapan b\u00f6l\u00fcc\u00fc \u00f6rg\u00fct \u00fcyeleri \u2018a\u00e7\u0131l\u0131m\u0131n \u00f6n\u00fcn\u00fc a\u00e7mak\u2019 i\u00e7in Habur s\u0131n\u0131r kap\u0131s\u0131nda teslim olacak.<\/p>\n<p style=\"text-align: justify;\">Bar\u0131\u015f grubuymu\u015f!<\/p>\n<p style=\"text-align: justify;\">TESL\u0130M g\u00f6sterisinde rol alacak 100 ki\u015filik \u00fc\u00e7 PKK\u2019l\u0131 gruptan ikisi bug\u00fcn T\u00fcrkiye\u2019ye giri\u015f <\/p>\n","protected":false},"author":1,"featured_media":0,"comment_status":"open","ping_status":"closed","sticky":false,"template":"","format":"standard","meta":{"footnotes":""},"categories":[105],"tags":[],"class_list":["post-15892","post","type-post","status-publish","format-standard","hentry","category-gundem","odd"],"_links":{"self":[{"href":"http:\/\/www.korhanyilmaz.com\/index.php?rest_route=\/wp\/v2\/posts\/15892","targetHints":{"allow":["GET"]}}],"collection":[{"href":"http:\/\/www.korhanyilmaz.com\/index.php?rest_route=\/wp\/v2\/posts"}],"about":[{"href":"http:\/\/www.korhanyilmaz.com\/index.php?rest_route=\/wp\/v2\/types\/post"}],"author":[{"embeddable":true,"href":"http:\/\/www.korhanyilmaz.com\/index.php?rest_route=\/wp\/v2\/users\/1"}],"replies":[{"embeddable":true,"href":"http:\/\/www.korhanyilmaz.com\/index.php?rest_route=%2Fwp%2Fv2%2Fcomments&post=15892"}],"version-history":[{"count":0,"href":"http:\/\/www.korhanyilmaz.com\/index.php?rest_route=\/wp\/v2\/posts\/15892\/revisions"}],"wp:attachment":[{"href":"http:\/\/www.korhanyilmaz.com\/index.php?rest_route=%2Fwp%2Fv2%2Fmedia&parent=15892"}],"wp:term":[{"taxonomy":"category","embeddable":true,"href":"http:\/\/www.korhanyilmaz.com\/index.php?rest_route=%2Fwp%2Fv2%2Fcategories&post=15892"},{"taxonomy":"post_tag","embeddable":true,"href":"http:\/\/www.korhanyilmaz.com\/index.php?rest_route=%2Fwp%2Fv2%2Ftags&post=15892"}],"curies":[{"name":"wp","href":"https:\/\/api.w.org\/{rel}","templated":true}]}}