{"id":15887,"date":"2009-10-17T23:05:47","date_gmt":"2009-10-17T20:05:47","guid":{"rendered":"http:\/\/www.korhanyilmaz.com\/?p=15887"},"modified":"2009-10-17T23:05:47","modified_gmt":"2009-10-17T20:05:47","slug":"15887","status":"publish","type":"post","link":"http:\/\/www.korhanyilmaz.com\/?p=15887","title":{"rendered":"Aliyev&#8217;den orduya &#8216;haz\u0131r ol&#8217; emri"},"content":{"rendered":"<p style=\"text-align: center;\"><a href=\"http:\/\/www.korhanyilmaz.com\/wp-content\/uploads\/2009\/10\/aliyev.jpg\"  class=\"lightview\"><img loading=\"lazy\" decoding=\"async\" class=\"aligncenter size-full wp-image-15888\" src=\"http:\/\/www.korhanyilmaz.com\/wp-content\/uploads\/2009\/10\/aliyev.jpg\" alt=\"\" width=\"450\" height=\"225\" \/><\/a><\/p>\n<p style=\"text-align: justify;\">Azerbaycan Cumhurba\u015fkan\u0131, g\u00f6r\u00fc\u015fme masas\u0131nda topraklar\u0131n geri verilmemesi halinde sava\u015f\u0131 g\u00f6ze alacaklar\u0131n\u0131 s\u00f6yledi.<\/p>\n<p style=\"text-align: justify;\">T\u00fcrkiye &#8211; Ermenistan protokol\u00fcnden rahats\u0131z olan Azerbaycan, Karaba\u011f\u2019\u0131 i\u015fgal eden kom\u015fusuna sava\u015f\u0131 hat\u0131rlatt\u0131. Cumhurba\u015fkan\u0131 \u0130lham Aliyev, Ermenistan\u2019la s\u00fcrd\u00fcr\u00fclen g\u00f6r\u00fc\u015fmelerden sonu\u00e7 al\u0131namad\u0131\u011f\u0131n\u0131 s\u00f6yledi.<\/p>\n<p style=\"text-align: justify;\"><strong><em>Diplomatik \u00e7abalar sonu\u00e7 vermiyor<\/em><\/strong><\/p>\n<p style=\"text-align: justify;\">AL\u0130YEV, \u201cKaraba\u011f ihtilaf\u0131 \u00e7\u00f6z\u00fclm\u00fc\u015f de\u011fil. Bu soruna bar\u0131\u015f\u00e7\u0131l yoldan \u00e7\u00f6z\u00fcm bulunmas\u0131 i\u00e7in gerekli diplomatik \u00e7abay\u0131 g\u00f6steriyoruz. Azerbaycan\u2019\u0131n askeri g\u00fcc\u00fc 90\u2019l\u0131 y\u0131llarla mukayese edilemeyecek kadar farkl\u0131\u201d dedi. <!--more--><\/p>\n<p style=\"text-align: justify;\"><strong><em>Ermeniye bir kar\u0131\u015f toprak b\u0131rakmay\u0131z<\/em><\/strong><\/p>\n<p style=\"text-align: justify;\">GE\u00c7M\u0130\u015eE g\u00f6re \u00e7ok daha g\u00fc\u00e7l\u00fc orduya sahip olduklar\u0131n vurgulayan Aliyev, \u015fu uyar\u0131da bulundu: Uluslararas\u0131 hukuk \u00e7er\u00e7evesinde i\u015fgal alt\u0131ndaki topraklar\u0131m\u0131z\u0131n geri al\u0131namamas\u0131 durumunda sava\u015fmay\u0131 da g\u00f6ze alabiliriz.<\/p>\n<p style=\"text-align: justify;\"><strong><em>Aliyev\u2019den orduya \u2018sava\u015fa haz\u0131r ol\u2019 emri<\/em><\/strong><\/p>\n<p style=\"text-align: justify;\">T\u00fcrkiye ile Ermenistan aras\u0131nda imzalanan protokollerden rahats\u0131z olan Azerbaycan, Da\u011fl\u0131k Karaba\u011f b\u00f6lgesini i\u015fgal eden kom\u015fusuna sava\u015f imas\u0131nda bulundu. Cumhurba\u015fkan\u0131 \u0130lham Aliyev, resmi haber ajans\u0131 AzerTa\u00e7\u2019a yapt\u0131\u011f\u0131 a\u00e7\u0131klamada son d\u00f6nemde Ermenistan ile yap\u0131lan Karaba\u011f konusundaki g\u00f6r\u00fc\u015fmelerde istenen sonucun al\u0131namad\u0131\u011f\u0131n\u0131 vurgulad\u0131. A\u00e7\u0131klamay\u0131 Azerbaycan\u2019\u0131n Karaba\u011f gazilerinin ya\u015fad\u0131\u011f\u0131 Govsan k\u00f6y\u00fcnde askeri t\u00f6rende yapan Aliyev \u015f\u00f6yle konu\u015ftu: \u201cG\u00fcn\u00fcm\u00fczde Karaba\u011f ihtilaf\u0131 \u00e7\u00f6z\u00fclm\u00fc\u015f de\u011fil. Azerbaycan y\u00f6netimi bu soruna bar\u0131\u015f\u00e7\u0131l yoldan \u00e7\u00f6z\u00fcm bulunmas\u0131 i\u00e7in gerekli diplomatik \u00e7abay\u0131 g\u00f6steriyor. G\u00fcn\u00fcm\u00fczde Azerbaycan\u2019\u0131n ekonomisi ve askeri g\u00fcc\u00fc 90\u2019l\u0131 y\u0131llarla mukayese edilemeyecek kadar farkl\u0131. Bug\u00fcn \u00e7ok daha zengin bir \u00fclke ve \u00e7ok daha g\u00fc\u00e7l\u00fc bir ordumuz var. Uluslararas\u0131 hukuk \u00e7er\u00e7evesinde ve g\u00f6r\u00fc\u015fme masas\u0131nda topraklar\u0131m\u0131z\u0131n geri al\u0131namamas\u0131 durumunda ordumuz vatan topraklar\u0131n\u0131 kurtarmak i\u00e7in her an haz\u0131r olmal\u0131. Gerekirse bu yola da ba\u015fvurmay\u0131 g\u00f6ze alabiliriz.\u201d<\/p>\n<p style=\"text-align: justify;\"><strong><em>Ermeni fitnesi aram\u0131z\u0131 bozdu<\/em><\/strong><\/p>\n<p style=\"text-align: justify;\">Bursa\u2019da Azerbaycan bayra\u011f\u0131n\u0131n yasaklanmas\u0131 ve Ermeni s\u0131n\u0131r\u0131 a\u00e7ma haz\u0131rl\u0131klar\u0131na Bak\u00fc y\u00f6netiminin tepkisi sert oldu. Azerbaycan d\u00fcn uyar\u0131 niteli\u011finde iki \u00f6nemli ad\u0131ma imza att\u0131.<\/p>\n<p style=\"text-align: justify;\"><strong><em>Enerjide yeni g\u00fczergah<\/em><\/strong><\/p>\n<p style=\"text-align: justify;\">CUMHURBA\u015eKANI \u0130lham Aliyev, do\u011falgaz\u0131n Avrupa\u2019ya ta\u015f\u0131nmas\u0131nda T\u00fcrkiye ile uzla\u015fmaya varamad\u0131klar\u0131n\u0131, alternatif g\u00fczerg\u00e2h arad\u0131klar\u0131n\u0131 a\u00e7\u0131klad\u0131. Aliyev, \u201cYap\u0131lan \u00f6neri kabul edilemez\u201d dedi.<\/p>\n<p style=\"text-align: justify;\"><strong><em>Ermenistan fitnesi karde\u015flerin aras\u0131n\u0131 a\u00e7t\u0131<\/em><\/strong><\/p>\n<p style=\"text-align: justify;\">T\u00fcrkiye-Ermenistan ma\u00e7\u0131nda ya\u015fanan bayrak skandal\u0131 ve Z\u00fcrih\u2019te imzalanan protokollerle kendini ihanete u\u011fram\u0131\u015f hisseden Bak\u00fc y\u00f6netimi, Ankara\u2019ya kar\u015f\u0131 sert ad\u0131mlar at\u0131yor.<\/p>\n<p style=\"text-align: justify;\">Hazar do\u011falgaz\u0131n\u0131 Avrupa\u2019ya ula\u015ft\u0131rmada T\u00fcrkiye\u2019ye alternatif g\u00fczerg\u00e2h aramaya ba\u015flayan Bak\u00fc, \u00fclkedeki T\u00fcrk \u015eehitli\u011fi\u2019nde g\u00f6nderde bulunan 5 T\u00fcrk bayra\u011f\u0131n\u0131 da indirdi.<\/p>\n<p style=\"text-align: justify;\">Bursa\u2019da oynanan T\u00fcrkiye-Ermenistan milli ma\u00e7\u0131nda Azerbaycan bayra\u011f\u0131n\u0131n yasaklanmas\u0131 ve Ermeni s\u0131n\u0131r\u0131 a\u00e7ma haz\u0131rl\u0131klar\u0131na Bak\u00fc y\u00f6netiminin tepkisi sert oldu. AKP\u2019nin ABD ve AB dayatmas\u0131yla Ermenistan\u2019a kucak a\u00e7mas\u0131na k\u0131zan Bak\u00fc, d\u00fcn uyar\u0131 niteli\u011finde iki \u00f6nemli ad\u0131ma imza att\u0131. Azerbaycan Devlet Ba\u015fkan\u0131 \u0130lham Aliyev, do\u011falgaz\u0131n Avrupa pazarlar\u0131na ta\u015f\u0131nmas\u0131nda T\u00fcrkiye ile uzla\u015fmaya varamad\u0131klar\u0131n\u0131, bu nedenle alternatif g\u00fczerg\u00e2h aray\u0131\u015f\u0131na ba\u015flad\u0131klar\u0131n\u0131 a\u00e7\u0131klad\u0131.<\/p>\n<p style=\"text-align: justify;\"><strong><em>Art\u0131k olana\u011f\u0131m\u0131z t\u00fckendi<\/em><\/strong><\/p>\n<p style=\"text-align: justify;\">Aliyev, bakanlar kurulu toplant\u0131s\u0131nda yapt\u0131\u011f\u0131 konu\u015fmada, \u201cSon iki y\u0131lda T\u00fcrkiye ile g\u00f6r\u00fc\u015fmelerimizde bu konuyu \u00f6ne \u00e7\u0131karmamaya \u00f6zen g\u00f6sterdik, ama art\u0131k olanaklar\u0131m\u0131z t\u00fckendi. Bize yap\u0131lan \u00f6neri kesinlikle kabul edilemez. Bu durumda alternatif aramak zorunday\u0131z, \u00e7\u00fcnk\u00fc \u00e7evremizde enerji kaynaklar\u0131na ihtiya\u00e7 duyan \u00fclkeler var\u201d dedi.<\/p>\n<p style=\"text-align: justify;\"><strong><em>Mant\u0131\u011f\u0131m\u0131za s\u0131\u011fm\u0131yor<\/em><\/strong><\/p>\n<p style=\"text-align: justify;\">AB \u00fclkelerine gaz ihra\u00e7 edebilecek kayna\u011fa ve altyap\u0131ya sahip olduklar\u0131n\u0131 belirten \u0130lham Aliyev, \u201cAma T\u00fcrkiye\u2019nin tutumu bizi engelliyor. Uzun zamand\u0131r T\u00fcrkiye\u2019ye piyasan\u0131n y\u00fczde 30 alt\u0131nda bir fiyata gaz verdi\u011fimizi herkes biliyor. Hangi \u00fclke kaynaklar\u0131n\u0131 y\u00fczde 30 ucuza satmak ister ki? Bu hi\u00e7bir mant\u0131\u011fa s\u0131\u011fm\u0131yor\u201d diye konu\u015ftu. \u0130ngiliz Reuters ajans\u0131, Aliyev\u2019in a\u00e7\u0131klamas\u0131n\u0131 T\u00fcrk-Ermeni protokollerinin imzalanmas\u0131ndan sonra yap\u0131ld\u0131\u011f\u0131na dikkat \u00e7ekti.<\/p>\n<p style=\"text-align: justify;\"><strong><em>Bayrak resti!<\/em><\/strong><\/p>\n<p style=\"text-align: justify;\">Azerbaycan\u2019\u0131n ikinci ad\u0131m\u0131 ise Bak\u00fc\u2019de bulunan T\u00fcrk \u015eehitli\u011fi\u2019ndeki T\u00fcrk bayraklar\u0131n\u0131 kald\u0131rmak oldu. \u015eehitler H\u0131yab\u0131\u2019nda bulunan 5\u2019i T\u00fcrk, 5\u2019i Azeri 10 bayra\u011f\u0131n kald\u0131r\u0131lmas\u0131 ile ilgili resmi bir a\u00e7\u0131klama yap\u0131lmazken, T\u00fcrk B\u00fcy\u00fckel\u00e7ili\u011fi de bayraklar\u0131n kald\u0131r\u0131ld\u0131\u011f\u0131n\u0131 do\u011frulad\u0131. Konuyla ilgili a\u00e7\u0131klama yapmak istemeyen Azerbaycan D\u0131\u015fi\u015fleri Bakanl\u0131\u011f\u0131 S\u00f6zc\u00fcs\u00fc Elhan Plohov bayraklar\u0131n tamirat i\u015fleri nedeniyle kald\u0131r\u0131lm\u0131\u015f olabilece\u011fini ifade ederken, bayraklar\u0131n T\u00fcrkiye ile Ermenistan aras\u0131nda ili\u015fkileri normalle\u015ftirme amac\u0131yla imzalanan protokol\u00fcn ard\u0131ndan kald\u0131r\u0131lmas\u0131 dikkat \u00e7ekti.<\/p>\n<p style=\"text-align: justify;\"><span style=\"color: #888888;\">Haber Kayna\u011f\u0131 : Macit Soydan &#8211; <a href=\"http:\/\/www.yenicaggazetesi.com.tr\/haberdetay.php?hit=24838\" target=\"_blank\">yenicaggazetesi.com.tr<\/a><\/span><\/p>\n","protected":false},"excerpt":{"rendered":"<p style=\"text-align: center;\">\n<p style=\"text-align: justify;\">Azerbaycan Cumhurba\u015fkan\u0131, g\u00f6r\u00fc\u015fme masas\u0131nda topraklar\u0131n geri verilmemesi halinde sava\u015f\u0131 g\u00f6ze alacaklar\u0131n\u0131 s\u00f6yledi.<\/p>\n<p style=\"text-align: justify;\">T\u00fcrkiye &#8211; Ermenistan protokol\u00fcnden rahats\u0131z olan Azerbaycan, Karaba\u011f\u2019\u0131 i\u015fgal eden kom\u015fusuna sava\u015f\u0131 hat\u0131rlatt\u0131. Cumhurba\u015fkan\u0131 \u0130lham Aliyev, Ermenistan\u2019la s\u00fcrd\u00fcr\u00fclen g\u00f6r\u00fc\u015fmelerden sonu\u00e7 al\u0131namad\u0131\u011f\u0131n\u0131 s\u00f6yledi.<\/p>\n<p style=\"text-align: justify;\">Diplomatik \u00e7abalar sonu\u00e7 vermiyor<\/p>\n<p style=\"text-align: justify;\">AL\u0130YEV, \u201cKaraba\u011f ihtilaf\u0131 \u00e7\u00f6z\u00fclm\u00fc\u015f de\u011fil. Bu <\/p>\n","protected":false},"author":1,"featured_media":0,"comment_status":"open","ping_status":"closed","sticky":false,"template":"","format":"standard","meta":{"footnotes":""},"categories":[3],"tags":[],"class_list":["post-15887","post","type-post","status-publish","format-standard","hentry","category-dunya","odd"],"_links":{"self":[{"href":"http:\/\/www.korhanyilmaz.com\/index.php?rest_route=\/wp\/v2\/posts\/15887","targetHints":{"allow":["GET"]}}],"collection":[{"href":"http:\/\/www.korhanyilmaz.com\/index.php?rest_route=\/wp\/v2\/posts"}],"about":[{"href":"http:\/\/www.korhanyilmaz.com\/index.php?rest_route=\/wp\/v2\/types\/post"}],"author":[{"embeddable":true,"href":"http:\/\/www.korhanyilmaz.com\/index.php?rest_route=\/wp\/v2\/users\/1"}],"replies":[{"embeddable":true,"href":"http:\/\/www.korhanyilmaz.com\/index.php?rest_route=%2Fwp%2Fv2%2Fcomments&post=15887"}],"version-history":[{"count":0,"href":"http:\/\/www.korhanyilmaz.com\/index.php?rest_route=\/wp\/v2\/posts\/15887\/revisions"}],"wp:attachment":[{"href":"http:\/\/www.korhanyilmaz.com\/index.php?rest_route=%2Fwp%2Fv2%2Fmedia&parent=15887"}],"wp:term":[{"taxonomy":"category","embeddable":true,"href":"http:\/\/www.korhanyilmaz.com\/index.php?rest_route=%2Fwp%2Fv2%2Fcategories&post=15887"},{"taxonomy":"post_tag","embeddable":true,"href":"http:\/\/www.korhanyilmaz.com\/index.php?rest_route=%2Fwp%2Fv2%2Ftags&post=15887"}],"curies":[{"name":"wp","href":"https:\/\/api.w.org\/{rel}","templated":true}]}}