{"id":15884,"date":"2009-10-18T00:46:43","date_gmt":"2009-10-17T21:46:43","guid":{"rendered":"http:\/\/www.korhanyilmaz.com\/?p=15884"},"modified":"2009-10-18T00:46:43","modified_gmt":"2009-10-17T21:46:43","slug":"gul-ile-obama-telefonla-gorustu","status":"publish","type":"post","link":"http:\/\/www.korhanyilmaz.com\/?p=15884","title":{"rendered":"G\u00fcl ile Obama telefonla g\u00f6r\u00fc\u015ft\u00fc"},"content":{"rendered":"<p style=\"text-align: center;\"><a href=\"http:\/\/www.korhanyilmaz.com\/wp-content\/uploads\/2009\/10\/GUL1.jpg\"  class=\"lightview\"><img loading=\"lazy\" decoding=\"async\" class=\"aligncenter size-full wp-image-15885\" src=\"http:\/\/www.korhanyilmaz.com\/wp-content\/uploads\/2009\/10\/GUL1.jpg\" alt=\"\" width=\"230\" height=\"177\" \/><\/a><\/p>\n<p style=\"text-align: justify;\">Cumhurba\u015fkan\u0131 Abdullah G\u00fcl, ABD Ba\u015fkan\u0131 Barack Obama ile telefonla g\u00f6r\u00fc\u015ft\u00fc. \u0130ki lider, Ermenistan ile T\u00fcrkiye aras\u0131nda imzalanan tarihi protokol\u00fcn ard\u0131ndan gelinen s\u00fcreci ele ald\u0131.<\/p>\n<p style=\"text-align: justify;\">Beyaz Saray&#8217;dan yap\u0131lan a\u00e7\u0131klamada, g\u00f6r\u00fc\u015fmede ABD&#8217;nin &#8220;kilit m\u00fcttefiki T\u00fcrkiye ile y\u00fcr\u00fctt\u00fc\u011f\u00fc geni\u015f stratejik diyalo\u011fu yans\u0131tan bir dizi konunun ele al\u0131nd\u0131\u011f\u0131&#8221; belirtildi. <!--more--><\/p>\n<p style=\"text-align: justify;\">A\u00e7\u0131klamaya g\u00f6re, Obama ve G\u00fcl, g\u00f6r\u00fc\u015fmede T\u00fcrkiye ile Ermenistan aras\u0131ndaki ili\u015fkilerin normalle\u015ftirilmesi konusundaki tarihi ilerleme ve bu \u00f6nemli \u00e7abada ivmenin korunmas\u0131n\u0131n \u00f6nemi \u00fczerinde durdu.<\/p>\n<p style=\"text-align: justify;\">Afganistan&#8217;daki durumun g\u00f6zden ge\u00e7irildi\u011fi g\u00f6r\u00fc\u015fmede Obama, T\u00fcrkiye&#8217;nin Afganistan&#8217;a y\u00f6nelik katk\u0131lar\u0131na duydu\u011fu minnettarl\u0131\u011f\u0131n\u0131 dile getirirken, taraflar bu konuda birlikte \u00e7al\u0131\u015fmay\u0131 s\u00fcrd\u00fcrme y\u00f6n\u00fcnde g\u00f6r\u00fc\u015f birli\u011fine vard\u0131.<\/p>\n<p style=\"text-align: justify;\">G\u00f6r\u00fc\u015fmede liderler, K\u0131br\u0131s sorununun \u00e7\u00f6z\u00fcm\u00fc ve Bosna Hersek&#8217;in istikrar\u0131n\u0131n te\u015fvik edilmesine duyulan ihtiyac\u0131 da ele ald\u0131.<\/p>\n<p style=\"text-align: justify;\">A\u00e7\u0131klamada, G\u00fcl ve Obama&#8217;n\u0131n bu ve k\u00fcresel g\u00fcvenlik g\u00fcndemine dair di\u011fer \u00f6nemli konularda s\u00fcrekli isti\u015fare i\u00e7inde olman\u0131n \u00f6nemini dile getirdikleri belirtildi.<\/p>\n<p style=\"text-align: justify;\"><span style=\"color: #888888;\">CNN T\u00dcRK<\/span><\/p>\n","protected":false},"excerpt":{"rendered":"<p style=\"text-align: center;\">\n<p style=\"text-align: justify;\">Cumhurba\u015fkan\u0131 Abdullah G\u00fcl, ABD Ba\u015fkan\u0131 Barack Obama ile telefonla g\u00f6r\u00fc\u015ft\u00fc. \u0130ki lider, Ermenistan ile T\u00fcrkiye aras\u0131nda imzalanan tarihi protokol\u00fcn ard\u0131ndan gelinen s\u00fcreci ele ald\u0131.<\/p>\n<p style=\"text-align: justify;\">Beyaz Saray&#8217;dan yap\u0131lan a\u00e7\u0131klamada, g\u00f6r\u00fc\u015fmede ABD&#8217;nin &#8220;kilit m\u00fcttefiki T\u00fcrkiye ile y\u00fcr\u00fctt\u00fc\u011f\u00fc geni\u015f stratejik diyalo\u011fu yans\u0131tan bir dizi konunun ele al\u0131nd\u0131\u011f\u0131&#8221; belirtildi. <\/p>\n","protected":false},"author":1,"featured_media":0,"comment_status":"open","ping_status":"closed","sticky":false,"template":"","format":"standard","meta":{"footnotes":""},"categories":[3],"tags":[],"class_list":["post-15884","post","type-post","status-publish","format-standard","hentry","category-dunya","odd"],"_links":{"self":[{"href":"http:\/\/www.korhanyilmaz.com\/index.php?rest_route=\/wp\/v2\/posts\/15884","targetHints":{"allow":["GET"]}}],"collection":[{"href":"http:\/\/www.korhanyilmaz.com\/index.php?rest_route=\/wp\/v2\/posts"}],"about":[{"href":"http:\/\/www.korhanyilmaz.com\/index.php?rest_route=\/wp\/v2\/types\/post"}],"author":[{"embeddable":true,"href":"http:\/\/www.korhanyilmaz.com\/index.php?rest_route=\/wp\/v2\/users\/1"}],"replies":[{"embeddable":true,"href":"http:\/\/www.korhanyilmaz.com\/index.php?rest_route=%2Fwp%2Fv2%2Fcomments&post=15884"}],"version-history":[{"count":0,"href":"http:\/\/www.korhanyilmaz.com\/index.php?rest_route=\/wp\/v2\/posts\/15884\/revisions"}],"wp:attachment":[{"href":"http:\/\/www.korhanyilmaz.com\/index.php?rest_route=%2Fwp%2Fv2%2Fmedia&parent=15884"}],"wp:term":[{"taxonomy":"category","embeddable":true,"href":"http:\/\/www.korhanyilmaz.com\/index.php?rest_route=%2Fwp%2Fv2%2Fcategories&post=15884"},{"taxonomy":"post_tag","embeddable":true,"href":"http:\/\/www.korhanyilmaz.com\/index.php?rest_route=%2Fwp%2Fv2%2Ftags&post=15884"}],"curies":[{"name":"wp","href":"https:\/\/api.w.org\/{rel}","templated":true}]}}