{"id":15881,"date":"2009-10-18T13:03:49","date_gmt":"2009-10-18T10:03:49","guid":{"rendered":"http:\/\/www.korhanyilmaz.com\/?p=15881"},"modified":"2009-10-18T13:03:49","modified_gmt":"2009-10-18T10:03:49","slug":"verheugen-abnin-turkiyeye-ihtiyaci-var","status":"publish","type":"post","link":"http:\/\/www.korhanyilmaz.com\/?p=15881","title":{"rendered":"Verheugen: AB&#8217;nin T\u00fcrkiye&#8217;ye ihtiyac\u0131 var"},"content":{"rendered":"<p style=\"text-align: center;\">\n<div id=\"attachment_15882\" style=\"width: 279px\" class=\"wp-caption aligncenter\"><a href=\"http:\/\/www.korhanyilmaz.com\/wp-content\/uploads\/2009\/10\/ihtiyac.jpg\"  class=\"lightview\"><img loading=\"lazy\" decoding=\"async\" aria-describedby=\"caption-attachment-15882\" class=\"size-full wp-image-15882\" title=\"Avrupa Komisyonu Ba\u015fkan Yard\u0131mc\u0131s\u0131 G\u00fcnter Verheugen \" src=\"http:\/\/www.korhanyilmaz.com\/wp-content\/uploads\/2009\/10\/ihtiyac.jpg\" alt=\"Avrupa Komisyonu Ba\u015fkan Yard\u0131mc\u0131s\u0131 G\u00fcnter Verheugen \" width=\"269\" height=\"207\" \/><\/a><p id=\"caption-attachment-15882\" class=\"wp-caption-text\">Avrupa Komisyonu Ba\u015fkan Yard\u0131mc\u0131s\u0131 G\u00fcnter Verheugen <\/p><\/div>\n<p style=\"text-align: justify;\">Avrupa Komisyonu Ba\u015fkan Yard\u0131mc\u0131s\u0131 G\u00fcnter Verheugen &#8220;Avrupa Birli\u011fi&#8217;nin T\u00fcrkiye&#8217;ye, T\u00fcrkiye&#8217;nin AB&#8217;ye oldu\u011fundan daha \u00e7ok ihtiyac\u0131 var&#8221; dedi. Verheugen, T\u00fcrkiye&#8217;nin stratejik \u00f6nemine dikkat \u00e7ekti, T\u00fcrkiye&#8217;nin birli\u011fe \u00fcye olmas\u0131n\u0131n, Bat\u0131l\u0131 demokrasilerle M\u00fcsl\u00fcman d\u00fcnyas\u0131 aras\u0131nda ili\u015fkilerin sorunsuz ilerlemesine katk\u0131 sa\u011flayaca\u011f\u0131n\u0131 belirtti.<\/p>\n<p style=\"text-align: justify;\">Alman radyosu Deutschlandfunk&#8217;ta yar\u0131n yay\u0131nlanmak \u00fczere deme\u00e7 veren Verheugen, &#8220;Bizim T\u00fcrkiye&#8217;ye T\u00fcrkiye&#8217;nin AB&#8217;ye oldu\u011fundan daha \u00e7ok ihtiyac\u0131m\u0131z var&#8221; ifadesini kulland\u0131. <!--more--><\/p>\n<p style=\"text-align: justify;\">Yar\u0131n yay\u0131mlanmas\u0131 beklenen konu\u015fma metninde Verheugen, &#8220;T\u00fcrkiye&#8217;nin \u00e7ok b\u00fcy\u00fck stratejik \u00f6nemi var. Ben b\u00fct\u00fcn b\u00f6lgenin g\u00fcvenli\u011finden s\u00f6z ediyorum. T\u00fcrkiye&#8217;nin Bat\u0131l\u0131 devletler toplulu\u011funda sa\u011flam bir yer edinmek yerine ba\u015fka bir yol tutmas\u0131 halinde neler olaca\u011f\u0131n\u0131 d\u00fc\u015f\u00fcnmek gerek. Bu bizler i\u00e7in \u00e7ok \u00e7ok b\u00fcy\u00fck bir risktir, almasak iyi olur&#8221; ifadesini kulland\u0131.<\/p>\n<p style=\"text-align: justify;\">&#8220;T\u00fcrkiye&#8217;nin AB&#8217;ye \u00fcye olmas\u0131 bizim i\u00e7in \u00e7ok b\u00fcy\u00fck bir avantaj, bu, Bat\u0131l\u0131 demokrasilerle 21. y\u00fczy\u0131l M\u00fcsl\u00fcman d\u00fcnyas\u0131 aras\u0131ndaki ili\u015fkileri sorunsuz yola koymam\u0131za yard\u0131m eder&#8221; diyen Verheugen, &#8220;Buna kar\u015f\u0131n, sadece AB i\u00e7in stratejik \u00f6neme sahip diye T\u00fcrkiye&#8217;ye AB \u00fcyeli\u011fi ko\u015fullar\u0131nda hafifletme, indirim olmaz&#8221; g\u00f6r\u00fc\u015f\u00fcn\u00fc savundu.<\/p>\n<p style=\"text-align: justify;\">Almanya ve Fransa&#8217;n\u0131n ortaya att\u0131\u011f\u0131 imtiyazl\u0131 ortakl\u0131k fikriyle ilgili olarak de\u011ferlendirmelerde bulunan Verheugen, T\u00fcrkiye&#8217;nin reddetti\u011fi bu fikri reddetti ve &#8220;T\u00fcrklerin zaten imtiyazl\u0131 bir ortakl\u0131\u011f\u0131 bulunuyor. Di\u011ferlerinden (\u00fclkelerden) \u00e7ok daha fazla AB&#8217;nin i\u00e7inde. Zaten bir g\u00fcmr\u00fck birli\u011fi var. Bundan daha fazla T\u00fcrkiye&#8217;ye sahip olmad\u0131\u011f\u0131 ne verilebilece\u011fini bilmiyorum, bunun d\u0131\u015f\u0131nda bir tek \u00fcyelik kal\u0131yor&#8221; ifadesini kulland\u0131.<\/p>\n<p style=\"text-align: justify;\"><span style=\"color: #888888;\">CNN T\u00dcRK<\/span><\/p>\n","protected":false},"excerpt":{"rendered":"<p style=\"text-align: center;\">\n<p id=\"caption-attachment-15882\" class=\"wp-caption-text\">Avrupa Komisyonu Ba\u015fkan Yard\u0131mc\u0131s\u0131 G\u00fcnter Verheugen <\/p>\n<p style=\"text-align: justify;\">Avrupa Komisyonu Ba\u015fkan Yard\u0131mc\u0131s\u0131 G\u00fcnter Verheugen &#8220;Avrupa Birli\u011fi&#8217;nin T\u00fcrkiye&#8217;ye, T\u00fcrkiye&#8217;nin AB&#8217;ye oldu\u011fundan daha \u00e7ok ihtiyac\u0131 var&#8221; dedi. Verheugen, T\u00fcrkiye&#8217;nin stratejik \u00f6nemine dikkat \u00e7ekti, T\u00fcrkiye&#8217;nin birli\u011fe \u00fcye olmas\u0131n\u0131n, Bat\u0131l\u0131 demokrasilerle M\u00fcsl\u00fcman d\u00fcnyas\u0131 aras\u0131nda ili\u015fkilerin sorunsuz ilerlemesine katk\u0131 sa\u011flayaca\u011f\u0131n\u0131 belirtti.<\/p>\n<p style=\"text-align: justify;\">Alman <\/p>\n","protected":false},"author":1,"featured_media":0,"comment_status":"open","ping_status":"closed","sticky":false,"template":"","format":"standard","meta":{"footnotes":""},"categories":[3],"tags":[],"class_list":["post-15881","post","type-post","status-publish","format-standard","hentry","category-dunya","odd"],"_links":{"self":[{"href":"http:\/\/www.korhanyilmaz.com\/index.php?rest_route=\/wp\/v2\/posts\/15881","targetHints":{"allow":["GET"]}}],"collection":[{"href":"http:\/\/www.korhanyilmaz.com\/index.php?rest_route=\/wp\/v2\/posts"}],"about":[{"href":"http:\/\/www.korhanyilmaz.com\/index.php?rest_route=\/wp\/v2\/types\/post"}],"author":[{"embeddable":true,"href":"http:\/\/www.korhanyilmaz.com\/index.php?rest_route=\/wp\/v2\/users\/1"}],"replies":[{"embeddable":true,"href":"http:\/\/www.korhanyilmaz.com\/index.php?rest_route=%2Fwp%2Fv2%2Fcomments&post=15881"}],"version-history":[{"count":0,"href":"http:\/\/www.korhanyilmaz.com\/index.php?rest_route=\/wp\/v2\/posts\/15881\/revisions"}],"wp:attachment":[{"href":"http:\/\/www.korhanyilmaz.com\/index.php?rest_route=%2Fwp%2Fv2%2Fmedia&parent=15881"}],"wp:term":[{"taxonomy":"category","embeddable":true,"href":"http:\/\/www.korhanyilmaz.com\/index.php?rest_route=%2Fwp%2Fv2%2Fcategories&post=15881"},{"taxonomy":"post_tag","embeddable":true,"href":"http:\/\/www.korhanyilmaz.com\/index.php?rest_route=%2Fwp%2Fv2%2Ftags&post=15881"}],"curies":[{"name":"wp","href":"https:\/\/api.w.org\/{rel}","templated":true}]}}