{"id":15878,"date":"2009-10-18T14:40:55","date_gmt":"2009-10-18T11:40:55","guid":{"rendered":"http:\/\/www.korhanyilmaz.com\/?p=15878"},"modified":"2009-10-18T14:40:55","modified_gmt":"2009-10-18T11:40:55","slug":"baykal-teroristler-dagdan-inmelidir","status":"publish","type":"post","link":"http:\/\/www.korhanyilmaz.com\/?p=15878","title":{"rendered":"Baykal: Ter\u00f6ristler da\u011fdan inmelidir&#8230;"},"content":{"rendered":"<p style=\"text-align: center;\"><a href=\"http:\/\/www.korhanyilmaz.com\/wp-content\/uploads\/2009\/10\/BAYKAL1.jpg\"  class=\"lightview\"><img loading=\"lazy\" decoding=\"async\" class=\"aligncenter size-full wp-image-15879\" src=\"http:\/\/www.korhanyilmaz.com\/wp-content\/uploads\/2009\/10\/BAYKAL1.jpg\" alt=\"\" width=\"269\" height=\"207\" \/><\/a><\/p>\n<p style=\"text-align: justify;\">CHP Genel Ba\u015fkan\u0131 Deniz Baykal, PKK ter\u00f6r \u00f6rg\u00fct\u00fc \u00fcyelerinin da\u011fdan inmesi gerekti\u011fini belirterek, &#8220;Ama bu T\u00fcrkiye \u00fczerinde yap\u0131lm\u0131\u015f olan pazarl\u0131\u011f\u0131n \u00f6n \u00f6demesi olarak uygulanmamal\u0131d\u0131r&#8221; dedi.<\/p>\n<p style=\"text-align: justify;\">Baykal, ge\u00e7ti\u011fimiz \u00e7ar\u015famba g\u00fcn\u00fc sel felaketinin ya\u015fand\u0131\u011f\u0131 Antalya&#8217;n\u0131n Kumluca il\u00e7esi Beykonak Beldesi&#8217;ni ziyaret etti.<\/p>\n<p style=\"text-align: justify;\">Baykal, ziyarette gazetecilere yapt\u0131\u011f\u0131 a\u00e7\u0131klamada, PKK ter\u00f6r \u00f6rg\u00fct\u00fc \u00fcyelerinden baz\u0131lar\u0131n\u0131n teslim olaca\u011f\u0131 iddialar\u0131na ili\u015fkin de\u011ferlendirmelerde bulundu. <!--more--><\/p>\n<p style=\"text-align: justify;\">Deniz Baykal, PKK ter\u00f6r\u00fcn\u00fcn art\u0131k bir siyasi m\u00fccadele y\u00f6ntemi olarak s\u00fcrd\u00fcr\u00fclebilir olmad\u0131\u011f\u0131n\u0131n ortaya \u00e7\u0131kt\u0131\u011f\u0131n\u0131, ter\u00f6r\u00fc s\u00fcrd\u00fcrmenin anla\u015f\u0131labilir hi\u00e7bir yan\u0131 olmad\u0131\u011f\u0131n\u0131 bildirdi.<\/p>\n<p style=\"text-align: justify;\">Ter\u00f6r \u00f6rg\u00fct\u00fc PKK&#8217;n\u0131n \u00e7ok ciddi bir sorunla, s\u0131k\u0131nt\u0131yla kar\u015f\u0131 kar\u015f\u0131ya oldu\u011funa de\u011finen CHP Genel Ba\u015fkan\u0131 Baykal, &#8220;ABD, Irak&#8217;\u0131 tahliye edecektir. T\u00fcrkiye&#8217;deki PKK ter\u00f6r\u00fcn\u00fcn en b\u00fcy\u00fck deste\u011fi, Irak&#8217;a yerle\u015fmi\u015f olan, Kandil Da\u011f\u0131&#8217;nda karargah\u0131n\u0131 kurmu\u015f olan PKK \u00f6rg\u00fct\u00fcd\u00fcr. Bunu Irak&#8217;\u0131n s\u00fcrd\u00fcrmesi m\u00fcmk\u00fcn de\u011fildir. Amerika \u00e7ekildikten sonra bu durumu T\u00fcrkiye&#8217;nin kabul etmesi m\u00fcmk\u00fcn de\u011fildir&#8221; dedi.<\/p>\n<p style=\"text-align: justify;\">&#8220;D\u00fcnyada art\u0131k ter\u00f6r yoluyla siyasi sonu\u00e7 elde etmek b\u00fct\u00fcn insanlar\u0131n kar\u015f\u0131 \u00e7\u0131kt\u0131\u011f\u0131 bir anlay\u0131\u015ft\u0131r. Burada art\u0131k PKK s\u0131n\u0131ra gelmi\u015ftir. Bu i\u015fin art\u0131k bundan sonra gelece\u011fe ta\u015f\u0131nabilir, s\u00fcrd\u00fcr\u00fclebilir bir yan\u0131 yoktur&#8221; diyen CHP lideri,  &#8220;PKK ter\u00f6r\u00fc geri tepmeye ba\u015flam\u0131\u015ft\u0131r. Bu ter\u00f6r\u00fc yapanlar\u0131 toplum, kamuoyu mahkum etmeye ba\u015flam\u0131\u015ft\u0131r. Bu i\u015fe bir son vermenin art\u0131k ka\u00e7\u0131n\u0131lmaz oldu\u011fu ortaya \u00e7\u0131km\u0131\u015ft\u0131r. Bu ger\u00e7e\u011fin PKK&#8217;l\u0131lar taraf\u0131ndan da kabul edilmekte oldu\u011funu g\u00f6r\u00fcyorum. PKK&#8217;n\u0131n art\u0131k ter\u00f6r y\u00f6ntemini terk etme ve da\u011fa \u00e7\u0131km\u0131\u015f olan insanlar\u0131n da\u011fdan inip, T\u00fcrkiye&#8217;de normal ya\u015fam i\u00e7in bir aray\u0131\u015fa girmi\u015f olmalar\u0131n\u0131 memnuniyetle kar\u015f\u0131l\u0131yorum. PKK&#8217;l\u0131 ter\u00f6ristler art\u0131k silah\u0131 ge\u00e7ici olarak de\u011fil, kesin olarak b\u0131rakmal\u0131d\u0131rlar. Silahl\u0131 m\u00fccadeleden vazge\u00e7melidirler&#8221; diye konu\u015ftu.<\/p>\n<p style=\"text-align: justify;\">Baykal, &#8220;T\u00fcrkiye&#8217;ye gelip, T\u00fcrkiye&#8217;de toplum i\u00e7inde kendilerine bir yer tutmaya \u00e7al\u0131\u015fmal\u0131d\u0131rlar. Bu ka\u00e7\u0131n\u0131lmaz hale gelmi\u015ftir. T\u00fcrkiye&#8217;yi ter\u00f6rle bundan sonra tehdit etmeye devam etmenin kabul edilebilir hi\u00e7bir yan\u0131 yoktur&#8221; ifadelerini kulland\u0131.<\/p>\n<p style=\"text-align: justify;\">Deniz Baykal, PKK ter\u00f6r\u00fcn\u00fcn sorumlular\u0131n\u0131n, \u0130mral\u0131&#8217;daki, Kandil&#8217;deki sorumlular\u0131n\u0131n bu konuda yeni bir d\u00f6neme ge\u00e7me karar\u0131n\u0131 alm\u0131\u015f olduklar\u0131n\u0131 umut etti\u011fini de ifade ederek, bu do\u011frultuda at\u0131lacak ad\u0131mlar\u0131 memnuniyetle kar\u015f\u0131lad\u0131\u011f\u0131n\u0131 belirtti.<\/p>\n<p style=\"text-align: justify;\"><strong><em>&#8220;Bir pazarl\u0131\u011f\u0131n \u00f6n \u00f6demesi olarak anla\u015f\u0131lmamal\u0131&#8221;<\/em><\/strong><\/p>\n<p style=\"text-align: justify;\">Bir noktaya dikkat \u00e7ekmek istedi\u011fini kaydeden Deniz Baykal, &#8220;Bu durum T\u00fcrkiye \u00fczerinden yap\u0131lm\u0131\u015f bir pazarl\u0131\u011f\u0131n \u00f6n \u00f6demesi olarak anla\u015f\u0131lmamal\u0131d\u0131r. Yani baz\u0131 insanlar da\u011fdan indikleri i\u00e7in T\u00fcrkiye, yanl\u0131\u015f istikamette toplumumuzu ayr\u0131\u015ft\u0131racak, etnik temelde toplumumuzu b\u00f6lecek, yanl\u0131\u015f uygulamalar\u0131n i\u00e7ine s\u00fcr\u00fcklenmemelidir. Yani silahl\u0131 ter\u00f6rden vazge\u00e7melerinden memnuniyet duyar\u0131z ama bu vazge\u00e7me kar\u015f\u0131l\u0131\u011f\u0131nda T\u00fcrkiye&#8217;nin huzurunu, bar\u0131\u015f\u0131n\u0131, dayan\u0131\u015fmas\u0131n\u0131, milli b\u00fct\u00fcnl\u00fc\u011f\u00fcn\u00fc sarsmaya y\u00f6nelik ad\u0131mlar at\u0131lmas\u0131n\u0131, b\u00f6ylesine tavizler verilmesini kesinlikle do\u011fal kar\u015f\u0131lamay\u0131z. T\u00fcrkiye \u00fczerinde kimsenin pazarl\u0131k yapmaya hakk\u0131 yoktur. T\u00fcrkiye \u00fczerinde bir pazarl\u0131k yap\u0131p sonra bu pazarl\u0131\u011f\u0131n ilk \u00f6demesi diye silahl\u0131 m\u00fccadeleden baz\u0131 insanlar\u0131n vazge\u00e7mesini, kamuoyumuzun bu tavizleri vermek \u00fczere y\u00f6nlendirilmesi i\u00e7in bir bahane haline d\u00f6n\u00fc\u015ft\u00fcr\u00fclmesini kesinlikle uygun g\u00f6rmeyiz&#8221; dedi.<\/p>\n<p style=\"text-align: justify;\">Silahl\u0131 ter\u00f6r\u00fcn bir y\u00f6ntem olmad\u0131\u011f\u0131n\u0131 ve bitece\u011fini vurgulayan CHP lideri Baykal, uluslararas\u0131 \u015fartlar\u0131n, b\u00f6lgenin \u015fartlar\u0131n\u0131n bunu zorunlu k\u0131ld\u0131\u011f\u0131na i\u015faret etti.<\/p>\n<p style=\"text-align: justify;\">Ter\u00f6ristlerin idrak edilmi\u015f olmas\u0131ndan memnuniyet duyaca\u011f\u0131n\u0131 anlatan Baykal, bunu idrak edenlere yard\u0131mc\u0131 olmak istediklerini de bildirdi.<\/p>\n<p style=\"text-align: justify;\">Baykal, &#8220;Silah\u0131n, ter\u00f6r\u00fcn tamamen ortadan kalkmas\u0131 do\u011frultusunda iyi niyetle at\u0131labilecek ad\u0131mlar\u0131 memnuniyetle kar\u015f\u0131lar\u0131z. Ama bunun T\u00fcrkiye&#8217;nin ulusal b\u00fct\u00fcnl\u00fc\u011f\u00fc \u00fczerinde bir pazarl\u0131k sonucunu do\u011furacak geli\u015fmelere yol a\u00e7mas\u0131n\u0131 kesinlikle kabul etmeyiz. Ter\u00f6ristler da\u011fdan inmelidir ama bu T\u00fcrkiye \u00fczerinde yap\u0131lm\u0131\u015f olan pazarl\u0131\u011f\u0131n \u00f6n \u00f6demesi olarak uygulanmamal\u0131d\u0131r&#8221; diye konu\u015ftu.<\/p>\n<p style=\"text-align: justify;\"><strong><em>Demokratik a\u00e7\u0131l\u0131m s\u00fcreci <\/em><\/strong><\/p>\n<p style=\"text-align: justify;\">CHP Genel Ba\u015fkan\u0131 Baykal, bir s\u00fcreden beri &#8220;Demokratik A\u00e7\u0131l\u0131m&#8221; politikas\u0131yla bir \u015feyler yap\u0131lmak istendi\u011fini, yap\u0131lmak istenen \u015feyler konusunda kendilerinin toplumu uyaran, yanl\u0131\u015flara kar\u015f\u0131 \u00e7\u0131kan, T\u00fcrkiye&#8217;yi ayr\u0131\u015ft\u0131racak politikalara engel olan bir tav\u0131r tak\u0131nd\u0131klar\u0131n\u0131 kaydetti.<\/p>\n<p style=\"text-align: justify;\">\u015eu ana kadar da ba\u015far\u0131l\u0131 olduklar\u0131n\u0131 ifade eden Deniz Baykal, &#8220;\u0130ktidar, \u015fu ana kadar e\u011fer kafas\u0131n\u0131n arkas\u0131ndan, T\u00fcrkiye&#8217;yi ayr\u0131\u015ft\u0131racak baz\u0131 politikalar\u0131 hayata ge\u00e7irmeyi planlad\u0131ysa bile bunlar\u0131 ya\u015fama ge\u00e7irememi\u015ftir. CHP&#8217;nin bu konuda tak\u0131nd\u0131\u011f\u0131 tav\u0131r \u00e7ok belirleyici olmu\u015ftur. \u00c7ok b\u00fcy\u00fck \u00f6l\u00e7\u00fcde CHP&#8217;nin kararl\u0131 tutumu dolay\u0131s\u0131yla ak\u0131llardan ge\u00e7en ad\u0131mlar at\u0131lamam\u0131\u015ft\u0131r. \u015eimdi &#8216;PKK art\u0131k iniyor, o zaman biz de bir \u015feyler yapal\u0131m&#8217; diyerek kabul edilemez, T\u00fcrkiye&#8217;yi ayr\u0131\u015ft\u0131racak, T\u00fcrkiye&#8217;de bizi etnik temelde daha da ayr\u0131\u015ft\u0131r\u0131lm\u0131\u015f bir toplum haline getirecek ad\u0131mlar kesinlikle at\u0131lmamal\u0131&#8221; dedi.<\/p>\n<p style=\"text-align: justify;\"><strong><em>Kumluca&#8217;daki sel felaketi <\/em><\/strong><\/p>\n<p style=\"text-align: justify;\">Baykal, CHP Genel Ba\u015fkan Yard\u0131mc\u0131s\u0131 Y\u0131lmaz Ate\u015f, Antalya B\u00fcy\u00fck\u015fehir Belediye Ba\u015fkan\u0131 Mustafa Akayd\u0131n ve CHP Antalya milletvekilleriyle birlikte ge\u00e7en \u00e7ar\u015famba g\u00fcn\u00fc ya\u015fanan selden zarar g\u00f6ren Beykonak Beldesi ve Be\u015fik\u00e7i k\u00f6y\u00fcn\u00fc ziyaretinde, Kumluca Kaymakam\u0131 Salih I\u015f\u0131k&#8217;tan bilgi ald\u0131.<\/p>\n<p style=\"text-align: justify;\">Baykal, sel nedeniyle \u00e7ok b\u00fcy\u00fck oranda maddi hasar\u0131n ya\u015fand\u0131\u011f\u0131n\u0131, 2 bin d\u00f6n\u00fcm\u00fcn \u00fczerinde seran\u0131n sular alt\u0131nda kald\u0131\u011f\u0131n\u0131 belirtti.<\/p>\n<p style=\"text-align: justify;\">Olimpos&#8217;ta da 30&#8217;dan fazla arac\u0131n hasar g\u00f6rd\u00fc\u011f\u00fcn\u00fc, bir \u00e7o\u011funun denizde kayboldu\u011funu anlatan Baykal, \u00e7ift\u00e7ilerin ya\u015fad\u0131klar\u0131 s\u0131k\u0131nt\u0131n\u0131n giderilmesi konusunda, gerekli \u00e7al\u0131\u015fmalar\u0131 yapmas\u0131 hususunda h\u00fck\u00fcmetin takip\u00e7isi olacaklar\u0131n\u0131 s\u00f6yledi. CHP Genel Ba\u015fkan\u0131 Baykal, &#8220;Bu, ya\u015fanmas\u0131 zorunlu olan bir sorun de\u011fildir. Tedbir al\u0131nabilecek bir sorundur. Normal ya\u011f\u0131\u015f\u0131n 2-3 kat\u0131 ya\u011f\u0131\u015f\u0131n olabilece\u011fi dikkate al\u0131narak gerekli \u00f6nlemler al\u0131nmal\u0131yd\u0131. B\u00f6lgeye yap\u0131lmas\u0131 gereken g\u00f6letlerin yap\u0131lamamas\u0131 da felakette \u00f6nemli bir neden olmu\u015ftur. DS\u0130 bir an \u00f6nce gerekli g\u00f6letleri yapmal\u0131d\u0131r&#8221; dedi.<\/p>\n<p style=\"text-align: justify;\"><strong><em>&#8220;Kaydediyorsunuz de\u011fil mi?&#8221; <\/em><\/strong><\/p>\n<p style=\"text-align: justify;\">Felaket b\u00f6lgesinde b\u00fct\u00fcn siyasi partilerin, valinin ve kaymakam\u0131n bir araya geldi\u011fini an\u0131msatan Baykal, konuyu siyasalla\u015ft\u0131rmak istemediklerini, h\u00fck\u00fcmeti de y\u00f6nlendirerek m\u00fcmk\u00fcn olmas\u0131 halinde \u0130l \u00d6zel \u0130daresinin de katk\u0131s\u0131yla g\u00f6letin yap\u0131lmas\u0131n\u0131 sa\u011flayacaklar\u0131n\u0131 bildirdi.<\/p>\n<p style=\"text-align: justify;\">Bu arada bir vatanda\u015f, Deniz Baykal&#8217;a, &#8220;Sa\u011fl\u0131k ocaklar\u0131nda para istendi\u011fini&#8221; \u00f6ne s\u00fcrerek, &#8220;Paras\u0131 olan ya\u015f\u0131yor. Olmayan \u00f6ls\u00fcn m\u00fc?&#8221; diye seslendi.<\/p>\n<p style=\"text-align: justify;\">Baykal da kameramanlara d\u00f6nerek, &#8220;Kaydediyorsunuz de\u011fil mi?&#8221; diye sordu. Baykal, daha sonra, b\u00f6lgede selin zarar verdi\u011fi seralar\u0131 ziyaret ederek vatanda\u015flar\u0131n sorunlar\u0131n\u0131 dinledi. Seralar\u0131 gezen Baykal&#8217;\u0131n aya\u011f\u0131ndaki sar\u0131 \u00e7izmeler dikkat \u00e7ekti. Deniz Baykal, selden zarar g\u00f6ren Olimpos&#8217;ta da incelemelerde bulundu. Pansiyon sahipleri ve turistlerle sohbet etti ve s\u0131k\u0131nt\u0131lar\u0131n\u0131 dinledi.<\/p>\n<p style=\"text-align: justify;\">CHP Genel Ba\u015fkan\u0131 Baykal bir pansiyoncuya, &#8220;Her \u015feyiniz gitti mi&#8221; diye sorunca, &#8220;Bir tek han\u0131m\u0131 kurtarabildim&#8221; kar\u015f\u0131l\u0131\u011f\u0131n\u0131 ald\u0131.<\/p>\n<p style=\"text-align: justify;\"><span style=\"color: #888888;\">CNN T\u00dcRK<\/span><\/p>\n","protected":false},"excerpt":{"rendered":"<p style=\"text-align: center;\">\n<p style=\"text-align: justify;\">CHP Genel Ba\u015fkan\u0131 Deniz Baykal, PKK ter\u00f6r \u00f6rg\u00fct\u00fc \u00fcyelerinin da\u011fdan inmesi gerekti\u011fini belirterek, &#8220;Ama bu T\u00fcrkiye \u00fczerinde yap\u0131lm\u0131\u015f olan pazarl\u0131\u011f\u0131n \u00f6n \u00f6demesi olarak uygulanmamal\u0131d\u0131r&#8221; dedi.<\/p>\n<p style=\"text-align: justify;\">Baykal, ge\u00e7ti\u011fimiz \u00e7ar\u015famba g\u00fcn\u00fc sel felaketinin ya\u015fand\u0131\u011f\u0131 Antalya&#8217;n\u0131n Kumluca il\u00e7esi Beykonak Beldesi&#8217;ni ziyaret etti.<\/p>\n<p style=\"text-align: justify;\">Baykal, ziyarette gazetecilere yapt\u0131\u011f\u0131 a\u00e7\u0131klamada, PKK ter\u00f6r <\/p>\n","protected":false},"author":1,"featured_media":0,"comment_status":"open","ping_status":"closed","sticky":false,"template":"","format":"standard","meta":{"footnotes":""},"categories":[105],"tags":[],"class_list":["post-15878","post","type-post","status-publish","format-standard","hentry","category-gundem","odd"],"_links":{"self":[{"href":"http:\/\/www.korhanyilmaz.com\/index.php?rest_route=\/wp\/v2\/posts\/15878","targetHints":{"allow":["GET"]}}],"collection":[{"href":"http:\/\/www.korhanyilmaz.com\/index.php?rest_route=\/wp\/v2\/posts"}],"about":[{"href":"http:\/\/www.korhanyilmaz.com\/index.php?rest_route=\/wp\/v2\/types\/post"}],"author":[{"embeddable":true,"href":"http:\/\/www.korhanyilmaz.com\/index.php?rest_route=\/wp\/v2\/users\/1"}],"replies":[{"embeddable":true,"href":"http:\/\/www.korhanyilmaz.com\/index.php?rest_route=%2Fwp%2Fv2%2Fcomments&post=15878"}],"version-history":[{"count":0,"href":"http:\/\/www.korhanyilmaz.com\/index.php?rest_route=\/wp\/v2\/posts\/15878\/revisions"}],"wp:attachment":[{"href":"http:\/\/www.korhanyilmaz.com\/index.php?rest_route=%2Fwp%2Fv2%2Fmedia&parent=15878"}],"wp:term":[{"taxonomy":"category","embeddable":true,"href":"http:\/\/www.korhanyilmaz.com\/index.php?rest_route=%2Fwp%2Fv2%2Fcategories&post=15878"},{"taxonomy":"post_tag","embeddable":true,"href":"http:\/\/www.korhanyilmaz.com\/index.php?rest_route=%2Fwp%2Fv2%2Ftags&post=15878"}],"curies":[{"name":"wp","href":"https:\/\/api.w.org\/{rel}","templated":true}]}}