{"id":15875,"date":"2009-10-18T15:37:04","date_gmt":"2009-10-18T12:37:04","guid":{"rendered":"http:\/\/www.korhanyilmaz.com\/?p=15875"},"modified":"2009-10-18T15:37:04","modified_gmt":"2009-10-18T12:37:04","slug":"iranda-saldiri-29-olu-28-yarali","status":"publish","type":"post","link":"http:\/\/www.korhanyilmaz.com\/?p=15875","title":{"rendered":"\u0130ran&#8217;da sald\u0131r\u0131: 29 \u00f6l\u00fc, 28 yaral\u0131"},"content":{"rendered":"<p style=\"text-align: center;\"><a href=\"http:\/\/www.korhanyilmaz.com\/wp-content\/uploads\/2009\/10\/\u0130RAN.jpg\"  class=\"lightview\"><img loading=\"lazy\" decoding=\"async\" class=\"aligncenter size-full wp-image-15876\" src=\"http:\/\/www.korhanyilmaz.com\/wp-content\/uploads\/2009\/10\/\u0130RAN.jpg\" alt=\"\" width=\"269\" height=\"207\" \/><\/a><\/p>\n<p style=\"text-align: justify;\">Ge\u00e7ti\u011fimiz aylarda, tart\u0131\u015fmal\u0131 cumhurba\u015fkanl\u0131\u011f\u0131 se\u00e7imleriyle g\u00fcndeme gelen \u0130ran, bu kez intihar sald\u0131r\u0131s\u0131yla sars\u0131ld\u0131. \u0130ran&#8217;\u0131n, Pakistan s\u0131n\u0131r\u0131nda bulunan Pi\u015fin b\u00f6lgesindeki sald\u0131r\u0131n\u0131n hedefinde, \u0130ran Devrim Muhaf\u0131zlar\u0131 vard\u0131. Sald\u0131r\u0131da, aralar\u0131nda alt\u0131 \u00fcst d\u00fczey komutan\u0131n da oldu\u011fu 29 ki\u015finin \u00f6ld\u00fc\u011f\u00fc 28 ki\u015finin de yaraland\u0131\u011f\u0131 belirtiliyor.<\/p>\n<p style=\"text-align: justify;\">Fars Haber Ajans\u0131, hastane kaynaklar\u0131na dayanarak sald\u0131r\u0131da en az 50 ki\u015finin hayat\u0131n\u0131 kaybetti\u011fini bildirmi\u015fti. Haberde, Abdulmelik Rigi liderli\u011findeki ay\u0131l\u0131k\u00e7\u0131 ve b\u00f6l\u00fcc\u00fc ter\u00f6r \u00f6rg\u00fct\u00fc Cundullah&#8217;\u0131n sald\u0131r\u0131y\u0131 \u00fcstlendi\u011fi de belirtildi. <!--more--><\/p>\n<p style=\"text-align: justify;\">\u0130ran&#8217;\u0131n resmi haber ajans\u0131 \u0130RNA ve Devlet televizyonunun haberine g\u00f6re, Sistan-Belucistan eyaletinde bu sabah yap\u0131lmas\u0131 planlanan bir toplant\u0131n\u0131n haz\u0131rl\u0131klar\u0131 s\u0131ras\u0131nda d\u00fczenlenen ter\u00f6r sald\u0131r\u0131s\u0131nda, Devrim Muhaf\u0131zlar\u0131 Kara Kuvvetleri Komutan Vekili Tu\u011fgeneral Nurali \u015eu\u015fteri&#8217;nin de aralar\u0131nda bulundu\u011fu \u00e7ok say\u0131da \u00fcst d\u00fczey komutan hayat\u0131n\u0131 kaybetti.<\/p>\n<p style=\"text-align: justify;\">Toplant\u0131n\u0131n b\u00f6lgedeki ayr\u0131l\u0131k\u00e7\u0131 ve b\u00f6l\u00fcc\u00fc hareketlere kar\u015f\u0131 &#8220;birlik, beraberlik&#8221; i\u00e7erikli oldu\u011fu ve a\u015firet temsilcilerinin de kat\u0131lmas\u0131n\u0131n planland\u0131\u011f\u0131 belirtiliyor.<\/p>\n<p style=\"text-align: justify;\">\u00d6lenler aras\u0131nda, Devrim Muhaf\u0131zlar\u0131 Kara Kuvvetleri Komutan Yard\u0131mc\u0131s\u0131 General Nur Ali Sustari, Devrim Muhaf\u0131zlar\u0131n\u0131n Sistan Belucistan Komutan\u0131 General Muhammed Zadeh, \u0130ran\u015far kenti Devrim Muhaf\u0131zlar\u0131 komutan\u0131 ile Emir El Momenin kentinin birlik komutan\u0131n\u0131n bulundu\u011fu da belirtildi.<\/p>\n<p style=\"text-align: justify;\">Frans\u0131z haber ajans\u0131 AFP de Meclis Ba\u015fkan\u0131 Ali Laricani&#8217;nin de \u00fcst d\u00fczey komutanlar\u0131n \u00f6ld\u00fc\u011f\u00fcn\u00fc do\u011frulad\u0131\u011f\u0131n\u0131 bildirdi.<\/p>\n<p style=\"text-align: justify;\">Sald\u0131r\u0131n\u0131n kurbanlar\u0131 aras\u0131nda sivillerin de oldu\u011fu kaydedildi.<\/p>\n<p style=\"text-align: justify;\">Sistan-Belucistan eyaletinin ba\u015fkenti Zahidan&#8217;\u0131n milletvekili Peyman Fruze\u015f, meclisteki konu\u015fmas\u0131nda &#8220;Bug\u00fcnk\u00fc sald\u0131r\u0131n\u0131n ter\u00f6r \u00f6rg\u00fct\u00fc Cundullah&#8217;\u0131n eylemleriyle benzerlik g\u00f6sterdi\u011fini&#8221; s\u00f6ylemi\u015fti.<\/p>\n<p style=\"text-align: justify;\"><strong><em>Cundullah \u00f6rg\u00fct\u00fc <\/em><\/strong><\/p>\n<p style=\"text-align: justify;\">Sistan-Belucistan eyaletinde \u00e7ok say\u0131da ter\u00f6r eylemi d\u00fczenleyen Cundullah \u00f6rg\u00fct\u00fc, en son Zahidan kentinde 28 May\u0131s 2009&#8217;da 25 ki\u015finin \u00f6l\u00fcm\u00fc ve 119 ki\u015finin yaralanmas\u0131yla sonu\u00e7lanan cami bombalanmas\u0131 eylemini ger\u00e7ekle\u015ftirmi\u015fti. \u0130ran-Pakistan s\u0131n\u0131r\u0131nda \u00fcslenen \u00f6rg\u00fct, zaman zaman s\u0131n\u0131r\u0131 ge\u00e7erek ter\u00f6r eylemleri d\u00fczenliyor.<\/p>\n<p style=\"text-align: justify;\">Eyalette Abdulmelik Rigi liderli\u011findeki b\u00f6l\u00fcc\u00fc ve ayr\u0131l\u0131k\u00e7\u0131 ter\u00f6ristler ile g\u00fcvenlik g\u00fc\u00e7leri ars\u0131nda zaman zaman \u00e7at\u0131\u015fmalar oluyor.<\/p>\n<p style=\"text-align: justify;\">\u00d6rg\u00fct, en son Zahidan kentinde 28 May\u0131s 2009&#8217;da 25 ki\u015finin \u00f6l\u00fcm\u00fc ve 119 ki\u015finin yaralanmas\u0131yla sonu\u00e7lanan cami bombalanmas\u0131 eylemini \u00fcstlenmi\u015fti.<\/p>\n<p style=\"text-align: justify;\"><strong><em>\u0130ran Devrim Muhaf\u0131zlar\u0131: &#8220;\u0130nsanl\u0131k d\u0131\u015f\u0131&#8221; <\/em><\/strong><\/p>\n<p style=\"text-align: justify;\">\u0130ran Devrim Muhaf\u0131zlar\u0131, baz\u0131 komutanlar ile sivillerin \u00f6l\u00fcm\u00fcne neden olan ter\u00f6r sald\u0131r\u0131s\u0131n\u0131n arkas\u0131nda &#8220;d\u00fcnyadaki zorba g\u00fc\u00e7lerin&#8221; oldu\u011funu bildirdi.<\/p>\n<p style=\"text-align: justify;\">Devrim Muhaf\u0131zlar\u0131 taraf\u0131ndan yay\u0131mlanan bildiride, &#8220;Sald\u0131r\u0131n\u0131n, b\u00f6lgede mezhepler ve halklar aras\u0131nda birlik ve berberli\u011fi hedef ald\u0131\u011f\u0131&#8221; belirtildi.<\/p>\n<p style=\"text-align: justify;\">Sald\u0131r\u0131n\u0131n &#8220;insanl\u0131k d\u0131\u015f\u0131 ve vah\u015fi&#8221; olarak nitelendirildi\u011fi bildiride, &#8220;Yaral\u0131 d\u00fc\u015fman ve yabanc\u0131lar\u0131n, birlik ve beraberli\u011fin sa\u011flanmas\u0131nda etkin rol alan halktan intikam almak i\u00e7in sald\u0131r\u0131y\u0131 ger\u00e7ekle\u015ftirdi\u011fi&#8221; ifade edildi.<\/p>\n<p style=\"text-align: justify;\">Bildiride, b\u00f6lgede halk\u0131n g\u00fcvenli\u011fini sa\u011flamakla sorumlu Devrim Muhaf\u0131zlar\u0131n\u0131n, g\u00f6revinin gereklerini yerine getirmede kararl\u0131 oldu\u011fu belirtildi.<\/p>\n<p style=\"text-align: justify;\">Bildiride, ter\u00f6r sald\u0131r\u0131s\u0131n\u0131n kurbanlar\u0131 i\u00e7in taziye dileklerinde bulunuldu.<\/p>\n<p style=\"text-align: justify;\"><strong><em>Laricani ABD&#8217;yi sorumlu tuttu <\/em><\/strong><\/p>\n<p style=\"text-align: justify;\">Meclis Ba\u015fkan\u0131 Ali Laricani de a\u00e7\u0131klamas\u0131nda, ter\u00f6r sald\u0131r\u0131s\u0131ndan ABD&#8217;yi sorumlu tuttu.<\/p>\n<p style=\"text-align: justify;\">Laricani, &#8220;Bu son ter\u00f6r eylemini ABD&#8217;nin siyasetlerinin sonucu olarak g\u00f6r\u00fcyoruz. Bu da ABD&#8217;nin \u00fclkemize y\u00f6nelik husumetinin g\u00f6stergesidir&#8221; ifadesini kulland\u0131; ABD Ba\u015fkan\u0131 Barack Obama&#8217;n\u0131n, &#8220;\u0130ran&#8217;a do\u011fru elimi uzat\u0131yorum&#8221; dedi\u011fini hat\u0131rlatan Laricani, bug\u00fcnk\u00fc ter\u00f6r eylemiyle bu elin &#8220;kana buland\u0131\u011f\u0131n\u0131&#8221; ima etti.<\/p>\n<p style=\"text-align: justify;\">Laricani, &#8220;\u0130ran halk\u0131, ABD h\u00fck\u00fcmetinin de\u011fi\u015fim vaadine inanmamakta hakl\u0131d\u0131r. Bu asl\u0131nda onlar\u0131n zarar\u0131nad\u0131r&#8221; diye konu\u015ftu. Sald\u0131r\u0131da hayat\u0131n\u0131 kaybedenlerin &#8220;\u015fehitlik arzusuna&#8221; ula\u015ft\u0131klar\u0131n\u0131 ifade eden Laricani, bu sald\u0131r\u0131dan sonra huzur ve g\u00fcvenli\u011fin sa\u011flanmas\u0131 i\u00e7in daha g\u00fc\u00e7l\u00fc bir iradenin ortaya \u00e7\u0131kaca\u011f\u0131n\u0131 belirtti.<\/p>\n<p style=\"text-align: justify;\">Bu arada Sistan-Belucistan eyaletinin ba\u015fkenti Zahidan&#8217;dan milletvekili Peyman Fruze\u015f, mecliste yapt\u0131\u011f\u0131 konu\u015fmada, &#8220;Sald\u0131r\u0131da yabanc\u0131 unsurlar ve onlar\u0131n yard\u0131mlar\u0131n\u0131n rol\u00fc oldu\u011funu&#8221; s\u00f6yledi.<\/p>\n<p style=\"text-align: justify;\">Fruze\u015f, &#8220;Bug\u00fcnk\u00fc sald\u0131r\u0131n\u0131n, ter\u00f6r \u00f6rg\u00fct\u00fc Cundullah&#8217;\u0131n eylemleriyle benzerlik g\u00f6sterdi\u011fini&#8221; belirtti.<\/p>\n<p style=\"text-align: justify;\">\u0130ran&#8217;\u0131n 1400 kilometrelik do\u011fu s\u0131n\u0131r\u0131n\u0131n 400 kilometresinin kontrol edilemedi\u011fin belirten Fruze\u015f, Abdulmelik Rigi liderli\u011findeki b\u00f6l\u00fcc\u00fc ve ayr\u0131l\u0131k\u00e7\u0131lara kar\u015f\u0131 Pakistan&#8217;\u0131n yeterli i\u015fbirli\u011fi yapmad\u0131\u011f\u0131n\u0131 s\u00f6yledi.<\/p>\n<p style=\"text-align: justify;\"><span style=\"color: #888888;\">CNN T\u00dcRK<\/span><\/p>\n","protected":false},"excerpt":{"rendered":"<p style=\"text-align: center;\">\n<p style=\"text-align: justify;\">Ge\u00e7ti\u011fimiz aylarda, tart\u0131\u015fmal\u0131 cumhurba\u015fkanl\u0131\u011f\u0131 se\u00e7imleriyle g\u00fcndeme gelen \u0130ran, bu kez intihar sald\u0131r\u0131s\u0131yla sars\u0131ld\u0131. \u0130ran&#8217;\u0131n, Pakistan s\u0131n\u0131r\u0131nda bulunan Pi\u015fin b\u00f6lgesindeki sald\u0131r\u0131n\u0131n hedefinde, \u0130ran Devrim Muhaf\u0131zlar\u0131 vard\u0131. Sald\u0131r\u0131da, aralar\u0131nda alt\u0131 \u00fcst d\u00fczey komutan\u0131n da oldu\u011fu 29 ki\u015finin \u00f6ld\u00fc\u011f\u00fc 28 ki\u015finin de yaraland\u0131\u011f\u0131 belirtiliyor.<\/p>\n<p style=\"text-align: justify;\">Fars Haber Ajans\u0131, hastane kaynaklar\u0131na dayanarak sald\u0131r\u0131da <\/p>\n","protected":false},"author":1,"featured_media":0,"comment_status":"open","ping_status":"closed","sticky":false,"template":"","format":"standard","meta":{"footnotes":""},"categories":[3],"tags":[],"class_list":["post-15875","post","type-post","status-publish","format-standard","hentry","category-dunya","odd"],"_links":{"self":[{"href":"http:\/\/www.korhanyilmaz.com\/index.php?rest_route=\/wp\/v2\/posts\/15875","targetHints":{"allow":["GET"]}}],"collection":[{"href":"http:\/\/www.korhanyilmaz.com\/index.php?rest_route=\/wp\/v2\/posts"}],"about":[{"href":"http:\/\/www.korhanyilmaz.com\/index.php?rest_route=\/wp\/v2\/types\/post"}],"author":[{"embeddable":true,"href":"http:\/\/www.korhanyilmaz.com\/index.php?rest_route=\/wp\/v2\/users\/1"}],"replies":[{"embeddable":true,"href":"http:\/\/www.korhanyilmaz.com\/index.php?rest_route=%2Fwp%2Fv2%2Fcomments&post=15875"}],"version-history":[{"count":0,"href":"http:\/\/www.korhanyilmaz.com\/index.php?rest_route=\/wp\/v2\/posts\/15875\/revisions"}],"wp:attachment":[{"href":"http:\/\/www.korhanyilmaz.com\/index.php?rest_route=%2Fwp%2Fv2%2Fmedia&parent=15875"}],"wp:term":[{"taxonomy":"category","embeddable":true,"href":"http:\/\/www.korhanyilmaz.com\/index.php?rest_route=%2Fwp%2Fv2%2Fcategories&post=15875"},{"taxonomy":"post_tag","embeddable":true,"href":"http:\/\/www.korhanyilmaz.com\/index.php?rest_route=%2Fwp%2Fv2%2Ftags&post=15875"}],"curies":[{"name":"wp","href":"https:\/\/api.w.org\/{rel}","templated":true}]}}