{"id":15867,"date":"2009-10-16T22:36:40","date_gmt":"2009-10-16T19:36:40","guid":{"rendered":"http:\/\/www.korhanyilmaz.com\/?p=15867"},"modified":"2009-10-16T22:36:40","modified_gmt":"2009-10-16T19:36:40","slug":"baykal-kamera-kaydinda-israrli","status":"publish","type":"post","link":"http:\/\/www.korhanyilmaz.com\/?p=15867","title":{"rendered":"Baykal kamera kayd\u0131nda \u0131srarl\u0131"},"content":{"rendered":"<p style=\"text-align: center;\"><a href=\"http:\/\/www.korhanyilmaz.com\/wp-content\/uploads\/2009\/10\/kamera.jpg\"  class=\"lightview\"><img loading=\"lazy\" decoding=\"async\" class=\"aligncenter size-full wp-image-15868\" src=\"http:\/\/www.korhanyilmaz.com\/wp-content\/uploads\/2009\/10\/kamera.jpg\" alt=\"\" width=\"450\" height=\"225\" \/><\/a><\/p>\n<p style=\"text-align: justify;\"><strong><em>Kapal\u0131 g\u00f6r\u00fc\u015fme olmaz<\/em><\/strong><\/p>\n<p style=\"text-align: justify;\">BAYKAL\u2019\u0131n bu a\u00e7\u0131klamaya cevab\u0131 gecikmedi: Bu g\u00f6r\u00fc\u015fmenin kapal\u0131 kap\u0131lar arkas\u0131nda, milletten ka\u00e7\u0131r\u0131lan konu\u015fma olarak ger\u00e7ekle\u015ftirilmesi konusundaki Ba\u015fbakan\u2019\u0131n \u0131srar\u0131n\u0131 anlamak, kabul etmek benim i\u00e7in m\u00fcmk\u00fcn de\u011fildir.<\/p>\n<p style=\"text-align: justify;\"><strong><em>Baykal\u2019dan kamera resti<\/em><\/strong><\/p>\n<p style=\"text-align: justify;\">Deniz Baykal\u2019dan mektupla randevu koparan Ba\u015fbakan, \u201ckamera \u015fart\u0131n\u0131\u201d kabul edemeyece\u011fini s\u00f6yledi. CHP lideri ise \u201cE\u011fer \u015feffaf ortamda g\u00f6r\u00fc\u015fmeye raz\u0131 olursa g\u00f6r\u00fc\u015f\u00fcr\u00fcz\u201d dedi.<!--more--><\/p>\n<p style=\"text-align: justify;\">Ba\u015fbakan Erdo\u011fan-CHP lideri Deniz Baykal bulu\u015fmas\u0131 bu sefer de kamera engeline tak\u0131ld\u0131. Irak\u2019a ger\u00e7ekle\u015ftirdi\u011fi ziyaretin ard\u0131ndan T\u00fcrkiye\u2019ye d\u00f6n\u00fc\u015f yolunda u\u00e7akta bas\u0131n mensuplar\u0131n\u0131n sorular\u0131n\u0131 cevaplayan Ba\u015fbakan Erdo\u011fan, CHP lideri Baykal\u2019\u0131n \u201cg\u00f6r\u00fc\u015fme kamera kayd\u0131na al\u0131ns\u0131n\u201d \u015fart\u0131na kar\u015f\u0131 \u00e7\u0131kt\u0131. Erdo\u011fan \u201cSay\u0131n Baykal ile telefon g\u00f6r\u00fc\u015fmesi olacak m\u0131 yoksa o olmadan gidecek misiniz\u201d sorusu \u00fczerine \u015funlar\u0131 s\u00f6yledi:<\/p>\n<p style=\"text-align: justify;\"><strong><em>Kabul ederlerse eyvallah<\/em><\/strong><\/p>\n<p style=\"text-align: justify;\">\u201cBen tabii Say\u0131n Baykal\u2019a gidece\u011fim de yani b\u00f6yle elimde veya elinde kameralarla birilerinin oraya gelmesi diye bir d\u00fc\u015f\u00fcncem yok. B\u00f6yle bir \u015fey beklemiyorum. B\u00f6yle bir \u015feye de bizim kalk\u0131p da m\u00fcsaade etmemiz m\u00fcmk\u00fcn de\u011fil. Yani ben kendilerine arzu etti\u011fi \u015fekilde \u00f6zel kalemimle gerekli cevab\u0131 bug\u00fcn verdiririm. Kendileri e\u011fer bu \u015fekilde kabul ederlerse, eyvallah. Kameras\u0131z. Kendilerinin medya \u00fczerinden maalesef yap\u0131lan a\u00e7\u0131klamalar\u0131 var. Ben bunlar\u0131 yapmak istemiyorum. Ben medya \u00fczerinden Say\u0131n Baykal\u2019a cevap vermem, vermeyece\u011fim. Onun i\u00e7in kendim g\u00f6r\u00fc\u015fmeyi arzu ettim, ama kendileri b\u00f6yle bir g\u00f6r\u00fc\u015fmeyi arzu etmediklerini bir yaz\u0131l\u0131 a\u00e7\u0131klamayla bildirmi\u015fler. Dolay\u0131s\u0131yla \u00f6zel kalemim \u00f6zel kalemlerini arar, durumu kendilerine bug\u00fcn verece\u011fim talimat istikametinde bildirir, onlar da o \u015fekilde kabul ederlerse biz de g\u00f6r\u00fc\u015fmeyi ger\u00e7ekle\u015ftiririz. \u0130\u015fin usul\u00fcn\u00fc kabul ederse g\u00f6r\u00fc\u015fece\u011fim. Sadece kameras\u0131z de\u011fil, bir \u015feyler daha var&#8230;\u201d<\/p>\n<p style=\"text-align: justify;\"><strong><em>Robot kameralar haz\u0131r<\/em><\/strong><\/p>\n<p style=\"text-align: justify;\">Gazetecilerin sorular\u0131n\u0131 cevaplayan Deniz Baykal ise Erdo\u011fan\u2019a jet bir yan\u0131t verdi. CHP Genel Merkezi\u2019nde yap\u0131lacak g\u00f6r\u00fc\u015fmenin kayda al\u0131nmas\u0131 i\u00e7in \u201crobot kameralar\u0131n\u201d haz\u0131r oldu\u011funu  ifade eden Baykal \u201cG\u00f6r\u00fc\u015fmenin kayda al\u0131nmas\u0131n\u0131 istiyoruz\u201d dedi. \u201cBu g\u00f6r\u00fc\u015fmenin kapal\u0131 kap\u0131lar arkas\u0131nda, toplumdan, milletten, halktan ka\u00e7\u0131r\u0131lan bir konu\u015fma olarak ger\u00e7ekle\u015ftirilmesi konusundaki Ba\u015fbakan\u2019\u0131n \u0131srar\u0131n\u0131 anlamak, kabul etmek benim i\u00e7in m\u00fcmk\u00fcn de\u011fildir\u201d diyen Baykal, Erdo\u011fan\u2019a g\u00f6nderdi\u011fi cevabi mektupta, a\u00e7\u0131l\u0131m politikas\u0131yla ilgili tespit, ele\u015ftiri ve uyar\u0131lar\u0131n\u0131 kapsaml\u0131 bir \u015fekilde sunduklar\u0131na i\u015faret etti. Baykal, \u015f\u00f6yle devam etti:<\/p>\n<p style=\"text-align: justify;\"><strong><em>Halktan m\u0131 ka\u00e7\u0131yorsun?<\/em><\/strong><\/p>\n<p style=\"text-align: justify;\">\u201cBu d\u00fc\u015f\u00fcnceleri Ba\u015fbakan herhangi bir \u015fekilde cevaplam\u0131\u015f de\u011fildir. Bu konularda her hangi bir de\u011ferlendirme yapt\u0131\u011f\u0131na tan\u0131k olmad\u0131k. Bizimle yapaca\u011f\u0131 g\u00f6r\u00fc\u015fmeler elbette bu konular\u0131 kar\u015f\u0131l\u0131kl\u0131 konu\u015fmam\u0131z gerekirdi ama bunu kendi aram\u0131zda \u00f6zel bir konu\u015fma olarak tutmaya hakk\u0131m\u0131z yoktur. \u00c7\u00fcnk\u00fc milletin bu tart\u0131\u015fmay\u0131 dinleme ve \u00f6\u011frenme hakk\u0131 vard\u0131r. Bu herkesi \u00e7ok yak\u0131ndan ilgilendiren b\u00fcy\u00fck bir konudur. \u015eimdi Say\u0131n Ba\u015fbakan\u2019\u0131n b\u00f6yle bir konu\u015fmadan ka\u00e7\u0131nma karar\u0131n\u0131 ald\u0131\u011f\u0131n\u0131 g\u00f6r\u00fcyorum, takdir kendisinindir. \u015eimdi Ba\u015fbakan bizimle g\u00f6r\u00fc\u015fmekten ka\u00e7\u0131nm\u0131\u015ft\u0131r ama asl\u0131nda sormak gerekir, Ba\u015fbakan bizimle g\u00f6r\u00fc\u015fmekten im ka\u00e7\u0131nm\u0131\u015ft\u0131r, yoksa d\u00fc\u015f\u00fcncelerini halk\u0131n \u00f6\u011frenmesi durumundan m\u0131 uzak durmak istemi\u015ftir, bizim halk ad\u0131na yapaca\u011f\u0131m\u0131z sorgulamay\u0131 cevaplamaktan m\u0131 ka\u00e7\u0131nm\u0131\u015ft\u0131r, bu ger\u00e7e\u011fin halk\u0131n bilgisine yans\u0131mas\u0131ndan m\u0131 ka\u00e7\u0131nm\u0131\u015ft\u0131r? Bunun takdirini milletimize b\u0131rak\u0131yorum.\u201d<\/p>\n<p style=\"text-align: justify;\"><strong><em>\u2018Gizli bilgi veririm\u2019 demedi<\/em><\/strong><\/p>\n<p style=\"text-align: justify;\">Baykal, bir gazetecinin \u201cSay\u0131n Ba\u015fbakan devlet s\u0131rr\u0131 niteli\u011fi ta\u015f\u0131yan bilgileri sizinle payla\u015fmak istedi\u011fini belirtirse tavr\u0131n\u0131z ne olacak? \u00c7\u00fcnk\u00fc \u00f6n\u00fcm\u00fczdeki hafta MGK toplant\u0131s\u0131 var. MGK sonras\u0131na ili\u015fkin bir randevu talebi gelirse yan\u0131t\u0131n\u0131z ne olacak?\u201d sorusu \u00fczerine, Ba\u015fbakan\u2019\u0131n yazd\u0131\u011f\u0131 mektupta g\u00f6r\u00fc\u015fme amac\u0131n\u0131, \u201cK\u00fcrt a\u00e7\u0131l\u0131m\u0131\u201d politikas\u0131n\u0131n bug\u00fcn geldi\u011fi a\u015fama hakk\u0131nda bilgi vermek ve bu konuda kendilerinden d\u00fc\u015f\u00fcnce ve \u00f6nerilerini almak olarak belirtti\u011fini s\u00f6yledi. \u201c(Size gizli bilgiler verece\u011fim, devletin bu konudaki bilgilerini sizinle payla\u015faca\u011f\u0131m) diye randevu istemedi. Randevuyu niye istedi\u011fi ortada\u201d diyen Baykal, Ba\u015fbakan ile a\u00e7\u0131l\u0131m\u0131 tart\u0131\u015fmak istediklerini belirtti.<\/p>\n<p style=\"text-align: justify;\"><span style=\"color: #888888;\">Haber Kayna\u011f\u0131 : Macit Soydan &#8211; <a href=\"http:\/\/www.yenicaggazetesi.com.tr\/haberdetay.php?hit=24769\" target=\"_blank\">yenicaggazetesi.com.tr<\/a><\/span><\/p>\n","protected":false},"excerpt":{"rendered":"<p style=\"text-align: center;\">\n<p style=\"text-align: justify;\">Kapal\u0131 g\u00f6r\u00fc\u015fme olmaz<\/p>\n<p style=\"text-align: justify;\">BAYKAL\u2019\u0131n bu a\u00e7\u0131klamaya cevab\u0131 gecikmedi: Bu g\u00f6r\u00fc\u015fmenin kapal\u0131 kap\u0131lar arkas\u0131nda, milletten ka\u00e7\u0131r\u0131lan konu\u015fma olarak ger\u00e7ekle\u015ftirilmesi konusundaki Ba\u015fbakan\u2019\u0131n \u0131srar\u0131n\u0131 anlamak, kabul etmek benim i\u00e7in m\u00fcmk\u00fcn de\u011fildir.<\/p>\n<p style=\"text-align: justify;\">Baykal\u2019dan kamera resti<\/p>\n<p style=\"text-align: justify;\">Deniz Baykal\u2019dan mektupla randevu koparan Ba\u015fbakan, \u201ckamera \u015fart\u0131n\u0131\u201d kabul edemeyece\u011fini s\u00f6yledi. CHP lideri <\/p>\n","protected":false},"author":1,"featured_media":0,"comment_status":"open","ping_status":"closed","sticky":false,"template":"","format":"standard","meta":{"footnotes":""},"categories":[105],"tags":[],"class_list":["post-15867","post","type-post","status-publish","format-standard","hentry","category-gundem","odd"],"_links":{"self":[{"href":"http:\/\/www.korhanyilmaz.com\/index.php?rest_route=\/wp\/v2\/posts\/15867","targetHints":{"allow":["GET"]}}],"collection":[{"href":"http:\/\/www.korhanyilmaz.com\/index.php?rest_route=\/wp\/v2\/posts"}],"about":[{"href":"http:\/\/www.korhanyilmaz.com\/index.php?rest_route=\/wp\/v2\/types\/post"}],"author":[{"embeddable":true,"href":"http:\/\/www.korhanyilmaz.com\/index.php?rest_route=\/wp\/v2\/users\/1"}],"replies":[{"embeddable":true,"href":"http:\/\/www.korhanyilmaz.com\/index.php?rest_route=%2Fwp%2Fv2%2Fcomments&post=15867"}],"version-history":[{"count":0,"href":"http:\/\/www.korhanyilmaz.com\/index.php?rest_route=\/wp\/v2\/posts\/15867\/revisions"}],"wp:attachment":[{"href":"http:\/\/www.korhanyilmaz.com\/index.php?rest_route=%2Fwp%2Fv2%2Fmedia&parent=15867"}],"wp:term":[{"taxonomy":"category","embeddable":true,"href":"http:\/\/www.korhanyilmaz.com\/index.php?rest_route=%2Fwp%2Fv2%2Fcategories&post=15867"},{"taxonomy":"post_tag","embeddable":true,"href":"http:\/\/www.korhanyilmaz.com\/index.php?rest_route=%2Fwp%2Fv2%2Ftags&post=15867"}],"curies":[{"name":"wp","href":"https:\/\/api.w.org\/{rel}","templated":true}]}}