{"id":15863,"date":"2009-10-16T22:35:47","date_gmt":"2009-10-16T19:35:47","guid":{"rendered":"http:\/\/www.korhanyilmaz.com\/?p=15863"},"modified":"2009-10-16T22:35:47","modified_gmt":"2009-10-16T19:35:47","slug":"hazmettirme-recetesi-alacaktir","status":"publish","type":"post","link":"http:\/\/www.korhanyilmaz.com\/?p=15863","title":{"rendered":"HAZMETT\u0130RME re\u00e7etesi alacakt\u0131r"},"content":{"rendered":"<p><a href=\"http:\/\/www.korhanyilmaz.com\/wp-content\/uploads\/2009\/10\/abd.jpg\"  class=\"lightview\"><img loading=\"lazy\" decoding=\"async\" class=\"aligncenter size-full wp-image-15864\" src=\"http:\/\/www.korhanyilmaz.com\/wp-content\/uploads\/2009\/10\/abd.jpg\" alt=\"\" width=\"450\" height=\"225\" \/><\/a><\/p>\n<p style=\"text-align: justify;\">Erdo\u011fan&#8217;\u0131n ABD Ziyaretine Muhalefetten Tepki Ya\u011fd\u0131:<\/p>\n<p style=\"text-align: justify;\"><strong><em>Hazmettirmek istiyorlar<\/em><\/strong><\/p>\n<p style=\"text-align: justify;\">CHP \u0130zmir Milltevekili Canan Ar\u0131tman, yak\u0131n zamanda ABD Ba\u015fkan\u0131 Obama ile Ba\u015fbakan Erdo\u011fan\u2019\u0131n ili\u015fkilerinin iyice artt\u0131\u011f\u0131n\u0131 s\u00f6yledi. Obama\u2019n\u0131n Ba\u015fbakan\u2019\u0131 hazmettirmek i\u00e7in aya\u011f\u0131na \u00e7a\u011f\u0131rd\u0131\u011f\u0131n\u0131 savunan Ar\u0131tman, \u201cYak\u0131n zamanda Obama ile Erdo\u011fan, iyice s\u0131k\u0131 f\u0131k\u0131 oldu. Birbirlerini \u00e7ok s\u0131k g\u00f6rme ihtiyac\u0131 duyuyorlar. Acaba bu ihtiya\u00e7 ABD\u2019nin \u00e7\u0131karlar\u0131n\u0131n bir an \u00f6nce ger\u00e7ekle\u015fmesinden do\u011fan bir ihtiya\u00e7 m\u0131d\u0131r?\u201d diye sordu. Obama\u2019n\u0131n T\u00fcrkiye ziyaretinde, TBMM\u2019de milletvekillerinin g\u00f6z\u00fcne baka baka \u201cErmenistan\u2019a arka \u00e7\u0131karak tarihinizle y\u00fczle\u015fin\u201d, \u201cKuzey Irak\u2019taki y\u00f6netimle anla\u015f\u0131n\u201d talimatlar\u0131 ya\u011fd\u0131rd\u0131\u011f\u0131n\u0131 hat\u0131rlatan Ar\u0131tman, \u015funlar\u0131 kaydetti: <!--more--><\/p>\n<p style=\"text-align: justify;\"><strong><em>Yol bulamad\u0131lar<\/em><\/strong><\/p>\n<p style=\"text-align: justify;\">\u201cOndan sonra ard\u0131 ard\u0131na a\u00e7\u0131l\u0131mlar ba\u015flad\u0131. Cumhurba\u015fkan\u0131 ve Ba\u015fbakan verilen g\u00f6revleri yapmak \u00e7abas\u0131ndalar. Ba\u015fbakan\u2019\u0131n aniden ABD\u2019ye \u00e7a\u011fr\u0131lmas\u0131n\u0131n nedeni, hazmettirmenin yolunu bulamad\u0131lar. Herhalde hazmettirme re\u00e7etelerini yeniden Ba\u015fbakan\u2019\u0131n eline verecekler.Ba\u015fbakan\u2019dan tekrar bir bask\u0131 alt\u0131na al\u0131nmak \u00fczere verilen g\u00f6revleri, verilen takvimde, s\u00fcratle yapmas\u0131 istenecektir.\u201d<\/p>\n<p style=\"text-align: justify;\"><strong><em>T\u00fcrkiye a\u00e7\u0131s\u0131ndan sak\u0131ncal\u0131<\/em><\/strong><\/p>\n<p style=\"text-align: justify;\">MHP Trabzon Milletvekili S\u00fcleyman Latif Yunuso\u011flu da, ABD Ba\u015fkan\u0131 se\u00e7ildikten sonra ilk ziyaretini T\u00fcrkiye\u2019ye yapan Barack Obama\u2019n\u0131n, T\u00fcrkiye\u2019ye ya\u011fd\u0131rd\u0131\u011f\u0131 direktiflerin bug\u00fcn de devam etti\u011fini s\u00f6yledi. Ziyaretir ard\u0131ndan T\u00fcrkiye\u2019de demokratik a\u00e7\u0131l\u0131m ad\u0131 alt\u0131nda baz\u0131 a\u00e7\u0131l\u0131mlar\u0131n tart\u0131\u015f\u0131ld\u0131\u011f\u0131na dikkat \u00e7eken Yunuso\u011flu, bu a\u00e7\u0131l\u0131mlar\u0131n h\u0131zland\u0131r\u0131lmas\u0131 i\u00e7in Obama\u2019n\u0131n Ba\u015fbakan\u2019a yeni stratejiler verece\u011fini kaydetti. Yunuso\u011flu, \u015funlar\u0131 s\u00f6yledi: \u201cBiz her zaman \u015funu savunuyoruz. T\u00fcrkiye Cumhuriyeti Devletini y\u00f6neten TBMM\u2019dir. Onun y\u00fcr\u00fctme organ\u0131 h\u00fck\u00fcmettir, Ba\u015fbakan\u2019d\u0131r. Dolay\u0131s\u0131yla kendisi ve kom\u015fular\u0131 ile ilgili b\u00fct\u00fcn kararlar\u0131 kendi iradesiyle almak zorundad\u0131r. Bunu ba\u015fka devletlerin, hele hele s\u00fcper devletlerin bir tak\u0131m bask\u0131lar\u0131yla icra safhas\u0131na konulmas\u0131n\u0131 T\u00fcrkiye\u2019nin gelece\u011fi a\u00e7\u0131s\u0131ndan sak\u0131ncal\u0131 g\u00f6r\u00fcyorum.\u201d<\/p>\n<p style=\"text-align: justify;\"><strong><em>Yeni a\u00e7\u0131l\u0131m \u00f6devleri verecek<\/em><\/strong><\/p>\n<p style=\"text-align: justify;\">Emekli B\u00fcy\u00fckel\u00e7i \u0130nal Batu, ABD Ba\u015fkan\u0131 Barack Obama\u2019n\u0131n, Ba\u015fbakan Erdo\u011fan\u2019a yeni \u00f6devler verece\u011fini kaydetti. Batu, \u015funlar\u0131 s\u00f6yledi: \u201cMahmur kamp\u0131n\u0131n bo\u015falt\u0131lmas\u0131 ve \u00f6zellikle Ermeni a\u00e7\u0131l\u0131m\u0131n\u0131 konu\u015facaklard\u0131r. Ba\u015fbakan, Obama\u2019ya \u2019Ben bu protokolleri Meclis\u2019ten ge\u00e7iremem, Ermenistan\u2019a bask\u0131 yap\u0131n, Ermeniler ve Ruslar Da\u011fl\u0131k Karaba\u011f\u2019dan \u00e7ekilsin\u2019 diyecek. Bunlar T\u00fcrkiye a\u00e7\u0131s\u0131ndan \u00f6nemli konular. AKP iktidar\u0131 kom\u015fularla s\u0131f\u0131r sorun diye bir slogan att\u0131lar ortaya. Daha sonra Azerbaycan\u2019la neredeyse birbirimize giriyorduk ve \u0130srail ile ili\u015fkilerimiz fevkalade bozuldu. \u00d6yle san\u0131yorum ki ABD Ba\u015fkan\u0131, Erdo\u011fan\u2019a \u0130srail konusunda daha dikkatli olmas\u0131 y\u00f6n\u00fcnde uyaracak ve yeni a\u00e7\u0131l\u0131mlara y\u00f6nelik \u00f6devini verecektir.\u201d<\/p>\n<p style=\"text-align: justify;\">ABD\u2019nin PKK\u2019n\u0131n eleba\u015flar\u0131n\u0131 T\u00fcrkiye\u2019ye iade etmeye yana\u015fmayaca\u011f\u0131n\u0131 belirten Batu, \u201cOnlar\u0131 bir \u0130skandinav \u00fclkesine g\u00f6nderecekler\u201d dedi.<\/p>\n<p style=\"text-align: justify;\"><span style=\"color: #888888;\">Haber Kayna\u011f\u0131 : <a href=\"http:\/\/www.yenicaggazetesi.com.tr\/haberdetay.php?hit=24768\" target=\"_blank\">yenicaggazetesi.com.tr<\/a><\/span><\/p>\n","protected":false},"excerpt":{"rendered":"<\/p>\n<p style=\"text-align: justify;\">Erdo\u011fan&#8217;\u0131n ABD Ziyaretine Muhalefetten Tepki Ya\u011fd\u0131:<\/p>\n<p style=\"text-align: justify;\">Hazmettirmek istiyorlar<\/p>\n<p style=\"text-align: justify;\">CHP \u0130zmir Milltevekili Canan Ar\u0131tman, yak\u0131n zamanda ABD Ba\u015fkan\u0131 Obama ile Ba\u015fbakan Erdo\u011fan\u2019\u0131n ili\u015fkilerinin iyice artt\u0131\u011f\u0131n\u0131 s\u00f6yledi. Obama\u2019n\u0131n Ba\u015fbakan\u2019\u0131 hazmettirmek i\u00e7in aya\u011f\u0131na \u00e7a\u011f\u0131rd\u0131\u011f\u0131n\u0131 savunan Ar\u0131tman, \u201cYak\u0131n zamanda Obama ile Erdo\u011fan, iyice s\u0131k\u0131 f\u0131k\u0131 oldu. Birbirlerini \u00e7ok s\u0131k g\u00f6rme ihtiyac\u0131 duyuyorlar. <\/p>\n","protected":false},"author":1,"featured_media":0,"comment_status":"open","ping_status":"closed","sticky":false,"template":"","format":"standard","meta":{"footnotes":""},"categories":[105],"tags":[],"class_list":["post-15863","post","type-post","status-publish","format-standard","hentry","category-gundem","odd"],"_links":{"self":[{"href":"http:\/\/www.korhanyilmaz.com\/index.php?rest_route=\/wp\/v2\/posts\/15863","targetHints":{"allow":["GET"]}}],"collection":[{"href":"http:\/\/www.korhanyilmaz.com\/index.php?rest_route=\/wp\/v2\/posts"}],"about":[{"href":"http:\/\/www.korhanyilmaz.com\/index.php?rest_route=\/wp\/v2\/types\/post"}],"author":[{"embeddable":true,"href":"http:\/\/www.korhanyilmaz.com\/index.php?rest_route=\/wp\/v2\/users\/1"}],"replies":[{"embeddable":true,"href":"http:\/\/www.korhanyilmaz.com\/index.php?rest_route=%2Fwp%2Fv2%2Fcomments&post=15863"}],"version-history":[{"count":0,"href":"http:\/\/www.korhanyilmaz.com\/index.php?rest_route=\/wp\/v2\/posts\/15863\/revisions"}],"wp:attachment":[{"href":"http:\/\/www.korhanyilmaz.com\/index.php?rest_route=%2Fwp%2Fv2%2Fmedia&parent=15863"}],"wp:term":[{"taxonomy":"category","embeddable":true,"href":"http:\/\/www.korhanyilmaz.com\/index.php?rest_route=%2Fwp%2Fv2%2Fcategories&post=15863"},{"taxonomy":"post_tag","embeddable":true,"href":"http:\/\/www.korhanyilmaz.com\/index.php?rest_route=%2Fwp%2Fv2%2Ftags&post=15863"}],"curies":[{"name":"wp","href":"https:\/\/api.w.org\/{rel}","templated":true}]}}