{"id":15859,"date":"2009-10-17T15:44:47","date_gmt":"2009-10-17T12:44:47","guid":{"rendered":"http:\/\/www.korhanyilmaz.com\/?p=15859"},"modified":"2009-10-17T15:44:47","modified_gmt":"2009-10-17T12:44:47","slug":"25-kasimda-kamu-hizmetleri-duracak","status":"publish","type":"post","link":"http:\/\/www.korhanyilmaz.com\/?p=15859","title":{"rendered":"25 Kas\u0131m&#8217;da kamu hizmetleri duracak"},"content":{"rendered":"<p><a href=\"http:\/\/www.korhanyilmaz.com\/wp-content\/uploads\/2009\/10\/kesk.jpg\"  class=\"lightview\"><img loading=\"lazy\" decoding=\"async\" class=\"aligncenter size-full wp-image-15860\" src=\"http:\/\/www.korhanyilmaz.com\/wp-content\/uploads\/2009\/10\/kesk.jpg\" alt=\"\" width=\"292\" height=\"196\" \/><\/a><\/p>\n<p style=\"text-align: justify;\">Kamu Emek\u00e7ileri Sendikalar\u0131 Konfederasyonu (KESK) Genel Bas\u0131n Yay\u0131n Sekreteri H\u00fcseyin G\u00f6lpunar, 25 Kas\u0131m&#8217;da T\u00fcrkiye&#8217;de kamu hizmetlerinin duraca\u011f\u0131n\u0131 s\u00f6yledi.<\/p>\n<p style=\"text-align: justify;\">Baz\u0131 temaslarda bulunmak \u00fczere K\u0131rklareli&#8217;ne gelen G\u00f6lpunar, E\u011fitim Sen b\u00fcrosunda yapt\u0131\u011f\u0131 konu\u015fmas\u0131nda, 25 Kas\u0131m&#8217;da u\u00e7aklar\u0131n havalanmayaca\u011f\u0131n\u0131, trenler ile vapurlar\u0131n \u00e7al\u0131\u015fmayaca\u011f\u0131n\u0131 ileri s\u00fcrd\u00fc. <!--more--><\/p>\n<p style=\"text-align: justify;\">Acil servisler d\u0131\u015f\u0131nda sa\u011fl\u0131k hizmetlerinin duraca\u011f\u0131n\u0131 ifade eden G\u00f6lpunar, \u015f\u00f6yle devam etti:<\/p>\n<p style=\"text-align: justify;\">&#8220;Vergi toplanmayacak, belediye hizmetleri duracak. Siyasi iktidar bize grevden, \u00fcretimden gelen g\u00fcc\u00fcm\u00fcz\u00fc kullanmaktan ba\u015fka bir yol b\u0131rakmam\u0131\u015ft\u0131r. KESK olarak 25 kas\u0131mda 1 g\u00fcnl\u00fck bir uyar\u0131 grevi karar\u0131 alm\u0131\u015f bulunmaktay\u0131z.<\/p>\n<p style=\"text-align: justify;\">Bu kararla ilgili bizim d\u0131\u015f\u0131m\u0131zdaki iki konfederasyonla da g\u00f6r\u00fc\u015ft\u00fck. KAMU-SEN ile 25 Kas\u0131m&#8217;da uyar\u0131 grevinde i\u015f yerlerinde ortakla\u015fma karar\u0131 ald\u0131k. Bu s\u00fcre\u00e7te emek ve meslek \u00f6rg\u00fctleriyle temas\u0131m\u0131z\u0131 s\u00fcrd\u00fcr\u00fcyoruz.&#8221;<\/p>\n<p style=\"text-align: justify;\"><span style=\"color: #888888;\">CNN T\u00dcRK<\/span><\/p>\n","protected":false},"excerpt":{"rendered":"<\/p>\n<p style=\"text-align: justify;\">Kamu Emek\u00e7ileri Sendikalar\u0131 Konfederasyonu (KESK) Genel Bas\u0131n Yay\u0131n Sekreteri H\u00fcseyin G\u00f6lpunar, 25 Kas\u0131m&#8217;da T\u00fcrkiye&#8217;de kamu hizmetlerinin duraca\u011f\u0131n\u0131 s\u00f6yledi.<\/p>\n<p style=\"text-align: justify;\">Baz\u0131 temaslarda bulunmak \u00fczere K\u0131rklareli&#8217;ne gelen G\u00f6lpunar, E\u011fitim Sen b\u00fcrosunda yapt\u0131\u011f\u0131 konu\u015fmas\u0131nda, 25 Kas\u0131m&#8217;da u\u00e7aklar\u0131n havalanmayaca\u011f\u0131n\u0131, trenler ile vapurlar\u0131n \u00e7al\u0131\u015fmayaca\u011f\u0131n\u0131 ileri s\u00fcrd\u00fc. <\/p>\n","protected":false},"author":1,"featured_media":0,"comment_status":"open","ping_status":"closed","sticky":false,"template":"","format":"standard","meta":{"footnotes":""},"categories":[7],"tags":[],"class_list":["post-15859","post","type-post","status-publish","format-standard","hentry","category-ekonomi","odd"],"_links":{"self":[{"href":"http:\/\/www.korhanyilmaz.com\/index.php?rest_route=\/wp\/v2\/posts\/15859","targetHints":{"allow":["GET"]}}],"collection":[{"href":"http:\/\/www.korhanyilmaz.com\/index.php?rest_route=\/wp\/v2\/posts"}],"about":[{"href":"http:\/\/www.korhanyilmaz.com\/index.php?rest_route=\/wp\/v2\/types\/post"}],"author":[{"embeddable":true,"href":"http:\/\/www.korhanyilmaz.com\/index.php?rest_route=\/wp\/v2\/users\/1"}],"replies":[{"embeddable":true,"href":"http:\/\/www.korhanyilmaz.com\/index.php?rest_route=%2Fwp%2Fv2%2Fcomments&post=15859"}],"version-history":[{"count":0,"href":"http:\/\/www.korhanyilmaz.com\/index.php?rest_route=\/wp\/v2\/posts\/15859\/revisions"}],"wp:attachment":[{"href":"http:\/\/www.korhanyilmaz.com\/index.php?rest_route=%2Fwp%2Fv2%2Fmedia&parent=15859"}],"wp:term":[{"taxonomy":"category","embeddable":true,"href":"http:\/\/www.korhanyilmaz.com\/index.php?rest_route=%2Fwp%2Fv2%2Fcategories&post=15859"},{"taxonomy":"post_tag","embeddable":true,"href":"http:\/\/www.korhanyilmaz.com\/index.php?rest_route=%2Fwp%2Fv2%2Ftags&post=15859"}],"curies":[{"name":"wp","href":"https:\/\/api.w.org\/{rel}","templated":true}]}}