{"id":15855,"date":"2009-10-17T11:43:19","date_gmt":"2009-10-17T08:43:19","guid":{"rendered":"http:\/\/www.korhanyilmaz.com\/?p=15855"},"modified":"2009-10-17T11:43:19","modified_gmt":"2009-10-17T08:43:19","slug":"israilden-carpici-iddia","status":"publish","type":"post","link":"http:\/\/www.korhanyilmaz.com\/?p=15855","title":{"rendered":"\u0130srail&#039;den \u00e7arp\u0131c\u0131 iddia!"},"content":{"rendered":"<p style=\"text-align: center;\"><a href=\"http:\/\/www.korhanyilmaz.com\/wp-content\/uploads\/2009\/10\/erdogan1.jpg\"  class=\"lightview\"><img loading=\"lazy\" decoding=\"async\" class=\"aligncenter size-full wp-image-15856\" src=\"http:\/\/www.korhanyilmaz.com\/wp-content\/uploads\/2009\/10\/erdogan1.jpg\" alt=\"\" width=\"329\" height=\"210\" \/><\/a><\/p>\n<p style=\"text-align: justify;\">&#8216;ABD, Ankara&#8217;ya ili\u015fkileri d\u00fczeltmesi i\u00e7in bask\u0131 yap\u0131yor.&#8217;<\/p>\n<p style=\"text-align: justify;\">\u0130srail Radyosu, \u00fcst d\u00fczey Amerikal\u0131 diplomatlar\u0131n \u0130srail&#8217;le ili\u015fkileri yeniden ray\u0131na sokmas\u0131 i\u00e7in T\u00fcrk D\u0131\u015fi\u015fleri&#8217;ne bask\u0131 yapt\u0131\u011f\u0131n\u0131 \u00f6ne s\u00fcrd\u00fc.<\/p>\n<p style=\"text-align: justify;\">Radyonun haberine g\u00f6re, Amerikal\u0131 diplomatlar, artan gerilimin ABD&#8217;nin Ortado\u011fu&#8217;daki \u00e7\u0131karlar\u0131n\u0131 tehlikeye soktu\u011funu belirterek, Ankara&#8217;n\u0131n \u0130srail&#8217;le ili\u015fkilerini d\u00fczeltmesini istedi. \u0130ddiaya g\u00f6re ABD&#8217;li diplomatlar T\u00fcrk muhataplar\u0131na, T\u00fcrkiye-\u0130srail ili\u015fkilerinin gerginle\u015fmesinin, b\u00f6lgede istikrar\u0131 bozarak, a\u015f\u0131r\u0131 \u0130slamc\u0131larla \u0130ran&#8217;\u0131n n\u00fckleer faaliyetlerini durdurmak i\u00e7in verilen m\u00fccadeleye zarar verdi\u011fini s\u00f6yledi.<\/p>\n<p style=\"text-align: justify;\"><span style=\"color: #888888;\">Vatan<\/span><\/p>\n","protected":false},"excerpt":{"rendered":"<p style=\"text-align: center;\">\n<p style=\"text-align: justify;\">&#8216;ABD, Ankara&#8217;ya ili\u015fkileri d\u00fczeltmesi i\u00e7in bask\u0131 yap\u0131yor.&#8217;<\/p>\n<p style=\"text-align: justify;\">\u0130srail Radyosu, \u00fcst d\u00fczey Amerikal\u0131 diplomatlar\u0131n \u0130srail&#8217;le ili\u015fkileri yeniden ray\u0131na sokmas\u0131 i\u00e7in T\u00fcrk D\u0131\u015fi\u015fleri&#8217;ne bask\u0131 yapt\u0131\u011f\u0131n\u0131 \u00f6ne s\u00fcrd\u00fc.<\/p>\n<p style=\"text-align: justify;\">Radyonun haberine g\u00f6re, Amerikal\u0131 diplomatlar, artan gerilimin ABD&#8217;nin Ortado\u011fu&#8217;daki \u00e7\u0131karlar\u0131n\u0131 tehlikeye soktu\u011funu belirterek, Ankara&#8217;n\u0131n \u0130srail&#8217;le ili\u015fkilerini d\u00fczeltmesini istedi. \u0130ddiaya g\u00f6re ABD&#8217;li <\/p>\n","protected":false},"author":1,"featured_media":0,"comment_status":"open","ping_status":"closed","sticky":false,"template":"","format":"standard","meta":{"footnotes":""},"categories":[105],"tags":[],"class_list":["post-15855","post","type-post","status-publish","format-standard","hentry","category-gundem","odd"],"_links":{"self":[{"href":"http:\/\/www.korhanyilmaz.com\/index.php?rest_route=\/wp\/v2\/posts\/15855","targetHints":{"allow":["GET"]}}],"collection":[{"href":"http:\/\/www.korhanyilmaz.com\/index.php?rest_route=\/wp\/v2\/posts"}],"about":[{"href":"http:\/\/www.korhanyilmaz.com\/index.php?rest_route=\/wp\/v2\/types\/post"}],"author":[{"embeddable":true,"href":"http:\/\/www.korhanyilmaz.com\/index.php?rest_route=\/wp\/v2\/users\/1"}],"replies":[{"embeddable":true,"href":"http:\/\/www.korhanyilmaz.com\/index.php?rest_route=%2Fwp%2Fv2%2Fcomments&post=15855"}],"version-history":[{"count":0,"href":"http:\/\/www.korhanyilmaz.com\/index.php?rest_route=\/wp\/v2\/posts\/15855\/revisions"}],"wp:attachment":[{"href":"http:\/\/www.korhanyilmaz.com\/index.php?rest_route=%2Fwp%2Fv2%2Fmedia&parent=15855"}],"wp:term":[{"taxonomy":"category","embeddable":true,"href":"http:\/\/www.korhanyilmaz.com\/index.php?rest_route=%2Fwp%2Fv2%2Fcategories&post=15855"},{"taxonomy":"post_tag","embeddable":true,"href":"http:\/\/www.korhanyilmaz.com\/index.php?rest_route=%2Fwp%2Fv2%2Ftags&post=15855"}],"curies":[{"name":"wp","href":"https:\/\/api.w.org\/{rel}","templated":true}]}}