{"id":15850,"date":"2009-10-17T14:56:09","date_gmt":"2009-10-17T12:56:09","guid":{"rendered":"http:\/\/www.korhanyilmaz.com\/?p=15850"},"modified":"2009-10-17T14:56:09","modified_gmt":"2009-10-17T12:56:09","slug":"bari-dumanla-isaretleserek-konusun","status":"publish","type":"post","link":"http:\/\/www.korhanyilmaz.com\/?p=15850","title":{"rendered":"&#039;Bari dumanla i\u015faretle\u015ferek konu\u015fun&#039;"},"content":{"rendered":"<p style=\"text-align: justify;\"><a href=\"http:\/\/www.korhanyilmaz.com\/wp-content\/uploads\/2009\/10\/numan.jpg\"  class=\"lightview\"><img loading=\"lazy\" decoding=\"async\" class=\"aligncenter size-full wp-image-15851\" src=\"http:\/\/www.korhanyilmaz.com\/wp-content\/uploads\/2009\/10\/numan.jpg\" alt=\"\" width=\"270\" height=\"209\" \/><\/a><\/p>\n<p style=\"text-align: justify;\">Saadet Partisi Genel Ba\u015fkan\u0131 Numan Kurtulmu\u015f, demokratik a\u00e7\u0131l\u0131m konusunda Ba\u015fbakan Recep Tayyip Erdo\u011fan ile CHP Genel Ba\u015fkan\u0131 Deniz Baykal aras\u0131nda ya\u015fanan \u2018kameral\u0131 g\u00f6r\u00fc\u015fme\u2019 tart\u0131\u015fmalar\u0131na tepki g\u00f6stererek, \u201cBari K\u0131z\u0131lderililer gibi dumanla i\u015faretle\u015ferek konu\u015fun\u201d dedi.Kurtulmu\u015f, Radyo Televizyon Gazetecileri Derne\u011fi\u2019nin d\u00fczenledi\u011fi etkinlikte gazetecilerle biraraya geldi. Kurtulmu\u015f, gazetecilerle yapt\u0131\u011f\u0131 sohbette g\u00fcndeme ili\u015fkin de\u011ferlendirmelerde bulundu. <!--more-->T\u00fcrkiye ile \u0130srail aras\u0131nda yeni bir krize neden olan TRT\u2019nin yay\u0131nlad\u0131\u011f\u0131 \u2018Ayr\u0131l\u0131k\u2019 dizisi ile ilgili olarak \u0130srail\u2019in tavr\u0131n\u0131 anlaman\u0131n m\u00fcmk\u00fcn olmad\u0131\u011f\u0131n\u0131 ifade eden Kurtulmu\u015f, \u201c\u0130srail, hem zulmedecek, hem insanlar\u0131n ya\u015fad\u0131klar\u0131 yerleri i\u015fgal edecek, insanlar\u0131n tepelerinden ya\u015fl\u0131, \u00e7ocuk kad\u0131n demeden bombalar\u0131 ya\u011fd\u0131racak hem de b\u00fct\u00fcn bir d\u00fcnyan\u0131n yasaklad\u0131\u011f\u0131 ve insanl\u0131k su\u00e7u olan fosfor bombalar\u0131n\u0131 kullanacak, yani sizi \u00f6ld\u00fcrecek yok edecek, ama siz \u00f6ld\u00fcr\u00fcyorsunuz yok ediyorsunuz demenize de m\u00fcsaade etmeyecek. \u0130srail b\u00f6yle bir tav\u0131r i\u00e7erisinde\u201d diye konu\u015ftu.\u0130srail Ba\u015fbakan\u0131 Netayahu\u2019nun \u201c1999 depreminde bizim askerlerimiz gelip size yard\u0131m etmemi\u015f miydi?\u201d s\u00f6zlerini de ele\u015ftiren Kurtulmu\u015f, \u201cBu s\u00f6z\u00fc s\u00f6ylemenin ne kadar insani de\u011ferlerle ba\u011fda\u015ft\u0131\u011f\u0131n\u0131, \u0130sraillilerin kendi vicdanlar\u0131na havale ediyorum. Evet bu yard\u0131m\u0131 insani bir gerek\u00e7eyle yapt\u0131larsa, sa\u011folsunlar, ellerine sa\u011fl\u0131k. Ama yard\u0131m\u0131n en k\u00f6t\u00fcs\u00fc, yap\u0131ld\u0131ktan sonra insanlar\u0131n ba\u015f\u0131na kak\u0131lan yard\u0131md\u0131r\u201d dedi.Kurtulmu\u015f, H\u00fck\u00fcmet yetkililerinin ve d\u0131\u015fi\u015fleri bakan\u0131n\u0131n bu konudaki deme\u00e7lerini yerinde bulduklar\u0131n\u0131 kaydetti.<\/p>\n<p style=\"text-align: justify;\"><strong><em>-&#8220;YILLARDIR YAPILAN YANLI\u015eTAN D\u00d6N\u00dcLD\u00dc&#8221;- <\/em><\/strong><\/p>\n<p style=\"text-align: justify;\">Konya\u2019daki Anadolu Kartal\u0131 tatbikat\u0131n\u0131n uluslararas\u0131 b\u00f6l\u00fcm\u00fcnden \u0130srail\u2019in \u00e7\u0131kar\u0131lmas\u0131n\u0131 da de\u011ferlendiren Kurtulmu\u015f, \u201c\u00dclkeler, m\u00fc\u015ftereken ni\u00e7in tatbikat yaparlar? M\u00fc\u015fterek tatbikat, ortak d\u00fc\u015fmana kar\u015f\u0131 yap\u0131l\u0131r. T\u00fcrkiye ile \u0130srail\u2019in ortak d\u00fc\u015fman\u0131 kimdir? Topraklar\u0131 i\u015fgal edilmi\u015f , Filistin halk\u0131 m\u0131d\u0131r? Topraklar\u0131 i\u015fgale te\u015febb\u00fcs edilmi\u015f L\u00fcbnan halk\u0131 m\u0131d\u0131r? Suriye halk\u0131 m\u0131d\u0131r? \u0130ran halk\u0131 m\u0131d\u0131r? Irak halk\u0131 m\u0131d\u0131r? Bizim hangi ortak d\u00fc\u015fman\u0131m\u0131z var ki, biz \u0130srail ile ortak d\u00fc\u015fmana kar\u015f\u0131 haz\u0131rl\u0131kl\u0131 olmak i\u00e7in tatbikat yapaca\u011f\u0131z?\u201d diye konu\u015ftu.Kurtulmu\u015f, Ba\u015fbakan Erdo\u011fan ile CHP Genel Ba\u015fkan\u0131 Deniz Baykal\u2019\u0131n \u2018a\u00e7\u0131l\u0131m\u2019 hakk\u0131nda yapacaklar\u0131 g\u00f6r\u00fc\u015fmedeki kamera tart\u0131\u015fmas\u0131na da de\u011finerek, \u201cBen ba\u015ftan beri AKP ile CHP\u2019nin bu konuda bir tuluat tiyatrosu oynad\u0131\u011f\u0131 kanaatindeyim. Bak\u0131n Demokratik a\u00e7\u0131l\u0131m diye tart\u0131\u015f\u0131lan bu konu T\u00fcrkiye Cumhuriyetinin kurulu\u015fundan bu yana konu\u015fulan en \u00f6nemli sorunudur. 30 bin insan \u00f6lm\u00fc\u015f, binlerce askerimiz \u015fehit olmu\u015f, milyarlarca dolar\u0131m\u0131z heba olmu\u015f.Bu memlekette as\u0131rlard\u0131r birlikte ya\u015fayan halk\u0131n aras\u0131na b\u00fcy\u00fck g\u00fc\u00e7lerin \u00e7abas\u0131yla bir b\u00fcy\u00fck fitne girmi\u015f. Bu fitnenin bozulmas\u0131 laz\u0131m. Bu konu konu\u015fulmaya Haziran\u2019da ba\u015flad\u0131k. Ekim\u2019in ortas\u0131na geldik. 4.5 ay ge\u00e7mi\u015f. Birisi neredeyse Anayasa\u2019ya de\u011fi\u015ftirecek parlamento \u00e7o\u011funlu\u011funa sahip olan bir parti. Di\u011feri anamuhalefet oldu\u011fu zannedilen bir parti. Bu kadar \u00f6nemli bir konuyu 4.5 ay sonra g\u00f6r\u00fc\u015fmeyi, acaba mektupla\u015fma arac\u0131l\u0131yla yapabilir miyiz yapamay\u0131z m\u0131y\u0131 tart\u0131\u015f\u0131yorlar. Halk diyor ki, bari K\u0131z\u0131lderililer gibi dumanla i\u015faretle\u015ferek konu\u015fun\u201d dedi.Gelinen noktay\u0131 gayri ciddi bir tutum olarak nitelendiren Kurtulmu\u015f, \u201cBu kadar \u00f6nemli bir konuyu anlaman\u0131n g\u00f6stergesidir.Kim ne biliyorsa ortaya koymal\u0131. Zaten siyaset\u00e7i, her an kameralar\u0131n \u00f6n\u00fcndeymi\u015f gibi \u015feffaf olmak zorundad\u0131r. Evet milli bir s\u0131r olabilir, devlet s\u0131rr\u0131 olabilir. Bunun yeri de usul\u00fc de \u00fcslubu da bellidir\u201d diye konu\u015ftu.<\/p>\n<p style=\"text-align: justify;\"><strong><em>-&#8220;GEL\u0130RLER \u0130DARES\u0130 \u00d6ZERKLE\u015eT\u0130R\u0130L\u0130RSE &#8216;D\u00dcYUN-U UMUM\u0130YE&#8217; GELD\u0130 DEMEKT\u0130R&#8221;- <\/em><\/strong><\/p>\n<p style=\"text-align: justify;\">Bir soru \u00fczerine T\u00fcrkiye\u2019nin IMF ile yapaca\u011f\u0131 s\u00f6ylenen anla\u015fmay\u0131 da de\u011ferlendiren Kurtulmu\u015f, AKP\u2019nin IMF ne diyorsa o emirleri uygulam\u0131\u015f olan bir parti oldu\u011funu belirterek \u201cAsl\u0131nda anla\u015fma yap\u0131ld\u0131. Ama Say\u0131n Ba\u015fbakan anla\u015fmay\u0131 yapm\u0131yormu\u015f gibi yaparak bir PR \u00e7al\u0131\u015fmas\u0131 s\u00fcrd\u00fcr\u00fcyor. Bir\u00e7ok alanda da ayn\u0131 \u015fekilde davran\u0131yor. M\u0131\u015f gibi yap\u0131yor, halktaki o tepkiyi azaltt\u0131ktan sonra yoluna devam ediyor\u201d dedi. Kurtulmu\u015f, T\u00fcrkiye\u2019de kamunun yat\u0131r\u0131m yapamaz, devletin hastanelerini, okullar\u0131n\u0131 boyayamaz hale geldi\u011fini ifade ederek \u015f\u00f6yle konu\u015ftu:\u201cT\u00fcrkiye bu noktaya getirildi. Problem ne? Hala T\u00fcrkiye\u2019de egemen bir devlet var, vatanda\u015ftan vergileri topluyor. \u015eimdi IMF diyor ki \u2018Senin \u015fu kadar borcun var. Bu vergileri topluyorsun. Bunu \u00e7ar\u00e7ur etmemen laz\u0131m. Bu vergileri nas\u0131l toplayaca\u011f\u0131n\u0131 ben kontrol edece\u011fim\u2019 Gelirler \u0130daresinin \u00f6zerkle\u015ftirilmesi dedi\u011fimiz \u015fey budur. Biz bunu s\u00f6yledi\u011fimiz zaman Say\u0131n Ba\u015fbakan \u2018Hay\u0131r olmaz \u00f6yle \u015fey\u2019 diyor. Ama orta vadeli programa mali kural diye bir \u015fey koydular. Mali kural TBMM\u2019nin elinde olan b\u00fct\u00e7e yapma yetkisini, ne kadar d\u0131\u015f bor\u00e7 yap\u0131laca\u011f\u0131n\u0131, ne kadar i\u00e7 bor\u00e7 yap\u0131laca\u011f\u0131n\u0131n s\u0131n\u0131rlar\u0131n\u0131 a\u00e7\u0131k\u00e7a ilan edilerek uluslararas\u0131 kurumlara devredilmesinin alt yap\u0131s\u0131d\u0131r. E\u011fer H\u00fck\u00fcmet Gelirler \u0130daresinin \u00f6zerkle\u015ftirilmesi konusunda bir karara imza atarsa -ki biz bu anla\u015fman\u0131n bitti\u011fini biliyoruz- bunun manas\u0131 \u015fudur: T\u00fcrkiye D\u00fcyun-u Umumiye idaresine geri d\u00f6nd\u00fc demektir. Millet D\u00fcyun-u Umumiye deyince \u00e7ok k\u00f6t\u00fc diyor, t\u00fcyleri diken diken oluyor. Ama D\u00fcyun-u Umumiye idaresi Osmanl\u0131 b\u00fct\u00e7esinin sadece \u00fc\u00e7te biriyle ilgiliydi. \u015eimdi D\u00fcyun-u Umumiye\u2019nin postmodern versiyonu olan Gelirler \u0130daresinin \u00f6zerkle\u015ftirilmesi ve burada getirilen mali kural b\u00fct\u00e7enin tamam\u0131n\u0131n kontrol alt\u0131na al\u0131nmas\u0131na m\u00fcsaade ediyor. Dolay\u0131s\u0131yla bu s\u00fcrd\u00fcr\u00fclemez bir \u015fey. Sadece bu H\u00fck\u00fcmet\u2019in yanl\u0131\u015f\u0131 olmaz bu. Maalesef T\u00fcrkiye Cumhuriyeti Devletimizin diz \u00e7\u00f6kt\u00fcr\u00fclmesi anlam\u0131na gelir.\u201d ( ANKA )<\/p>\n<p style=\"text-align: justify;\"><span style=\"color: #888888;\">Haber Kayna\u011f\u0131 : Vatan<\/span><\/p>\n","protected":false},"excerpt":{"rendered":"<p style=\"text-align: justify;\">\n<p style=\"text-align: justify;\">Saadet Partisi Genel Ba\u015fkan\u0131 Numan Kurtulmu\u015f, demokratik a\u00e7\u0131l\u0131m konusunda Ba\u015fbakan Recep Tayyip Erdo\u011fan ile CHP Genel Ba\u015fkan\u0131 Deniz Baykal aras\u0131nda ya\u015fanan \u2018kameral\u0131 g\u00f6r\u00fc\u015fme\u2019 tart\u0131\u015fmalar\u0131na tepki g\u00f6stererek, \u201cBari K\u0131z\u0131lderililer gibi dumanla i\u015faretle\u015ferek konu\u015fun\u201d dedi.Kurtulmu\u015f, Radyo Televizyon Gazetecileri Derne\u011fi\u2019nin d\u00fczenledi\u011fi etkinlikte gazetecilerle biraraya geldi. Kurtulmu\u015f, gazetecilerle yapt\u0131\u011f\u0131 sohbette g\u00fcndeme ili\u015fkin de\u011ferlendirmelerde bulundu. <\/p>\n","protected":false},"author":1,"featured_media":0,"comment_status":"open","ping_status":"closed","sticky":false,"template":"","format":"standard","meta":{"footnotes":""},"categories":[105],"tags":[],"class_list":["post-15850","post","type-post","status-publish","format-standard","hentry","category-gundem","odd"],"_links":{"self":[{"href":"http:\/\/www.korhanyilmaz.com\/index.php?rest_route=\/wp\/v2\/posts\/15850","targetHints":{"allow":["GET"]}}],"collection":[{"href":"http:\/\/www.korhanyilmaz.com\/index.php?rest_route=\/wp\/v2\/posts"}],"about":[{"href":"http:\/\/www.korhanyilmaz.com\/index.php?rest_route=\/wp\/v2\/types\/post"}],"author":[{"embeddable":true,"href":"http:\/\/www.korhanyilmaz.com\/index.php?rest_route=\/wp\/v2\/users\/1"}],"replies":[{"embeddable":true,"href":"http:\/\/www.korhanyilmaz.com\/index.php?rest_route=%2Fwp%2Fv2%2Fcomments&post=15850"}],"version-history":[{"count":0,"href":"http:\/\/www.korhanyilmaz.com\/index.php?rest_route=\/wp\/v2\/posts\/15850\/revisions"}],"wp:attachment":[{"href":"http:\/\/www.korhanyilmaz.com\/index.php?rest_route=%2Fwp%2Fv2%2Fmedia&parent=15850"}],"wp:term":[{"taxonomy":"category","embeddable":true,"href":"http:\/\/www.korhanyilmaz.com\/index.php?rest_route=%2Fwp%2Fv2%2Fcategories&post=15850"},{"taxonomy":"post_tag","embeddable":true,"href":"http:\/\/www.korhanyilmaz.com\/index.php?rest_route=%2Fwp%2Fv2%2Ftags&post=15850"}],"curies":[{"name":"wp","href":"https:\/\/api.w.org\/{rel}","templated":true}]}}