{"id":15836,"date":"2009-09-10T16:19:54","date_gmt":"2009-09-10T13:19:54","guid":{"rendered":"http:\/\/www.korhanyilmaz.com\/?p=15836"},"modified":"2009-09-10T16:19:54","modified_gmt":"2009-09-10T13:19:54","slug":"sehit-cenazesinde-sozun-bittigi-an","status":"publish","type":"post","link":"http:\/\/www.korhanyilmaz.com\/?p=15836","title":{"rendered":"\u015eehit cenazesinde s\u00f6z\u00fcn bitti\u011fi an!"},"content":{"rendered":"<p style=\"text-align: center;\"><a href=\"http:\/\/www.korhanyilmaz.com\/wp-content\/uploads\/2009\/10\/asker.Jpeg\"  class=\"lightview\"><img loading=\"lazy\" decoding=\"async\" class=\"aligncenter size-full wp-image-15837\" src=\"http:\/\/www.korhanyilmaz.com\/wp-content\/uploads\/2009\/10\/asker.Jpeg\" alt=\"\" width=\"304\" height=\"229\" \/><\/a><\/p>\n<p style=\"text-align: justify;\">S\u0130\u0130RT&#8217;in Eruh \u0130l\u00e7esi&#8217;nde kat\u0131ld\u0131\u011f\u0131 ilk operasyonda \u015fehit d\u00fc\u015fen Jandarma Komando Er Emrah Temel (20) yakla\u015f\u0131k 6 bin ki\u015finin kat\u0131ld\u0131\u011f\u0131 t\u00f6renle topra\u011fa verildi. Vatanda\u015flar, &#8220;A\u00e7\u0131l\u0131ma destek vatana ihanet&#8221; sloganlar\u0131 atarken, \u015fehit askerin ailesi, ni\u015fanl\u0131s\u0131 ve cenazenin \u00f6n\u00fcnde n\u00f6bet tutan bir asker g\u00f6zya\u015flar\u0131na bo\u011fuldu.<\/p>\n<p style=\"text-align: justify;\">\u00d6nceki g\u00fcn Siirt&#8217;in Eruh \u0130l\u00e7esi&#8217;nde b\u00f6l\u00fcc\u00fc ter\u00f6r \u00f6rg\u00fct\u00fc PKK ile girilen \u00e7at\u015fmada, 15 g\u00fcn \u00f6nce usta birli\u011fine kat\u0131lan ve kat\u0131ld\u0131\u011f\u0131 ilk operasyonda \u015fehit d\u00fc\u015fen Emrah Temel&#8217;in cenazesi d\u00fcn ak\u015fam saatlerinde Mudurnu&#8217;nun Ta\u015fkesti Beldesi&#8217;ne ba\u011fl\u0131 Avdullar K\u00f6y\u00fc&#8217;ndeki evinin \u00f6n\u00fcne getirildi. Bu sabah evin \u00f6n\u00fcnde yap\u0131lan t\u00f6rene Emrah Temel&#8217;in ailesi, k\u00f6yl\u00fcler ve askerler kat\u0131ld\u0131. Bolu M\u00fcft\u00fcs\u00fc Ya\u015far Yaprak dualar okurken, \u015fehit askerin karde\u015fi 18 ya\u015f\u0131ndaki Raif ile 13 ya\u015f\u0131ndaki Ercan Temel a\u011fabeylerinin foto\u011fraf\u0131n\u0131 havaya kald\u0131rarak, &#8220;Erkekse onu \u00f6n\u00fcnden vursayd\u0131lar. Kalle\u015f\u00e7e s\u0131rt\u0131ndan vurdular. Biz onun intikam\u0131n\u0131 alaca\u011f\u0131z. Biz dimdik ayaktay\u0131z&#8221; diye hayk\u0131rd\u0131lar. <!--more--><\/p>\n<p style=\"text-align: justify;\">K\u00f6yl\u00fcler ise &#8220;\u015eehitler \u00f6lmez vatan b\u00f6l\u00fcnmez&#8221; diye slogan atarken, evin penceresinden t\u00f6reni izleyen anne Han\u0131m Temel a\u011flayarak kendini yerlere att\u0131. Bayan bir astsubay Han\u0131m Temel&#8217;i sakinle\u015ftirmeye \u00e7al\u0131\u015ft\u0131. Baba Ahmet Temel ise ayakta durmakta g\u00fc\u00e7l\u00fck \u00e7ekince astsubaylar kollar\u0131na girerek destek oldular. Emrah Temel&#8217;in usta birli\u011fine gitmeden \u00f6nce ni\u015fanland\u0131\u011f\u0131 K\u00fcbra \u00c7akar ise evin penceresinde ni\u015fanl\u0131s\u0131n\u0131n foto\u011fraf\u0131n\u0131 severken g\u00f6r\u00fcld\u00fc. \u015eehit askerin cenazesi askerlerin omuzlar\u0131nda cenaze arac\u0131na konulurken anne Han\u0131m Temel o\u011flunun tabutuna dokunarak, &#8220;Yavrumu arkadan vurdular&#8221; diye a\u011flad\u0131.<\/p>\n<p style=\"text-align: justify;\">T\u00f6rende cenaze arac\u0131n\u0131n \u00f6n\u00fcnde n\u00f6bet tutan bir asker ise h\u00fcng\u00fcr h\u00fcng\u00fcr a\u011flad\u0131.Cenaze daha sonra k\u00f6ye s\u0131n\u0131r olan Sakarya&#8217;n\u0131n Akyaz\u0131 \u0130l\u00e7esi&#8217;ne ba\u011fl\u0131 Dokurcun Beldesi&#8217;ne g\u00f6t\u00fcr\u00fcld\u00fc. Belediyenin \u00f6n\u00fcndeki t\u00f6rene Sakarya Valisi H\u00fcseyin Atak, Bolu Valisi Halil \u0130brahim Akp\u0131nar, Ankara Jandarma Asayi\u015f Komutan\u0131 Tu\u011fgeneral Ata Kalcan, Sakarya Garnizon Komutan\u0131 Tu\u011fgeneral Veli Y\u0131ld\u0131r\u0131m, Bolu \u0130l Jandarma Alay Komutan\u0131 Albay \u0130brahim Erta\u015f, AKP Bolu Milletvekillleri Fatih Metin, Y\u00fcksel Co\u015fkuny\u00fcrek ve Metin Y\u0131lmaz ve yakla\u015f\u0131k 6 bin ki\u015fi kat\u0131ld\u0131.<\/p>\n<p style=\"text-align: justify;\">Kalabal\u0131k, &#8220;A\u00e7\u0131l\u0131ma destek vatana ihanet&#8221;, &#8220;\u015eehitler \u00f6lmez vatan b\u00f6l\u00fcnmez&#8221; slogan\u0131 att\u0131lar.Sayg\u0131 duru\u015funda bulunulmas\u0131n\u0131n ard\u0131ndan Bolu \u0130l Jandarma Alay Komutan\u0131 Albay \u0130brahim Erta\u015f yapt\u0131\u011f\u0131 konu\u015fmada, ailenin ac\u0131s\u0131n\u0131 payla\u015ft\u0131klar\u0131n\u0131 belirterek, &#8220;Emrah bizim kalbimizde ya\u015fayacak. Onu hi\u00e7bir zaman unutmayaca\u011f\u0131z. O her T\u00fcrk evlad\u0131 gibi cesurca g\u00f6rev yapt\u0131&#8221; dedi. Bu s\u0131rada bir vatanda\u015f, &#8220;Hep ayn\u0131s\u0131n\u0131 s\u00f6yl\u00fcyorsunuz. Ger\u00e7ekleri konu\u015fun b\u0131rak\u0131n bu siyaseti. DTP&#8217;li p..lerden bahsedin. Abdullah \u00d6calan&#8217;dan bahsedin&#8221; diye ba\u011f\u0131rd\u0131. Askerler vatanda\u015f\u0131 susturmaya \u00e7al\u0131\u015f\u0131rken, bir uzman \u00e7avu\u015f ise &#8220;Buras\u0131 siyaset yeri de\u011fil, sus&#8221; dedi. Bir grup kalabal\u0131k ise tepki g\u00f6steren vatanda\u015fa alk\u0131\u015flarla destek verdiler. T\u00f6ren s\u0131ras\u0131nda \u015fehit askerin karde\u015fi Ercan Temel yerinden f\u0131rlayarak tabuta sar\u0131ld\u0131. Baba Ahmet Temel ise tabutun \u00f6n\u00fcndeki o\u011flunun foto\u011fraf\u0131n\u0131 \u00f6pt\u00fc. Sinir krizleri ge\u00e7iren Ercan Temel g\u00fc\u00e7l\u00fckle uzakla\u015ft\u0131r\u0131ld\u0131. Bolu M\u00fcft\u00fcs\u00fc Ya\u015far Yaprak daha sonra cenaze namaz\u0131n\u0131 k\u0131ld\u0131rd\u0131. Cenaze askerlerin omuzlar\u0131nda ta\u015f\u0131n\u0131rken Ercan Temel a\u011fabeyinin foto\u011fraf\u0131n\u0131 ta\u015f\u0131d\u0131. Cenaze daha sonra Avdullar K\u00f6y\u00fc Mezarl\u0131\u011f\u0131&#8217;nda topra\u011fa verildi.<\/p>\n<p style=\"text-align: justify;\"><strong><em>\u015eEH\u0130DE H\u00dcZ\u00dcNL\u00dc VEDA <\/em><\/strong><\/p>\n<p style=\"text-align: justify;\">HAKKAR\u0130 \u00c7ukurca&#8217;da \u015fehit d\u00fc\u015fen Jandarma Astsubay K\u0131demli \u00dcst\u00e7avu\u015f 28 ya\u015f\u0131ndaki Ferhat Erdem, baba oca\u011f\u0131 K\u0131r\u015fehir&#8217;de g\u00f6zya\u015flar\u0131 aras\u0131nda topra\u011fa verildi. \u015eehidin Babas\u0131 Hac\u0131 Emin Erdem, a\u011flayanlar\u0131 teselli ederek &#8220;A\u011flamay\u0131n onlar\u0131 sevindirmeyin&#8217; dedi. \u015eehidin 6 ayl\u0131k hamile olan e\u015fi Ay\u015feg\u00fcl ise, tabuta sar\u0131larak g\u00f6zya\u015f\u0131 d\u00f6kt\u00fc.Jandarma Astsubay K\u0131demli \u00dcst\u00e7avu\u015f Ferhat Erdem&#8217;in bug\u00fcn K\u0131r\u015fehir Devlet Hastanesi morgundan al\u0131nan T\u00fcrk buyra\u011f\u0131na sar\u0131l\u0131 tabutu, Kervansaray Mahallesi&#8217;ndeki babaevine getirildi. \u015eehidin e\u015fi 6 ayl\u0131k hamile Ay\u015feg\u00fcl, annesi D\u00f6n\u00fc\u015f, babas\u0131 Hac\u0131 Emin Erdem ve yak\u0131nlar\u0131 evin \u00f6n\u00fcndeki tabuta sar\u0131larak uzun s\u00fcre g\u00f6zya\u015f\u0131 d\u00f6kt\u00fc. Bir cami imam\u0131 \u015fehidin yak\u0131nlar\u0131na, &#8220;A\u011flamay\u0131n dua edin&#8221; diyerek \u015fehitli\u011fin \u00f6nemini anlatt\u0131. Burada yap\u0131lan k\u0131sa duan\u0131n ard\u0131ndan cenaze konvoy e\u015fli\u011finde kent merkezindeki Cacabey Camisi&#8217;ne getirildi. Cenaze namaz\u0131n\u0131 ise K\u0131r\u015fehir M\u00fcft\u00fcs\u00fc Nimetullah Arvas k\u0131ld\u0131rd\u0131. Namazda \u015fehidin 12 ya\u015f\u0131ndaki ye\u011feni Muhammet Erdem, fenal\u0131k ge\u00e7irip, bay\u0131ld\u0131. \u015eehit astsubay\u0131n tabutu omuzlar \u00fczerinde Terme Caddesi&#8217;nden, \u015fehitli\u011fe g\u00f6t\u00fcr\u00fcld\u00fc. Y\u00fcr\u00fcy\u00fc\u015f s\u0131ras\u0131nda, &#8216;\u015eehitler \u00f6lmez ,vatan b\u00f6l\u00fcnmez&#8217; slogan\u0131 at\u0131ld\u0131. \u015eehidi son yolculu\u011funa, Vali Mehmet Ufuk Erden, MHP Genel Bakan Yard\u0131mc\u0131s\u0131 Metin \u00c7obano\u011flu, MHP milletvekili Deniz B\u00f6l\u00fckba\u015f\u0131, AKP milletvekili Abdullah \u00c7al\u0131\u015fkan, Belediye Ba\u015fkan\u0131 Ya\u015far Bah\u00e7eci, Kara Kuvvetleri Komutanl\u0131\u011f\u0131 \u00d6l\u00e7me ve De\u011ferlendirme Daire Ba\u015fkan\u0131 T\u00fcmgeneral Nurettin K\u0131l\u0131n\u00e7, B\u00f6lge Jandarma Komutan\u0131 Tu\u011fgeneral Murat K\u0131rkkaya, \u015fehidin yak\u0131nlar\u0131 ve vatanda\u015flarla birlikte yakla\u015f\u0131k 5 bin ki\u015fi u\u011furlad\u0131.<\/p>\n<p style=\"text-align: justify;\"><strong><em>\u015eEH\u0130T ONBA\u015eI&#8217;NIN CENAZES\u0130NE G\u00dcL KATILDI <\/em><\/strong><\/p>\n<p style=\"text-align: justify;\">Siirt&#8217;in Eruh il\u00e7esi k\u0131rsal\u0131nda \u015fehit edilen Jandarma Komando Onba\u015f\u0131 Orhan K\u0131l\u0131\u00e7 i\u00e7in Kocatepe Camii&#8217;nde t\u00f6ren d\u00fczenlendi. T\u00f6rene, K\u0131l\u0131\u00e7&#8217;\u0131n annesi, babas\u0131, baz\u0131 di\u011fer yak\u0131nlar\u0131, Cumhurba\u015fkan\u0131 Abdullah G\u00fcl, Anayasa Mahkemesi Ba\u015fkan\u0131 Ha\u015fim K\u0131l\u0131\u00e7, Devlet Bakan\u0131 ve Ba\u015fbakan Yard\u0131mc\u0131s\u0131 Cemil \u00c7i\u00e7ek, Devlet Bakan\u0131 ve Ba\u015fm\u00fczakereci Egemen Ba\u011f\u0131\u015f, \u0130\u00e7i\u015fleri Bakan\u0131 Be\u015fir Atalay, Kara Kuvvetleri Komutan\u0131 Orgeneral I\u015f\u0131k Ko\u015faner, Deniz Kuvvetleri Komutan\u0131 Oramiral E\u015fref U\u011fur Yi\u011fit, Hava Kuvvetleri Komutan\u0131 Orgeneral Hasan Aksay, Jandarma Genel Komutan\u0131 Orgeneral Atila I\u015f\u0131k, Anayasa Mahkemesi Ba\u015fkanvekili Osman Paks\u00fct, CHP Genel Sekreteri \u00d6nder Sav, Cumhurba\u015fkanl\u0131\u011f\u0131 Genel Sekreteri Mustafa \u0130sen, Ba\u015fbakanl\u0131k M\u00fcste\u015far\u0131 Efkan Ala, Emniyet Genel M\u00fcd\u00fcr\u00fc O\u011fuz Ka\u011fan K\u00f6ksal, CHP Grup Ba\u015fkanvekili Hakk\u0131 S\u00fcha Okay, CHP Genel Ba\u015fkan Yard\u0131mc\u0131s\u0131 Onur \u00d6ymen, MHP Grup Ba\u015fkanvekili Oktay Vural, DP Genel Ba\u015fkan\u0131 H\u00fcsamettin Cindoruk, Ankara Garnizonunda g\u00f6revli baz\u0131 general, subay ve astsubaylar ile vatanda\u015flar kat\u0131ld\u0131.<\/p>\n<p style=\"text-align: justify;\"><span style=\"color: #888888;\">Milliyet<\/span><\/p>\n","protected":false},"excerpt":{"rendered":"<p style=\"text-align: center;\">\n<p style=\"text-align: justify;\">S\u0130\u0130RT&#8217;in Eruh \u0130l\u00e7esi&#8217;nde kat\u0131ld\u0131\u011f\u0131 ilk operasyonda \u015fehit d\u00fc\u015fen Jandarma Komando Er Emrah Temel (20) yakla\u015f\u0131k 6 bin ki\u015finin kat\u0131ld\u0131\u011f\u0131 t\u00f6renle topra\u011fa verildi. Vatanda\u015flar, &#8220;A\u00e7\u0131l\u0131ma destek vatana ihanet&#8221; sloganlar\u0131 atarken, \u015fehit askerin ailesi, ni\u015fanl\u0131s\u0131 ve cenazenin \u00f6n\u00fcnde n\u00f6bet tutan bir asker g\u00f6zya\u015flar\u0131na bo\u011fuldu.<\/p>\n<p style=\"text-align: justify;\">\u00d6nceki g\u00fcn Siirt&#8217;in Eruh \u0130l\u00e7esi&#8217;nde b\u00f6l\u00fcc\u00fc <\/p>\n","protected":false},"author":1,"featured_media":0,"comment_status":"open","ping_status":"closed","sticky":false,"template":"","format":"standard","meta":{"footnotes":""},"categories":[105],"tags":[],"class_list":["post-15836","post","type-post","status-publish","format-standard","hentry","category-gundem","odd"],"_links":{"self":[{"href":"http:\/\/www.korhanyilmaz.com\/index.php?rest_route=\/wp\/v2\/posts\/15836","targetHints":{"allow":["GET"]}}],"collection":[{"href":"http:\/\/www.korhanyilmaz.com\/index.php?rest_route=\/wp\/v2\/posts"}],"about":[{"href":"http:\/\/www.korhanyilmaz.com\/index.php?rest_route=\/wp\/v2\/types\/post"}],"author":[{"embeddable":true,"href":"http:\/\/www.korhanyilmaz.com\/index.php?rest_route=\/wp\/v2\/users\/1"}],"replies":[{"embeddable":true,"href":"http:\/\/www.korhanyilmaz.com\/index.php?rest_route=%2Fwp%2Fv2%2Fcomments&post=15836"}],"version-history":[{"count":0,"href":"http:\/\/www.korhanyilmaz.com\/index.php?rest_route=\/wp\/v2\/posts\/15836\/revisions"}],"wp:attachment":[{"href":"http:\/\/www.korhanyilmaz.com\/index.php?rest_route=%2Fwp%2Fv2%2Fmedia&parent=15836"}],"wp:term":[{"taxonomy":"category","embeddable":true,"href":"http:\/\/www.korhanyilmaz.com\/index.php?rest_route=%2Fwp%2Fv2%2Fcategories&post=15836"},{"taxonomy":"post_tag","embeddable":true,"href":"http:\/\/www.korhanyilmaz.com\/index.php?rest_route=%2Fwp%2Fv2%2Ftags&post=15836"}],"curies":[{"name":"wp","href":"https:\/\/api.w.org\/{rel}","templated":true}]}}