{"id":15820,"date":"2009-10-17T09:08:51","date_gmt":"2009-10-17T06:08:51","guid":{"rendered":"http:\/\/www.korhanyilmaz.com\/?p=15820"},"modified":"2009-10-17T09:08:51","modified_gmt":"2009-10-17T06:08:51","slug":"ceylan-kaniti-bulan-getirsin","status":"publish","type":"post","link":"http:\/\/www.korhanyilmaz.com\/?p=15820","title":{"rendered":"Ceylan kan\u0131t\u0131 bulan getirsin&#8230;"},"content":{"rendered":"<p style=\"text-align: center;\"><a href=\"http:\/\/www.korhanyilmaz.com\/wp-content\/uploads\/2009\/10\/ceylan.Jpeg\"  class=\"lightview\"><img loading=\"lazy\" decoding=\"async\" class=\"aligncenter size-full wp-image-15821\" src=\"http:\/\/www.korhanyilmaz.com\/wp-content\/uploads\/2009\/10\/ceylan.Jpeg\" alt=\"ceylan\" width=\"306\" height=\"204\" \/><\/a><\/p>\n<p style=\"text-align: justify;\">Ceylan&#8217;\u0131n \u00f6l\u00fcm\u00fcyle ilgili soru\u015fturman\u0131n nas\u0131l gecikti\u011fi bilirki\u015fi raporuna da yans\u0131d\u0131. Ceylan&#8217;\u0131n elbise ve doku par\u00e7alar\u0131 ile metal par\u00e7a gibi 22 kan\u0131t\u0131n bir b\u00f6l\u00fcm\u00fcn\u00fc k\u00f6yl\u00fcler bir b\u00f6l\u00fcm\u00fcn\u00fc avukat bulup getirdi&#8230;<\/p>\n<p style=\"text-align: justify;\"><strong><em>Bilirki\u015fi raporu \u2018Bu nas\u0131l soru\u015fturma\u2019 dedirtiyor<\/em><\/strong><\/p>\n<p style=\"text-align: justify;\">\u0130STANBUL &#8211; Lice\u2019nin \u015eenlik k\u00f6y\u00fcnde, hayvanlar\u0131n\u0131 otlatt\u0131\u011f\u0131 s\u0131rada meydana gelen bir patlama sonucu par\u00e7alanarak \u00f6len 14 ya\u015f\u0131ndaki Ceylan \u00d6nkol\u2019la ilgili bilirki\u015fi raporu, soru\u015fturman\u0131n nas\u0131l yap\u0131ld\u0131\u011f\u0131n\u0131, kan\u0131tlar\u0131n nas\u0131l topland\u0131\u011f\u0131n\u0131 ortaya koydu. Rapora g\u00f6re jandarma ve savc\u0131, patlamay\u0131 13.20\u2019de haber ald\u0131 ancak olay yerine gitmedi. Ceset d\u00f6rt bu\u00e7uk saat sonra karakola g\u00f6t\u00fcr\u00fcld\u00fc. Savc\u0131 iki g\u00fcn sonra helikopterle ve may\u0131n tarama cihaz\u0131yla ke\u015ffe gitti. Ceylan\u2019\u0131n kan\u0131, doku ve giysi par\u00e7alar\u0131 h\u00e2l\u00e2 oradayd\u0131. Rapora dayanak olu\u015fturan 22 kan\u0131ttan bir b\u00f6l\u00fcm\u00fcn\u00fc avukat Serdar \u00c7elebi, bir b\u00f6l\u00fcm\u00fcn\u00fc k\u00f6yl\u00fcler bulup getirdi&#8230;<!--more--><\/p>\n<p style=\"text-align: justify;\">Lice Ba\u015fsavc\u0131s\u0131 Mustafa Kamil \u00c7olak\u2019\u0131n haz\u0131rlad\u0131\u011f\u0131 bilirki\u015fi rapor d\u00fcn avukatlara teslim edildi. Rapora g\u00f6re savc\u0131l\u0131k, patlama haberini 13.20\u2019de \u0130l\u00e7e Jandarma Komutanl\u0131\u011f\u0131\u2019n\u0131n haber vermesiyle \u00f6\u011frendi. Ancak jandarma patlamay\u0131 an\u0131nda haber ald\u0131\u011f\u0131 halde b\u00f6lgeye gitmedi. Ayn\u0131 \u015fekilde Savc\u0131 \u00c7olak, rapora g\u00f6re, \u201cOlay yerinin ter\u00f6re m\u00fczahir b\u00f6lge olmas\u0131 ve plans\u0131z bir ke\u015fif operasyonunun gerek g\u00fcvenlik g\u00f6revlileri gerekse savc\u0131l\u0131\u011f\u0131n refakatinde g\u00f6t\u00fcrece\u011fi inceleme heyeti a\u00e7\u0131s\u0131ndan tehlike arz etmesi sebebiyle cesedin en Abal\u0131 Jandarma Karakol Komutanl\u0131\u011f\u0131\u2019na getirilmesi\u201dni istedi. B\u00f6ylece Ceylan\u2019\u0131n tabutu d\u00f6rt saat 25 dakika sonra, saat 17.45\u2019te karakola g\u00f6t\u00fcr\u00fclerek otopsisi yap\u0131ld\u0131.<\/p>\n<p style=\"text-align: justify;\">Bilirki\u015fi incelemesiyse iki g\u00fcn sonra ger\u00e7ekle\u015febildi. Rapordaki anlat\u0131ma g\u00f6re, inceleme adeta \u2018operasyon\u2019 halini ald\u0131. Askerler geceden b\u00f6lgeye gidip g\u00fcvenlik \u00f6nlemi ald\u0131, sabahsa savc\u0131 \u00c7olak ile Diyarbak\u0131r Emniyet M\u00fcd\u00fcrl\u00fc\u011f\u00fc\u2019nden iki bomba uzman\u0131 polis, helikopterle tepeye indi. May\u0131n tarama dedekt\u00f6rleriyle ve \u2018jammer\u2019 cihaz\u0131yla yakla\u015f\u0131k 250 metre kadar a\u015fa\u011f\u0131ya y\u00fcr\u00fcn\u00fcp olay yerine gidildi.<\/p>\n<p style=\"text-align: justify;\">Rapora g\u00f6re 22 par\u00e7a kan\u0131t elde edildi. Bunlardan 11\u2019i 30 Eyl\u00fcl\u2019deki incelemede bulundu. \u0130ncelemede patlaman\u0131n \u00fczerinden iki g\u00fcn ge\u00e7mesine ra\u011fmen Ceylan\u2019\u0131n \u2018yerdeki yo\u011fun kurumu\u015f kan ve doku par\u00e7alar\u0131\u2019 g\u00f6r\u00fcld\u00fc. Ayr\u0131ca, \u2018par\u00e7alanm\u0131\u015f, yanm\u0131\u015f ve islenmi\u015f, 5 cm geni\u015fli\u011finde, pembe ve beyaz renkli, iplikten mamul giysi par\u00e7as\u0131\u2019 \u00fc\u00e7 ayr\u0131 noktada bulundu.<\/p>\n<p style=\"text-align: justify;\">Heyet etraftan metal par\u00e7alar toplad\u0131, toprak numunesi ald\u0131, \u2018kavrulma ve islenme\u2019 g\u00f6r\u00fclen a\u011fa\u00e7 g\u00f6vdelerinde \u00f6rnekler buldu.<\/p>\n<p style=\"text-align: justify;\">Ceylan\u2019\u0131n o g\u00fcn ba\u015f\u0131nda bulunan \u015fapkas\u0131, elbiselerine ait lifler ve iki ayr\u0131 metal par\u00e7as\u0131, avukat Serdar \u00c7elebi taraf\u0131ndan 8 Ekim\u2019de savc\u0131l\u0131\u011fa g\u00f6t\u00fcr\u00fcld\u00fc. Bulunan bir metal par\u00e7as\u0131 k\u00f6yl\u00fcler taraf\u0131ndan verilirken, ba\u015fka bir metal par\u00e7as\u0131 da Ceylan\u2019\u0131n tabutundan \u00e7\u0131kt\u0131. Be\u015f par\u00e7a metal de Ceylan\u2019\u0131n bedeninden \u00e7\u0131kar\u0131ld\u0131.<\/p>\n<p style=\"text-align: justify;\"><strong><em>G\u00f6r\u00fcnt\u00fcler de imamdan<\/em><\/strong><\/p>\n<p style=\"text-align: justify;\">Olay yerine iki ayr\u0131 video g\u00f6r\u00fcnt\u00fcleri ve foto\u011fraflar var. Bunlardan ilki, savc\u0131 \u00c7olak\u2019\u0131n gitmeyip g\u00f6nderdi\u011fi bir imam ve k\u00f6yl\u00fcn\u00fcn \u00e7ekti\u011fi kamera kay\u0131tlar\u0131 ve foto\u011fraflard\u0131. Bilirki\u015fi raporuna, \u201cSivil vatanda\u015flarca \u00e7ekilmi\u015f olan video ve foto\u011fraflar\u201d diye ge\u00e7ti.<\/p>\n<p style=\"text-align: justify;\">Raporda; patlaman\u0131n, daha \u00f6nceden b\u00f6lgeye at\u0131lm\u0131\u015f bomba atar m\u00fchimmat\u0131na, Ceylan\u2019\u0131n elindeki tahrayla vurmas\u0131 sonucu meydana geldi\u011fi savunuldu. Kimlerce at\u0131ld\u0131\u011f\u0131 bilinmeyen bu m\u00fchimmat par\u00e7alar\u0131ndan birinin \u00fczerinde \u20182\u2019 rakam\u0131 g\u00f6r\u00fcld\u00fc. Havan at\u0131ld\u0131\u011f\u0131 y\u00f6n\u00fcndeki iddialara kar\u015f\u0131l\u0131k, \u201c\u00c7evredeki a\u011fa\u00e7lar\u0131n tepe ve dallar\u0131nda havan at\u0131\u015f\u0131na benzer a\u015f\u0131rtma at\u0131\u015f izine rastlanmam\u0131\u015ft\u0131r\u201d denildi. \u2018\u0130ki bile\u011finin i\u00e7 k\u0131s\u0131mlar\u0131nda flash alev yan\u0131klar\u0131n\u0131n bulunmas\u0131\u2019 da tahra iddias\u0131na kan\u0131t say\u0131ld\u0131. Patlama an\u0131ysa \u015f\u00f6yle anlat\u0131ld\u0131:<\/p>\n<p style=\"text-align: justify;\">\u201cCeylan\u2019\u0131n el, ayak ve diz kapaklar\u0131n\u0131n par\u00e7alanmad\u0131\u011f\u0131, patlama esnas\u0131nda me\u015fe a\u011fac\u0131na v\u00fccuduyla d\u00f6n\u00fck, dizleri yerde \u00e7\u00f6k\u00fck halde durdu\u011fu, patlaman\u0131n etkisiyle v\u00fccudunun \u00f6n taraf\u0131n\u0131n par\u00e7aland\u0131\u011f\u0131&#8230;\u201d<\/p>\n<p style=\"text-align: justify;\"><span style=\"color: #888888;\">\u0130smail Saymaz &#8211; Radikal<\/span><\/p>\n","protected":false},"excerpt":{"rendered":"<p style=\"text-align: center;\">\n<p style=\"text-align: justify;\">Ceylan&#8217;\u0131n \u00f6l\u00fcm\u00fcyle ilgili soru\u015fturman\u0131n nas\u0131l gecikti\u011fi bilirki\u015fi raporuna da yans\u0131d\u0131. Ceylan&#8217;\u0131n elbise ve doku par\u00e7alar\u0131 ile metal par\u00e7a gibi 22 kan\u0131t\u0131n bir b\u00f6l\u00fcm\u00fcn\u00fc k\u00f6yl\u00fcler bir b\u00f6l\u00fcm\u00fcn\u00fc avukat bulup getirdi&#8230;<\/p>\n<p style=\"text-align: justify;\">Bilirki\u015fi raporu \u2018Bu nas\u0131l soru\u015fturma\u2019 dedirtiyor<\/p>\n<p style=\"text-align: justify;\">\u0130STANBUL &#8211; Lice\u2019nin \u015eenlik k\u00f6y\u00fcnde, hayvanlar\u0131n\u0131 otlatt\u0131\u011f\u0131 s\u0131rada meydana gelen bir <\/p>\n","protected":false},"author":1,"featured_media":0,"comment_status":"open","ping_status":"closed","sticky":false,"template":"","format":"standard","meta":{"footnotes":""},"categories":[105],"tags":[],"class_list":["post-15820","post","type-post","status-publish","format-standard","hentry","category-gundem","odd"],"_links":{"self":[{"href":"http:\/\/www.korhanyilmaz.com\/index.php?rest_route=\/wp\/v2\/posts\/15820","targetHints":{"allow":["GET"]}}],"collection":[{"href":"http:\/\/www.korhanyilmaz.com\/index.php?rest_route=\/wp\/v2\/posts"}],"about":[{"href":"http:\/\/www.korhanyilmaz.com\/index.php?rest_route=\/wp\/v2\/types\/post"}],"author":[{"embeddable":true,"href":"http:\/\/www.korhanyilmaz.com\/index.php?rest_route=\/wp\/v2\/users\/1"}],"replies":[{"embeddable":true,"href":"http:\/\/www.korhanyilmaz.com\/index.php?rest_route=%2Fwp%2Fv2%2Fcomments&post=15820"}],"version-history":[{"count":0,"href":"http:\/\/www.korhanyilmaz.com\/index.php?rest_route=\/wp\/v2\/posts\/15820\/revisions"}],"wp:attachment":[{"href":"http:\/\/www.korhanyilmaz.com\/index.php?rest_route=%2Fwp%2Fv2%2Fmedia&parent=15820"}],"wp:term":[{"taxonomy":"category","embeddable":true,"href":"http:\/\/www.korhanyilmaz.com\/index.php?rest_route=%2Fwp%2Fv2%2Fcategories&post=15820"},{"taxonomy":"post_tag","embeddable":true,"href":"http:\/\/www.korhanyilmaz.com\/index.php?rest_route=%2Fwp%2Fv2%2Ftags&post=15820"}],"curies":[{"name":"wp","href":"https:\/\/api.w.org\/{rel}","templated":true}]}}