{"id":15805,"date":"2009-10-16T15:49:11","date_gmt":"2009-10-16T12:49:11","guid":{"rendered":"http:\/\/www.korhanyilmaz.com\/?p=15805"},"modified":"2009-10-16T15:49:11","modified_gmt":"2009-10-16T12:49:11","slug":"bmden-israile-darbe","status":"publish","type":"post","link":"http:\/\/www.korhanyilmaz.com\/?p=15805","title":{"rendered":"BM&#8217;den \u0130srail&#8217;e darbe"},"content":{"rendered":"<p style=\"text-align: center;\"><a href=\"http:\/\/www.korhanyilmaz.com\/wp-content\/uploads\/2009\/10\/RAPOR.Jpeg\"  class=\"lightview\"><img loading=\"lazy\" decoding=\"async\" class=\"size-full wp-image-15806 aligncenter\" src=\"http:\/\/www.korhanyilmaz.com\/wp-content\/uploads\/2009\/10\/RAPOR.Jpeg\" alt=\"\" width=\"357\" height=\"211\" \/><\/a><\/p>\n<p style=\"text-align: justify;\"><strong><em>Goldstone raporu onayland\u0131: \u0130srail sava\u015f su\u00e7u i\u015fliyor.<\/em><\/strong><\/p>\n<p style=\"text-align: justify;\">CENEVRE &#8211; \u0130srail, Gazze&#8217;de ge\u00e7en y\u0131l 27 Aral\u0131k&#8217;ta ba\u015flat\u0131p 22 g\u00fcn boyunca 926&#8217;s\u0131 sivil 1417 Filistinliyi \u00f6ld\u00fcrd\u00fc\u011f\u00fc Gazze operasyonundan \u00f6t\u00fcr\u00fc &#8216;sava\u015f su\u00e7uyla&#8217; itham eden &#8216;Goldstone Raporu&#8217; nedeniyle ecel terleri d\u00f6k\u00fcyor. G\u00fcney Afrikal\u0131 Yahudi yarg\u0131\u00e7 Richard Goldstone&#8217;un haz\u0131rlad\u0131\u011f\u0131 rapor \u0130srail, ABD ve AB \u00fclkeleninin t\u00fcm engelleme \u00e7abalar\u0131na ra\u011fmen BM \u0130nsan Haklar\u0131 Konseyi&#8217;nde Arap ve Afrika \u00fclkelerinin yan\u0131 s\u0131ra ba\u011flant\u0131s\u0131zlar\u0131n deste\u011fiyle kabul edildi. Roketlerle 13 \u0130sraillinin \u00f6l\u00fcm\u00fcne yol a\u00e7t\u0131\u011f\u0131 gerek\u00e7esiyle Hamas&#8217;a da &#8216;sava\u015f su\u00e7u&#8217; y\u00f6nelten rapor b\u00f6ylece BM G\u00fcvenlik Konseyi&#8217;ne havele edilmi\u015f oldu. Bu \u0130srail ve Hamas i\u00e7in Lahey&#8217;e uzanabilecek dikenli bir s\u00fcrecin ba\u015flad\u0131\u011f\u0131 anlam\u0131na da geliyor.<!--more--><\/p>\n<p style=\"text-align: justify;\">Filistin g\u00fcndemiyle toplanan Konsey&#8217;deki oylamada 47 \u00fcyeden 25&#8217;inin oyuyla raporun tavsiyelerini destekleyen tasar\u0131 kabul edildi. 6 \u00fclke aleyhte oy kullan\u0131rken 11 \u00fcye \u00e7ekimser kald\u0131. ABD, \u0130talya, Hollanda, Macaristan, Slovakya ve Ukrayna ret cephesinde yer al\u0131rken, Britanya ve Fransa dahil be\u015f \u00fcye oy kullanmay\u0131 reddetti.<\/p>\n<p style=\"text-align: justify;\">Raporun acilen BM Genel Kurulu&#8217;na sevkini isteyen kararda, ayr\u0131ca Kud\u00fcs&#8217;teki Harem\u00fc\u015f\u015ferif etraf\u0131nda ya\u015fanan son gerilimlere atfen \u0130srail&#8217;in Do\u011fu Kud\u00fcs politikas\u0131 da k\u0131nan\u0131yor. \u0130srail ve ABD&#8217;nin &#8216;sakat&#8217; diye niteleyip bar\u0131\u015f s\u00fcrecine darbe vuraca\u011f\u0131n\u0131 savundu\u011fu raporun tavsiye b\u00f6l\u00fcm\u00fcnde \u015funlar yer al\u0131yor:<\/p>\n<p style=\"text-align: justify;\">&#8216;\u0130srail&#8217;in Gazze&#8217;de sivillere kar\u015f\u0131 orant\u0131s\u0131z g\u00fcce ba\u015fvurdu\u011fu, h\u00fck\u00fcmet binalar\u0131 ve altyap\u0131y\u0131 bombalad\u0131\u011f\u0131, beyaz fosfor bombalar\u0131 ve f\u00fczeler f\u0131rlatt\u0131\u011f\u0131 ve Filistinlileri canl\u0131 kalkan olarak kulland\u0131\u011f\u0131 tespiti yap\u0131l\u0131p bunun &#8216;sava\u015f su\u00e7u&#8217; niteli\u011fi ta\u015f\u0131d\u0131\u011f\u0131 belirtiliyor. Hamas&#8217;\u0131n da sivil hedeflere roket f\u0131rlatmas\u0131 ele\u015ftiriliyor.&#8217;<\/p>\n<p style=\"text-align: justify;\">BM G\u00fcvenlik Konseyi&#8217;nden \u0130srail ve Filistin taraf\u0131na sava\u015fla ilgili g\u00fcvenilir soru\u015fturma y\u00fcr\u00fctmeleri i\u00e7in alt\u0131 ay s\u00fcre tan\u0131mas\u0131 istenilen raporda taraflar bu y\u00fck\u00fcml\u00fcl\u00fc\u011f\u00fc yerine getirmezse konunun Lahey&#8217;deki Uluslararas\u0131 Ceza Mahkemesi&#8217;ne havalesi \u00f6ng\u00f6r\u00fcl\u00fcyor. BM Genel Sekreteri Ban Ki-mun&#8217;a da s\u00fcreci takip edip rapor sunma g\u00f6revi veriliyor.<\/p>\n<p style=\"text-align: justify;\"><strong><em>Hamas da memnun<\/em><\/strong><\/p>\n<p style=\"text-align: justify;\">Karar hem Filistin Y\u00f6netimi, hem de kendisine y\u00f6nelik su\u00e7lamalar\u0131 reddetse de ithamlara yan\u0131t verebilece\u011fini belirterek s\u00fcrece kar\u015f\u0131 gelmeyen Hamas&#8217;\u0131 memnun etti. Filistinli m\u00fczakereci Saib Erekat, &#8220;\u0130srail&#8217;in i\u015fledi\u011fi su\u00e7lar\u0131n tekrarlanmamas\u0131 i\u00e7in karar\u0131n BM G\u00fcvenlik Konseyi&#8217;nin takip edece\u011fini umuyoruz&#8221; derken Hamas s\u00f6zc\u00fcs\u00fc Tahir el Nunu &#8220;Bunun i\u015fgalci liderlerin yarg\u0131lanmas\u0131n\u0131n \u00f6n\u00fcn\u00fc a\u00e7mas\u0131n\u0131 temenni ediyoruz&#8221; s\u00f6zleriyle karara destek \u00e7\u0131kt\u0131.<\/p>\n<p style=\"text-align: justify;\">BM \u0130nsan Haklar\u0131 Konseyi, Filistin y\u00f6netiminin bask\u0131lara bo\u011fun e\u011fip rapordan deste\u011fini \u00e7ekmesi \u00fczerine oylamay\u0131 marta ertelemi\u015fti. Ancak \u0130srail Savunma Bakan\u0131 Ehud Barak ile telefon g\u00f6r\u00fc\u015fmesinde Gazze sald\u0131r\u0131lar\u0131n\u0131 te\u015fvik etti\u011fine dair ses kayd\u0131n\u0131n if\u015fas\u0131ndan dolay\u0131 rapora deste\u011fini \u00e7ekti\u011fi s\u00f6ylenen Filistin Y\u00f6netimi lideri Mahmud Abbas hain damgas\u0131 yiyince tekrar konseyin kap\u0131s\u0131n\u0131 \u00e7al\u0131p raporun g\u00f6r\u00fc\u015f\u00fclmesini istemi\u015fti.<\/p>\n<p style=\"text-align: justify;\"><strong><em>T\u00fcrkiye&#8217;den de destek<\/em><\/strong><\/p>\n<p style=\"text-align: justify;\">Rapor Ortado\u011fu g\u00fcndemiyle toplanan BM G\u00fcvenlik Konseyi&#8217;nde de g\u00fcndeme gelirken Filistin ve \u0130srail temsilcileri aras\u0131nda sert tart\u0131\u015fma ya\u015fand\u0131. Filistin D\u0131\u015fi\u015fleri Bakan\u0131 Riad El Malki, uluslararas\u0131 toplumu \u0130srail&#8217;i cezaland\u0131rmaya \u00e7a\u011f\u0131r\u0131p aski halde BM&#8217;nin g\u00fcvenilirli\u011fini yitirece\u011fini s\u00f6ylerken \u0130srail&#8217;in BM Daimi Temsilcisi Gabriela \u015ealev &#8220;Goldstone Raporu ter\u00f6re me\u015frula\u015ft\u0131r\u0131yor&#8221; yan\u0131t\u0131n\u0131 verdi. T\u00fcrkiye\u2019nin BM Daimi Temsilcisi B\u00fcy\u00fckel\u00e7i Ertu\u011frul Apakan da, Raporu &#8220;Gazze sorununa \u0131\u015f\u0131k tutacak kapsaml\u0131 bir belge&#8221; diye niteleyip &#8220;Raporun tavsiyelerinin ciddi olarak ele al\u0131nmas\u0131 gerekti\u011fini d\u00fc\u015f\u00fcn\u00fcyoruz&#8221; dedi. Apakan, raporda \u00f6ng\u00f6r\u00fcld\u00fc\u011f\u00fc gibi taraflar g\u00fcvenilir soru\u015fturma y\u00fcr\u00fct\u00fcrse bunun bar\u0131\u015fa y\u00f6nelik siyasi \u00e7abalara katk\u0131 sa\u011flayacak \u00f6nemli g\u00fcven art\u0131r\u0131c\u0131 bir \u00f6nlem olaca\u011f\u0131n\u0131 vurgulad\u0131. (ap, afp, aa)<\/p>\n<p style=\"text-align: justify;\"><span style=\"color: #888888;\">Haber Kayna\u011f\u0131 : Radikal<\/span><\/p>\n","protected":false},"excerpt":{"rendered":"<p style=\"text-align: center;\">\n<p style=\"text-align: justify;\">Goldstone raporu onayland\u0131: \u0130srail sava\u015f su\u00e7u i\u015fliyor.<\/p>\n<p style=\"text-align: justify;\">CENEVRE &#8211; \u0130srail, Gazze&#8217;de ge\u00e7en y\u0131l 27 Aral\u0131k&#8217;ta ba\u015flat\u0131p 22 g\u00fcn boyunca 926&#8217;s\u0131 sivil 1417 Filistinliyi \u00f6ld\u00fcrd\u00fc\u011f\u00fc Gazze operasyonundan \u00f6t\u00fcr\u00fc &#8216;sava\u015f su\u00e7uyla&#8217; itham eden &#8216;Goldstone Raporu&#8217; nedeniyle ecel terleri d\u00f6k\u00fcyor. G\u00fcney Afrikal\u0131 Yahudi yarg\u0131\u00e7 Richard Goldstone&#8217;un haz\u0131rlad\u0131\u011f\u0131 rapor \u0130srail, ABD ve <\/p>\n","protected":false},"author":1,"featured_media":0,"comment_status":"open","ping_status":"closed","sticky":false,"template":"","format":"standard","meta":{"footnotes":""},"categories":[3],"tags":[],"class_list":["post-15805","post","type-post","status-publish","format-standard","hentry","category-dunya","odd"],"_links":{"self":[{"href":"http:\/\/www.korhanyilmaz.com\/index.php?rest_route=\/wp\/v2\/posts\/15805","targetHints":{"allow":["GET"]}}],"collection":[{"href":"http:\/\/www.korhanyilmaz.com\/index.php?rest_route=\/wp\/v2\/posts"}],"about":[{"href":"http:\/\/www.korhanyilmaz.com\/index.php?rest_route=\/wp\/v2\/types\/post"}],"author":[{"embeddable":true,"href":"http:\/\/www.korhanyilmaz.com\/index.php?rest_route=\/wp\/v2\/users\/1"}],"replies":[{"embeddable":true,"href":"http:\/\/www.korhanyilmaz.com\/index.php?rest_route=%2Fwp%2Fv2%2Fcomments&post=15805"}],"version-history":[{"count":0,"href":"http:\/\/www.korhanyilmaz.com\/index.php?rest_route=\/wp\/v2\/posts\/15805\/revisions"}],"wp:attachment":[{"href":"http:\/\/www.korhanyilmaz.com\/index.php?rest_route=%2Fwp%2Fv2%2Fmedia&parent=15805"}],"wp:term":[{"taxonomy":"category","embeddable":true,"href":"http:\/\/www.korhanyilmaz.com\/index.php?rest_route=%2Fwp%2Fv2%2Fcategories&post=15805"},{"taxonomy":"post_tag","embeddable":true,"href":"http:\/\/www.korhanyilmaz.com\/index.php?rest_route=%2Fwp%2Fv2%2Ftags&post=15805"}],"curies":[{"name":"wp","href":"https:\/\/api.w.org\/{rel}","templated":true}]}}