{"id":15798,"date":"2009-10-16T12:02:15","date_gmt":"2009-10-16T09:02:15","guid":{"rendered":"http:\/\/www.korhanyilmaz.com\/?p=15798"},"modified":"2009-10-16T12:02:15","modified_gmt":"2009-10-16T09:02:15","slug":"turkiyenin-degisen-tavri-obama-etkisi-mi","status":"publish","type":"post","link":"http:\/\/www.korhanyilmaz.com\/?p=15798","title":{"rendered":"T\u00fcrkiye&#8217;nin de\u011fi\u015fen tavr\u0131 Obama etkisi mi?"},"content":{"rendered":"<p><a href=\"http:\/\/www.korhanyilmaz.com\/wp-content\/uploads\/2009\/10\/obama.jpg\"  class=\"lightview\"><img loading=\"lazy\" decoding=\"async\" class=\"aligncenter size-full wp-image-15799\" src=\"http:\/\/www.korhanyilmaz.com\/wp-content\/uploads\/2009\/10\/obama.jpg\" alt=\"\" width=\"329\" height=\"210\" \/><\/a><img loading=\"lazy\" decoding=\"async\" class=\"size-full wp-image-15800 alignleft\" style=\"margin-left: 10px; margin-right: 10px;\" title=\"haaretz\" src=\"http:\/\/www.korhanyilmaz.com\/wp-content\/uploads\/2009\/10\/haaretz.jpg\" alt=\"haaretz\" width=\"92\" height=\"49\" \/><\/p>\n<p style=\"text-align: justify;\">Haaretz gazetesinde \u00e7ok sert bir yaz\u0131: &#8216;Atat\u00fcrk \u015fimdi mezar\u0131nda ters d\u00f6n\u00fcyordur&#8217;<\/p>\n<p style=\"text-align: justify;\">Haaretz gazetesi bug\u00fcn sert bir ba\u015fyaz\u0131 yay\u0131nlayarak &#8220;T\u00fcrkiye&#8217;nin tavr\u0131 kendi \u00e7\u0131karlar\u0131n\u0131 ve g\u00fcvenli\u011fini bizimkinden daha fazla tehdit ediyor. T\u00fcrkiye \u015fer eksenine daha fazla yakla\u015f\u0131yor. Atat\u00fcrk \u015fimdi mezar\u0131nda ters d\u00f6n\u00fcyordur&#8221; yorumunu yapt\u0131.<\/p>\n<p style=\"text-align: justify;\">Haaretz&#8217;e g\u00f6re bu durum &#8220;\u0130srail&#8217;le ili\u015fkilere \u00e7ok \u00f6nem vermeyen Obama&#8217;n\u0131n iktidara gelmesinin bir sonucu&#8221;<!--more--><\/p>\n<p style=\"text-align: justify;\">Telegraph&#8217;a konu\u015fan \u0130brain \u00dcniversitesi uzman\u0131 Lapidot Firilla ise &#8220;T\u00fcrkiye yeni Osmanl\u0131 politikas\u0131 gere\u011fi \u0130srail&#8217;le ili\u015fkiler pahas\u0131na da olsa M\u00fcsl\u00fcman devletler ve petrol zengini Orta Asya&#8217;ya yakla\u015f\u0131yor&#8221; dedi.<\/p>\n<p style=\"text-align: justify;\">Yoel Marcus imzal\u0131 ba\u015fyaz\u0131da \u015fu ifadeler kullan\u0131ld\u0131: &#8220;T\u00fcrkiye&#8217;nin tatbikat\u0131 iptal etmeis bizden \u00e7ok onlar\u0131n stratejik \u00e7\u0131karlar\u0131na zarar verdi. Erdo\u011fan \u00fclkesinin g\u00fcvenlik \u00e7\u0131karlar\u0131na bizimkinden daha \u00e7ok zarar veriyor. Bu durum T\u00fcrkiye&#8217;yi AB&#8217;den \u00e7ok \u015fer eksenine yakla\u015ft\u0131r\u0131yor. Atat\u00fcrk bu durumu g\u00f6rse mezar\u0131nda ters d\u00f6nerdi. Bu durum muhtemelen \u0130srail&#8217;le ili\u015fkilere yeteri kadar \u00f6nem vermeyen Obama&#8217;n\u0131n iktidara gelmesinin bir sonucu&#8221; yorumunu yapt\u0131.<\/p>\n<p style=\"text-align: justify;\"><span style=\"color: #888888;\">Vatan D\u0131\u015f Haberler<\/span><\/p>\n","protected":false},"excerpt":{"rendered":"<\/p>\n<p style=\"text-align: justify;\">Haaretz gazetesinde \u00e7ok sert bir yaz\u0131: &#8216;Atat\u00fcrk \u015fimdi mezar\u0131nda ters d\u00f6n\u00fcyordur&#8217;<\/p>\n<p style=\"text-align: justify;\">Haaretz gazetesi bug\u00fcn sert bir ba\u015fyaz\u0131 yay\u0131nlayarak &#8220;T\u00fcrkiye&#8217;nin tavr\u0131 kendi \u00e7\u0131karlar\u0131n\u0131 ve g\u00fcvenli\u011fini bizimkinden daha fazla tehdit ediyor. T\u00fcrkiye \u015fer eksenine daha fazla yakla\u015f\u0131yor. Atat\u00fcrk \u015fimdi mezar\u0131nda ters d\u00f6n\u00fcyordur&#8221; yorumunu yapt\u0131.<\/p>\n<p style=\"text-align: justify;\">Haaretz&#8217;e g\u00f6re bu durum &#8220;\u0130srail&#8217;le ili\u015fkilere <\/p>\n","protected":false},"author":1,"featured_media":0,"comment_status":"open","ping_status":"closed","sticky":false,"template":"","format":"standard","meta":{"footnotes":""},"categories":[3],"tags":[],"class_list":["post-15798","post","type-post","status-publish","format-standard","hentry","category-dunya","odd"],"_links":{"self":[{"href":"http:\/\/www.korhanyilmaz.com\/index.php?rest_route=\/wp\/v2\/posts\/15798","targetHints":{"allow":["GET"]}}],"collection":[{"href":"http:\/\/www.korhanyilmaz.com\/index.php?rest_route=\/wp\/v2\/posts"}],"about":[{"href":"http:\/\/www.korhanyilmaz.com\/index.php?rest_route=\/wp\/v2\/types\/post"}],"author":[{"embeddable":true,"href":"http:\/\/www.korhanyilmaz.com\/index.php?rest_route=\/wp\/v2\/users\/1"}],"replies":[{"embeddable":true,"href":"http:\/\/www.korhanyilmaz.com\/index.php?rest_route=%2Fwp%2Fv2%2Fcomments&post=15798"}],"version-history":[{"count":0,"href":"http:\/\/www.korhanyilmaz.com\/index.php?rest_route=\/wp\/v2\/posts\/15798\/revisions"}],"wp:attachment":[{"href":"http:\/\/www.korhanyilmaz.com\/index.php?rest_route=%2Fwp%2Fv2%2Fmedia&parent=15798"}],"wp:term":[{"taxonomy":"category","embeddable":true,"href":"http:\/\/www.korhanyilmaz.com\/index.php?rest_route=%2Fwp%2Fv2%2Fcategories&post=15798"},{"taxonomy":"post_tag","embeddable":true,"href":"http:\/\/www.korhanyilmaz.com\/index.php?rest_route=%2Fwp%2Fv2%2Ftags&post=15798"}],"curies":[{"name":"wp","href":"https:\/\/api.w.org\/{rel}","templated":true}]}}