{"id":15794,"date":"2009-10-16T13:25:07","date_gmt":"2009-10-16T11:25:07","guid":{"rendered":"http:\/\/www.korhanyilmaz.com\/?p=15794"},"modified":"2009-10-16T13:25:07","modified_gmt":"2009-10-16T11:25:07","slug":"baykal-kapsama-alaninin-disinda","status":"publish","type":"post","link":"http:\/\/www.korhanyilmaz.com\/?p=15794","title":{"rendered":"Baykal Kapsama Alan\u0131n\u0131n D\u0131\u015f\u0131nda"},"content":{"rendered":"<p style=\"text-align: center;\"><a href=\"http:\/\/www.korhanyilmaz.com\/wp-content\/uploads\/2009\/10\/baykal.jpg\"  class=\"lightview\"><img loading=\"lazy\" decoding=\"async\" class=\"aligncenter size-full wp-image-15795\" src=\"http:\/\/www.korhanyilmaz.com\/wp-content\/uploads\/2009\/10\/baykal.jpg\" alt=\"\" width=\"324\" height=\"214\" \/><\/a><\/p>\n<p style=\"text-align: justify;\">Kamera kayd\u0131 i\u00e7in \u2018Baykal\u2019\u0131 aramay\u0131 d\u00fc\u015f\u00fcn\u00fcyorum\u2019 diyen Ba\u015fbakan Erdo\u011fan\u2019a, Baykal\u2019dan yan\u0131t geldi: \u2018Telefon a\u00e7maya zahmet etmesin, g\u00f6r\u00fc\u015fme g\u00fcn\u00fcn\u00fc bildirsin yeter\u2019<\/p>\n<p style=\"text-align: justify;\"><strong><em>\u2018Kamera Talebinde Israrl\u0131y\u0131m\u2019 <\/em><\/strong><\/p>\n<p style=\"text-align: justify;\">Ba\u015fbakan Erdo\u011fan, CHP lideri Baykal\u2019la yapaca\u011f\u0131 g\u00f6r\u00fc\u015fmenin kamera ile kayda al\u0131nmas\u0131 talebine, g\u00f6r\u00fc\u015fmeden \u00f6nce Baykal\u2019la telefonla bu konuyu konu\u015fmay\u0131 d\u00fc\u015f\u00fcnd\u00fc\u011f\u00fcn\u00fc s\u00f6yledi. Ancak Baykal, \u2018Ba\u015fbakan zahmet etmesin, \u00f6zel kalemi bize g\u00f6r\u00fc\u015fme g\u00fcn\u00fcn\u00fc s\u00f6ylesin yeter\u2019 diyerek kamere talebinde \u0131srarl\u0131 oldu\u011funu beyan etti. \u015eimdi, Erdo\u011fan-Baykal bulu\u015fmas\u0131nda krize d\u00f6n\u00fc\u015fen kamere kayd\u0131 sorununun nas\u0131l \u00e7\u00f6z\u00fclece\u011fi tart\u0131\u015f\u0131lmaya ba\u015fland\u0131. <!--more--><\/p>\n<p style=\"text-align: justify;\"><strong><em>\u2018Tarihi A\u00e7\u0131klayaca\u011f\u0131m\u2019<\/em><\/strong><\/p>\n<p style=\"text-align: justify;\">Ba\u015fbakan Erdo\u011fan, d\u00fcn Irak\u2019a ziyarette bulundu. Erdo\u011fan, \u201cAna muhalefet partisi liderinin talep etti\u011fi kamera konusunda zaten sizler gere\u011fini yaz\u0131p \u00e7iziyorsunuz. Cevab\u0131m\u0131 verdi\u011fimde bu g\u00f6r\u00fc\u015fmeyle ilgili, niteli\u011fi de ortada olacak. Belki de kendilerini bir telefonla da aray\u0131p, g\u00f6r\u00fc\u015fmemizin nas\u0131l daha sa\u011fl\u0131kl\u0131 olabilece\u011fi hususunu kendisiyle telefonda bir tezekk\u00fcr etmeyi d\u00fc\u015f\u00fcn\u00fcyorum\u201d dedi. Ba\u015fbakan, g\u00f6r\u00fc\u015fmenin tarihine ili\u015fkin soruya da \u201cA\u00e7\u0131klayaca\u011f\u0131z\u201d yan\u0131t\u0131n\u0131 verdi.<\/p>\n<p style=\"text-align: justify;\">\u2018K\u00fcrt A\u00e7\u0131l\u0131m\u0131\u2019n\u0131n konu\u015fulaca\u011f\u0131 g\u00f6r\u00fc\u015fmenin kamera ile kaydedilmesi talebi i\u00e7in \u201cBaykal\u2019\u0131 aramay\u0131 d\u00fc\u015f\u00fcn\u00fcyorum\u201d diyen Erdo\u011fan\u2019a, Baykal\u2019dan hemen yan\u0131t geldi: \u201cBa\u015fbakan telefon a\u00e7maya zahmet etmesin, \u00f6zel kalemi bize g\u00f6r\u00fc\u015fme g\u00fcn\u00fcn\u00fc bildirsin yeterlidir\u201d<\/p>\n<p style=\"text-align: justify;\">Ba\u015fbakan Erdo\u011fan, CHP lideri Baykal&#8217;la yapaca\u011f\u0131 g\u00f6r\u00fc\u015fmenin kamera ile kayda al\u0131nmas\u0131 talebine i\u00e7in, g\u00f6r\u00fc\u015fmeden \u00f6nce Baykal&#8217;la telefonla bu konuyu konu\u015fmay\u0131 d\u00fc\u015f\u00fcnd\u00fc\u011f\u00fcn\u00fc s\u00f6yledi. Ancak Baykal, &#8216;Ba\u015fbakan zahmet etmesin, \u00f6zel kalemi bize g\u00f6r\u00fc\u015fme g\u00fcn\u00fcn\u00fc s\u00f6ylesin yeter&#8217; diyerek kamere talebinde \u0131srarl\u0131 oldu\u011funu beyan etti. \u015eimdi, Erdo\u011fan-Baykal bulu\u015fmas\u0131nda kirize d\u00f6n\u00fc\u015fen kamere kayd\u0131 sorununun nas\u0131l \u00e7\u00f6z\u00fclece\u011fi tart\u0131\u015f\u0131lmaya ba\u015fland\u0131.<\/p>\n<p style=\"text-align: justify;\">Ba\u015fbakan Recep Tayyip Erdo\u011fan, d\u00fcn Irak\u2019a g\u00fcn\u00fcbirlik bir ziyarette bulundu. Irak&#8217;a hareketinden \u00f6nce \u00e7e\u015fitli de\u011ferlendirmelerde bulunan Erdo\u011fan, gazetecilerin sorular\u0131n\u0131 yan\u0131tlad\u0131. Erdo\u011fan, CHP Genel Ba\u015fkan\u0131 Deniz Baykal\u2019\u0131n, demokratik a\u00e7\u0131l\u0131ma ili\u015fkin yap\u0131lacak olan g\u00f6r\u00fc\u015fmenin kamerayla kaydedilmesini istemesinin hat\u0131rlat\u0131lmas\u0131 \u00fczerine \u015funlar\u0131 s\u00f6yledi:<\/p>\n<p style=\"text-align: justify;\">\u201cAna muhalefet partisi liderinin talep etti\u011fi kamera konusu, vesaire zaten sizler gere\u011fini yaz\u0131p \u00e7iziyorsunuz. Ben de \u00e7ok \u015feyleri bu arada \u00f6\u011frenmi\u015f oluyorum. Cevab\u0131m\u0131 verdi\u011fimde zaten bu g\u00f6r\u00fc\u015fmeyle ilgili, niteli\u011fi de ortada olacak. Belki de kendilerini bir telefonla da aray\u0131p, g\u00f6r\u00fc\u015fmemizin nas\u0131l \u00e7ok daha sa\u011fl\u0131kl\u0131 olabilece\u011fi hususunu kendisiyle telefonda bir tezekk\u00fcr etmeyi de d\u00fc\u015f\u00fcn\u00fcyorum.\u201d<\/p>\n<p style=\"text-align: justify;\">Ba\u015fbakan, g\u00f6r\u00fc\u015fmenin hangi tarihte yap\u0131laca\u011f\u0131na ili\u015fkin soruya da &#8220;A\u00e7\u0131klayaca\u011f\u0131z&#8221; yan\u0131t\u0131n\u0131 verdi.<\/p>\n<p style=\"text-align: justify;\"><strong><em>&#8216;Ba\u015fbakan Zahmet Etmesin&#8217;<\/em><\/strong><\/p>\n<p style=\"text-align: justify;\">Erdo\u011fan&#8217;\u0131n bu s\u00f6zlerinden bir s\u00fcre sonra CHP lideri Baykal&#8217;dan yaz\u0131l\u0131 a\u00e7\u0131klama geldi. Baykal \u015funlar\u0131 kaydetti:<\/p>\n<p style=\"text-align: justify;\">&#8220;Say\u0131n Ba\u015fbakan Irak&#8217;a giderken beni telefonla aray\u0131p g\u00f6r\u00fc\u015fmemizin nas\u0131l \u00e7ok daha sa\u011fl\u0131kl\u0131 olabilece\u011fi hususunu tezekk\u00fcr etmeyi d\u00fc\u015f\u00fcnd\u00fc\u011f\u00fcn\u00fc s\u00f6ylemi\u015f. Say\u0131n Ba\u015fbakan&#8217;\u0131n a\u00e7\u0131l\u0131m konusunu g\u00f6r\u00fc\u015fmek \u00fczere randevu talep eden mektubuna verdi\u011fim yan\u0131tta bu g\u00f6r\u00fc\u015fmeyi televizyon kayd\u0131 alt\u0131na al\u0131nan ba\u015f ba\u015fa, ikili bir g\u00f6r\u00fc\u015fme olarak yapabilece\u011fimiz ifade edilmi\u015ftir. Bu durumda Say\u0131n Ba\u015fbakan&#8217;\u0131n telefon a\u00e7ma zahmetine katlanmas\u0131 i\u00e7in bir neden yoktur. Say\u0131n Ba\u015fbakan&#8217;\u0131n \u00f6zel kalem m\u00fcd\u00fcr\u00fcne verece\u011fi bir talimatla bize ziyaret g\u00fcn ve saatini bildirmesi yeterli olacakt\u0131r&#8221; dedi.<\/p>\n<p style=\"text-align: justify;\"><strong><em>&#8216;\u0130srail Karar\u0131n\u0131 Biz Verdik&#8217;<\/em><\/strong><\/p>\n<p style=\"text-align: justify;\">Ba\u015fbakan Erdo\u011fan, bir gazetecinin \u201c\u0130srail\u2019le T\u00fcrkiye aras\u0131nda tatbikat gerginli\u011fi ya\u015fan\u0131yor. \u0130srail\u2019in T\u00fcrkiye\u2019ye Neronlar\u0131 teslim etmeyece\u011fi bilgisi geldi. Bunlar\u0131 nas\u0131l de\u011ferlendiriyorsunuz?\u201d sorusunu \u015f\u00f6yle cevaplad\u0131:<\/p>\n<p style=\"text-align: justify;\">\u201cHer siyasi iktidar\u0131n \u00fclkesindeki kamuoyunun yakla\u015f\u0131mlar\u0131n\u0131 halk\u0131n\u0131n taleplerini g\u00f6z \u00f6n\u00fcnde bulundurma mecburiyeti vard\u0131r. Daha \u00f6nce verilen e\u011fitim \u00e7al\u0131\u015fmalar\u0131yla ilgili konuda bile bu hassasiyeti g\u00f6sterdiler. Ama biz bu konuda Silahl\u0131 Kuvvetlerimizin de yapt\u0131\u011f\u0131 a\u00e7\u0131klamalarla bu konudaki tavr\u0131m\u0131z\u0131 s\u00f6yledik. Fakat tatbikat konusuyla alakal\u0131 olarak da bunun \u015fu anda yap\u0131lamayaca\u011f\u0131n\u0131 bunun \u0130srail d\u0131\u015f\u0131ndaki kat\u0131lan \u00fclkelerle yap\u0131lmas\u0131 veya ertelenmesi konusunu s\u00f6yledik. Bu yakla\u015f\u0131m makul kar\u015f\u0131land\u0131. Birilerinin tavsiyesi veya birilerinin talimat\u0131 ile T\u00fcrkiye karar vermez.\u201d<\/p>\n<p style=\"text-align: justify;\"><strong><em>&#8216;Da\u011f\u0131n De\u011ferlendirilmesi Laz\u0131m&#8217;<\/em><\/strong><\/p>\n<p style=\"text-align: justify;\">&#8220;Ter\u00f6r\u00fcn&#8221; demokratik a\u00e7\u0131l\u0131m s\u00fcrecinin en \u00f6nemli ba\u015fl\u0131\u011f\u0131 oldu\u011funu ifade eden Erdo\u011fan, \u201cTabii ki ter\u00f6r sorununu \u00e7\u00f6zmede, bu sorunu minimize etmede \u00f6zellikle da\u011f olay\u0131n\u0131n \u00e7ok iyi de\u011ferlendirilmesi gerekiyor. Burada tabii ortak \u00e7al\u0131\u015fma yap\u0131lmas\u0131 gereken, birinci derecede Irak\u2019t\u0131r. \u00d6zellikle Kuzey Irak\u2019t\u0131r. Bu konuda, zaten \u00fc\u00e7l\u00fc olarak Irak-T\u00fcrkiye-ABD i\u00e7i\u015fleri bakanlar\u0131m\u0131z\u0131n bir araya gelmek suretiyle yapt\u0131klar\u0131 \u00e7al\u0131\u015fmalar var. Bu g\u00fcvenlik mekanizmas\u0131 zaten i\u015fliyor\u201d \u015feklinde konu\u015ftu.<\/p>\n<p style=\"text-align: justify;\"><strong><em>M\u00fczakere konusu PKK<\/em><\/strong><\/p>\n<p style=\"text-align: justify;\">BA\u015eBAKAN Recep Tayyip Erdo\u011fan bereberindeki 9 bakan ve i\u015f adamlar\u0131ndan olu\u015fan bir heyetle d\u00fcn Irak&#8217;\u0131n ba\u015fkenti Ba\u011fdat&#8217;a gitti. Ba\u015fbakan Erdo\u011fan Ba\u011fdat&#8217;ta \u201cYe\u015fil Hat\u201d olarak adland\u0131r\u0131lan b\u00f6lgedeki Ba\u015fbakanl\u0131k Saray\u0131&#8217;nda Irak Ba\u015fbakan\u0131 Nuri El Maliki ile g\u00f6r\u00fc\u015ft\u00fc. G\u00f6r\u00fc\u015fme yakla\u015f\u0131k 1.5 saat  s\u00fcrd\u00fc. G\u00f6r\u00fc\u015fmede, D\u0131\u015fi\u015fleri Bakan\u0131 Ahmet Davuto\u011flu da haz\u0131r bulundu. Maliki Erdo\u011fan&#8217;\u0131, Ba\u011fdat Uluslararas\u0131 Havaalan\u0131&#8217;nda resmi t\u00f6renle kar\u015f\u0131lam\u0131\u015ft\u0131. Erdo\u011fan&#8217;\u0131n kat\u0131ld\u0131\u011f\u0131 T\u00fcrkiye-Irak Y\u00fcksek D\u00fczeyli Stratejik \u0130\u015fbirli\u011fi Konseyi Ortak Kabine Toplant\u0131s\u0131nda 48 mutabakat muht\u0131ras\u0131 imzaland\u0131. Bunlar ticaret, i\u00e7i\u015fleri, bay\u0131nd\u0131rl\u0131k ve iskan, sa\u011fl\u0131k, ula\u015ft\u0131rma, su kaynaklar\u0131 ve \u00e7evre, enerji ve tar\u0131m konular\u0131nda oldu. Toplant\u0131da ayr\u0131ca G\u00fcvenlik \u0130\u015fbirli\u011fi Anla\u015fmas\u0131 da imzaland\u0131. Bu kapsamda &#8216;Ter\u00f6rle M\u00fccadele Anla\u015fmas\u0131 da m\u00fczakere edildi.<\/p>\n<p style=\"text-align: justify;\"><span style=\"color: #888888;\">BirG\u00fcn<\/span><\/p>\n","protected":false},"excerpt":{"rendered":"<p style=\"text-align: center;\">\n<p style=\"text-align: justify;\">Kamera kayd\u0131 i\u00e7in \u2018Baykal\u2019\u0131 aramay\u0131 d\u00fc\u015f\u00fcn\u00fcyorum\u2019 diyen Ba\u015fbakan Erdo\u011fan\u2019a, Baykal\u2019dan yan\u0131t geldi: \u2018Telefon a\u00e7maya zahmet etmesin, g\u00f6r\u00fc\u015fme g\u00fcn\u00fcn\u00fc bildirsin yeter\u2019<\/p>\n<p style=\"text-align: justify;\">\u2018Kamera Talebinde Israrl\u0131y\u0131m\u2019 <\/p>\n<p style=\"text-align: justify;\">Ba\u015fbakan Erdo\u011fan, CHP lideri Baykal\u2019la yapaca\u011f\u0131 g\u00f6r\u00fc\u015fmenin kamera ile kayda al\u0131nmas\u0131 talebine, g\u00f6r\u00fc\u015fmeden \u00f6nce Baykal\u2019la telefonla bu konuyu konu\u015fmay\u0131 d\u00fc\u015f\u00fcnd\u00fc\u011f\u00fcn\u00fc s\u00f6yledi. Ancak <\/p>\n","protected":false},"author":1,"featured_media":0,"comment_status":"open","ping_status":"closed","sticky":false,"template":"","format":"standard","meta":{"footnotes":""},"categories":[105],"tags":[],"class_list":["post-15794","post","type-post","status-publish","format-standard","hentry","category-gundem","odd"],"_links":{"self":[{"href":"http:\/\/www.korhanyilmaz.com\/index.php?rest_route=\/wp\/v2\/posts\/15794","targetHints":{"allow":["GET"]}}],"collection":[{"href":"http:\/\/www.korhanyilmaz.com\/index.php?rest_route=\/wp\/v2\/posts"}],"about":[{"href":"http:\/\/www.korhanyilmaz.com\/index.php?rest_route=\/wp\/v2\/types\/post"}],"author":[{"embeddable":true,"href":"http:\/\/www.korhanyilmaz.com\/index.php?rest_route=\/wp\/v2\/users\/1"}],"replies":[{"embeddable":true,"href":"http:\/\/www.korhanyilmaz.com\/index.php?rest_route=%2Fwp%2Fv2%2Fcomments&post=15794"}],"version-history":[{"count":0,"href":"http:\/\/www.korhanyilmaz.com\/index.php?rest_route=\/wp\/v2\/posts\/15794\/revisions"}],"wp:attachment":[{"href":"http:\/\/www.korhanyilmaz.com\/index.php?rest_route=%2Fwp%2Fv2%2Fmedia&parent=15794"}],"wp:term":[{"taxonomy":"category","embeddable":true,"href":"http:\/\/www.korhanyilmaz.com\/index.php?rest_route=%2Fwp%2Fv2%2Fcategories&post=15794"},{"taxonomy":"post_tag","embeddable":true,"href":"http:\/\/www.korhanyilmaz.com\/index.php?rest_route=%2Fwp%2Fv2%2Ftags&post=15794"}],"curies":[{"name":"wp","href":"https:\/\/api.w.org\/{rel}","templated":true}]}}