{"id":15790,"date":"2009-10-16T13:29:54","date_gmt":"2009-10-16T10:29:54","guid":{"rendered":"http:\/\/www.korhanyilmaz.com\/?p=15790"},"modified":"2009-10-16T13:29:54","modified_gmt":"2009-10-16T10:29:54","slug":"ozturkun-partisi-dp-catisinda","status":"publish","type":"post","link":"http:\/\/www.korhanyilmaz.com\/?p=15790","title":{"rendered":"\u00d6zt\u00fcrk&#039;\u00fcn Partisi DP \u00c7at\u0131s\u0131nda"},"content":{"rendered":"<p style=\"text-align: justify;\"><a href=\"http:\/\/www.korhanyilmaz.com\/wp-content\/uploads\/2009\/10\/yasarnuri.jpg\"  class=\"lightview\"><img loading=\"lazy\" decoding=\"async\" class=\"aligncenter size-full wp-image-15791\" src=\"http:\/\/www.korhanyilmaz.com\/wp-content\/uploads\/2009\/10\/yasarnuri.jpg\" alt=\"\" width=\"300\" height=\"230\" \/><\/a><\/p>\n<p style=\"text-align: justify;\">Demokrat Parti(DP) ile Anavatan Partisi&#8217;nin (ANAP) birle\u015fece\u011fi kongrede, \u00e7at\u0131ya Prof. Dr. Ya\u015far Nuri \u00d6zt\u00fcrk\u2019\u00fcn Genel Ba\u015fkan\u0131 oldu\u011fu HYP&#8217;ye de kat\u0131lacak.<\/p>\n<p style=\"text-align: justify;\">Anavatan Partisi ile 31 Ekim\u2019de yapacaklar\u0131 ortak kongre ile resmen birle\u015fmeye haz\u0131rlanan DP, &#8220;merkezde birlik&#8221; \u00e7a\u011fr\u0131lar\u0131n\u0131 kuvvetlendiriyor. Kongre i\u00e7in ana tema olarak &#8220;T\u00fcrkiye Birle\u015fiyor&#8221; slogan\u0131 benimsenirken; DP, HYP\u2019yi de b\u00fcnyesine katacak. Kongre tarihi, ANAP\u2019\u0131n eski lideri Turgut \u00d6zal\u2019\u0131n, 20 y\u0131l \u00f6nce Cumhurba\u015fkan\u0131 se\u00e7ildi\u011fi 31 Ekim&#8217;e denk geliyor.<!--more--><\/p>\n<p style=\"text-align: justify;\">Birle\u015fme \u00e7at\u0131s\u0131 DP, Genel Ba\u015fkan\u2019\u0131n H\u00fcsamettin Cindoruk olaca\u011f\u0131n\u0131n kesinlik kazanmas\u0131n\u0131n ard\u0131ndan, kongrede vurgulanacak ana slogan da belirlendi. Edinilen bilgiye g\u00f6re iki partinin ayn\u0131 g\u00fcn ayn\u0131 salonda pe\u015f pe\u015fe ger\u00e7ekle\u015ftirecekleri birle\u015fik kongrede, \u201cmerkezde birlik\u201d \u00e7a\u011fr\u0131s\u0131n\u0131 kuvvetlendirecek, slogan ve pankartlar kullan\u0131lacak. Kongre\u2019nin ana slogan\u0131 ise \u201cT\u00fcrkiye Birle\u015fiyor\u201d olacak.<\/p>\n<p style=\"text-align: justify;\">AKP\u2019ye kar\u015f\u0131, merkezde g\u00fc\u00e7l\u00fc bir alternatif olu\u015fturmay\u0131 ama\u00e7layan DP, kongrede radikal s\u00f6ylemlerden ka\u00e7\u0131nacak. U\u00e7 sloganlar\u0131n yer almamas\u0131na \u00f6zen g\u00f6sterilecek, \u201ctoplumun tamam\u0131n\u0131 kucaklayan parti\u201d imaj\u0131 \u00e7izilecek. Kongre i\u00e7in bir de mar\u015f haz\u0131rlan\u0131rken, mar\u015fta DP\u2019nin \u201cbar\u0131\u015f ve merkez partisi\u201d oldu\u011fu vurgusu yap\u0131lacak. Kongrede DP, Adalet Partisi, Anavatan Partisi ve DYP ve yeniden DP\u2019nin tarihsel s\u00fcre\u00e7lerini i\u00e7eren bir de sinevizyon g\u00f6sterisi ger\u00e7ekle\u015ftirilecek. Kongreye, Ba\u015fta 9. Cumhurba\u015fkan\u0131 S\u00fcleyman Demirel olmak \u00fczere, eski Ba\u015fbakanlardan Tansu \u00c7iller, Mesut Y\u0131lmaz, t\u00fcm eski genel ba\u015fkanlar ve eski milletvekillerinin yer almas\u0131 sa\u011flanacak.<\/p>\n<p style=\"text-align: justify;\"><strong><em>DP \u00c7ATISINDA B\u0130RLE\u015e\u0130LECEK<\/em><\/strong><\/p>\n<p style=\"text-align: justify;\">Saat 10.00 itibariyle \u00f6nce Anavatan Partisi Kongresini toplayacak. G\u00fcndem maddelerinin s\u0131ras\u0131yla ger\u00e7ekle\u015ftirilmesinin ard\u0131ndan, Anavatan Partisi, \u201cDemokrat Parti ad\u0131 alt\u0131nda\u201d birle\u015fmeyi onaylayacak. Ard\u0131ndan ayn\u0131 salonda, saat 11.00\u2019da DP kongresi toplanarak Anavatan Partisi\u2019ni kabul edecek ve buna uygun t\u00fcz\u00fck de\u011fi\u015fiklikleri yap\u0131lacak. \u00c7o\u011funluk sa\u011fland\u0131\u011f\u0131 takdirde, birle\u015fik yeni parti, \u201cDP\u201d ad\u0131 alt\u0131nda kurulmu\u015f olacak.<\/p>\n<p style=\"text-align: justify;\"><strong><em>HYP DE DP\u2019YE KATILIYOR<\/em><\/strong><\/p>\n<p style=\"text-align: justify;\">ANAP&#8217;\u0131n yan\u0131 s\u0131ra mevcut merkeze yak\u0131n partileri de b\u00fcnyesine katmay\u0131 hedefleyen DP, Prof. Dr. Ya\u015far Nuri \u00d6zt\u00fcrk\u2019\u00fcn Genel Ba\u015fkan\u0131 oldu\u011fu Halk\u0131n Y\u00fckseli\u015fi Partisi\u2019yle (HYP) \u00f6n g\u00f6r\u00fc\u015fmelerini yapt\u0131. HYP, DP\u2019ye kat\u0131lmaya s\u0131cak bakarken, Genel Ba\u015fkan Ya\u015far Nuri \u00d6zt\u00fcrk ise parti y\u00f6netiminde bulunmayacak. \u00d6zt\u00fcrk\u2019\u00fcn, kendisinin herhangi bir g\u00f6revde bulunmak istemedi\u011fini ifade ederek, \u201cpartim sizinle hareket etsin\u201d dedi\u011fi \u00f6\u011frenildi. \u00d6te yandan, DP, Abdullatif \u015eener\u2019in Genel Ba\u015fkan\u0131 oldu\u011fu T\u00fcrkiye Partisi ve Mustafa Sar\u0131g\u00fcl\u2019\u00fcn \u00f6nderli\u011findeki \u201cT\u00fcrkiye De\u011fi\u015fim Hareketi\u201dyle de bu y\u00f6ndeki temaslar\u0131n\u0131 s\u00fcrd\u00fcr\u00fcyor.<\/p>\n<p style=\"text-align: justify;\"><span style=\"color: #888888;\">BirG\u00fcn<\/span><\/p>\n","protected":false},"excerpt":{"rendered":"<p style=\"text-align: justify;\">\n<p style=\"text-align: justify;\">Demokrat Parti(DP) ile Anavatan Partisi&#8217;nin (ANAP) birle\u015fece\u011fi kongrede, \u00e7at\u0131ya Prof. Dr. Ya\u015far Nuri \u00d6zt\u00fcrk\u2019\u00fcn Genel Ba\u015fkan\u0131 oldu\u011fu HYP&#8217;ye de kat\u0131lacak.<\/p>\n<p style=\"text-align: justify;\">Anavatan Partisi ile 31 Ekim\u2019de yapacaklar\u0131 ortak kongre ile resmen birle\u015fmeye haz\u0131rlanan DP, &#8220;merkezde birlik&#8221; \u00e7a\u011fr\u0131lar\u0131n\u0131 kuvvetlendiriyor. Kongre i\u00e7in ana tema olarak &#8220;T\u00fcrkiye Birle\u015fiyor&#8221; slogan\u0131 benimsenirken; DP, HYP\u2019yi <\/p>\n","protected":false},"author":1,"featured_media":0,"comment_status":"open","ping_status":"closed","sticky":false,"template":"","format":"standard","meta":{"footnotes":""},"categories":[105],"tags":[],"class_list":["post-15790","post","type-post","status-publish","format-standard","hentry","category-gundem","odd"],"_links":{"self":[{"href":"http:\/\/www.korhanyilmaz.com\/index.php?rest_route=\/wp\/v2\/posts\/15790","targetHints":{"allow":["GET"]}}],"collection":[{"href":"http:\/\/www.korhanyilmaz.com\/index.php?rest_route=\/wp\/v2\/posts"}],"about":[{"href":"http:\/\/www.korhanyilmaz.com\/index.php?rest_route=\/wp\/v2\/types\/post"}],"author":[{"embeddable":true,"href":"http:\/\/www.korhanyilmaz.com\/index.php?rest_route=\/wp\/v2\/users\/1"}],"replies":[{"embeddable":true,"href":"http:\/\/www.korhanyilmaz.com\/index.php?rest_route=%2Fwp%2Fv2%2Fcomments&post=15790"}],"version-history":[{"count":0,"href":"http:\/\/www.korhanyilmaz.com\/index.php?rest_route=\/wp\/v2\/posts\/15790\/revisions"}],"wp:attachment":[{"href":"http:\/\/www.korhanyilmaz.com\/index.php?rest_route=%2Fwp%2Fv2%2Fmedia&parent=15790"}],"wp:term":[{"taxonomy":"category","embeddable":true,"href":"http:\/\/www.korhanyilmaz.com\/index.php?rest_route=%2Fwp%2Fv2%2Fcategories&post=15790"},{"taxonomy":"post_tag","embeddable":true,"href":"http:\/\/www.korhanyilmaz.com\/index.php?rest_route=%2Fwp%2Fv2%2Ftags&post=15790"}],"curies":[{"name":"wp","href":"https:\/\/api.w.org\/{rel}","templated":true}]}}