{"id":15786,"date":"2009-10-16T10:01:09","date_gmt":"2009-10-16T07:01:09","guid":{"rendered":"http:\/\/www.korhanyilmaz.com\/?p=15786"},"modified":"2009-10-16T10:01:09","modified_gmt":"2009-10-16T07:01:09","slug":"erdogan-irakta-kerkuku-hatirlatti","status":"publish","type":"post","link":"http:\/\/www.korhanyilmaz.com\/?p=15786","title":{"rendered":"Erdo\u011fan Irak&#8217;ta Kerk\u00fck&#8217;\u00fc hat\u0131rlatt\u0131"},"content":{"rendered":"<p><a href=\"http:\/\/www.korhanyilmaz.com\/wp-content\/uploads\/2009\/10\/\u0130RAK.jpg\"  class=\"lightview\"><img loading=\"lazy\" decoding=\"async\" class=\"aligncenter size-full wp-image-15787\" src=\"http:\/\/www.korhanyilmaz.com\/wp-content\/uploads\/2009\/10\/\u0130RAK.jpg\" alt=\"\" width=\"292\" height=\"224\" \/><\/a><\/p>\n<p style=\"text-align: justify;\">Ba\u015fbakan Recep Tayyip Erdo\u011fan Irak&#8217;ta, Irak Ba\u015fbakan\u0131 Nuri El Maliki ile g\u00f6r\u00fc\u015ft\u00fc. \u0130ki \u00fclke aras\u0131nda 48 mutabakat muht\u0131ras\u0131 imzalan\u0131rken Ba\u015fbakan Erdo\u011fan \u00f6nemli mesajlar verdi. &#8220;Kerk\u00fck bir etnik unsura teslim edilemez&#8221; diyen Erdo\u011fan, T\u00fcrkiye ile Irak&#8217;\u0131n bundan sonraki s\u00fcre\u00e7te de ter\u00f6re kar\u015f\u0131 ortak m\u00fccadeleyi s\u00fcrd\u00fcreceklerine olan inanc\u0131n\u0131 dile getirdi. Erdo\u011fan, PKK konusunda ise ortak \u00f6nlemler alacaklar\u0131n\u0131 kaydetti.<\/p>\n<p style=\"text-align: justify;\">Ba\u015fbakan Recep Tayyip Erdo\u011fan ile Irak Ba\u015fbakan\u0131 Nuri El Maliki Ba\u015fkanl\u0131\u011f\u0131ndaki T\u00fcrk-Irak Ortak Kabine Toplant\u0131s\u0131 sonras\u0131nda iki \u00fclke aras\u0131nda \u00e7ok say\u0131da mutabakat zapt\u0131 imzaland\u0131. <!--more--><\/p>\n<p style=\"text-align: justify;\">Ba\u015fbakanl\u0131k Konutu&#8217;nda ger\u00e7ekle\u015ftirilen T\u00fcrk-Irak Ortak Kabine Toplant\u0131s\u0131n\u0131n ard\u0131ndan, mutabakat zab\u0131tlar\u0131n\u0131n imza t\u00f6renine ge\u00e7ildi.<\/p>\n<p style=\"text-align: justify;\">T\u00f6rende, \u0130\u00e7i\u015fleri Bakan\u0131 Atalay, Irakl\u0131 mevkida\u015f\u0131 ile g\u00fcvenlik konusundaki mutabakat zapt\u0131na imza att\u0131.<\/p>\n<p style=\"text-align: justify;\">T\u00f6rende ayr\u0131ca, Enerji, \u00c7evre, Sa\u011fl\u0131k, Su, S\u0131n\u0131r Kap\u0131lar\u0131, Kerk\u00fck Petrol Boru Hatt\u0131n\u0131n Yenilenmesi, Demiryolu ve Kanal Ba\u011flant\u0131s\u0131, Tar\u0131m ve Ormanc\u0131l\u0131k alanlar\u0131ndaki i\u015fbirli\u011fi mutabakat zab\u0131tlar\u0131na, Devlet Bakan\u0131 Zafer \u00c7a\u011flayan, D\u0131\u015fi\u015fleri Bakan\u0131 Ahmet Davuto\u011flu, \u0130\u00e7i\u015fleri Bakan\u0131 Be\u015fir Atalay, Bay\u0131nd\u0131rl\u0131k ve \u0130skan Bakan\u0131 Mustafa Demir, Sa\u011fl\u0131k Bakan\u0131 Recep Akda\u011f, Ula\u015ft\u0131rma Bakan\u0131 Binali Y\u0131ld\u0131r\u0131m, Tar\u0131m ve K\u00f6yi\u015fleri Bakan\u0131 Mehdi Eker, Enerji ve Tabii Kaynaklar Bakan\u0131 Taner Y\u0131ld\u0131z ile \u00c7evre ve Orman Bakan\u0131 Veysel Ero\u011flu ile Irakl\u0131 mevkida\u015flar\u0131 taraf\u0131ndan imza konuldu.<\/p>\n<p style=\"text-align: justify;\">Ba\u015fbakan Recep Tayyip Erdo\u011fan, T\u00fcrkiye ile Irak&#8217;\u0131n bundan sonraki s\u00fcre\u00e7te de ter\u00f6re kar\u015f\u0131 ortak m\u00fccadeleyi s\u00fcrd\u00fcreceklerine olan inanc\u0131n\u0131 dile getirerek, &#8220;Irak&#8217;\u0131n birlik ve beraberli\u011fini, toprak b\u00fct\u00fcnl\u00fc\u011f\u00fcn\u00fc kesinlikle destekliyoruz. Irk, dil, din ayr\u0131m\u0131 yapmaks\u0131z\u0131n destekliyoruz&#8221; dedi.<\/p>\n<p style=\"text-align: justify;\">Ba\u015fbakan Erdo\u011fan ve Irak Ba\u015fbakan\u0131 Nuri El Maliki, T\u00fcrk-Irak Ortak Kabine Toplant\u0131s\u0131n\u0131n ard\u0131ndan Ba\u015fbakanl\u0131k Konutu&#8217;nda, ortak bas\u0131n toplant\u0131s\u0131 yapt\u0131.<\/p>\n<p style=\"text-align: justify;\">Erdo\u011fan, Irak&#8217;\u0131n kuzeyinde bulunan ve T\u00fcrkiye&#8217;nin g\u00fcvenli\u011fi tehdit eden PKK ter\u00f6r \u00f6rg\u00fct\u00fc ile m\u00fccadelenin \u00f6nemine de\u011finerek, &#8220;Biz Merkezi H\u00fck\u00fcmet&#8217;le bug\u00fcne kadar mutab\u0131k kald\u0131k sa\u011folsunlar bu s\u00fcre i\u00e7inde de bu mutabakat\u0131m\u0131z bozulmad\u0131. Bundan sonraki s\u00fcre\u00e7te de ter\u00f6re kar\u015f\u0131 bu ortak m\u00fccadelemizi s\u00fcrd\u00fcrece\u011fimize inan\u0131yorum&#8221; diye konu\u015ftu.<\/p>\n<p style=\"text-align: justify;\">T\u00fcrkiye ile Irak&#8217;\u0131n ortak belas\u0131 olan ter\u00f6r \u00f6rg\u00fct\u00fcn\u00fcn ortadan kald\u0131r\u0131lmas\u0131 konusundaki kararl\u0131l\u0131\u011fa vurgu yapan Erdo\u011fan, \u00f6n\u00fcm\u00fczdeki d\u00f6nemde Y\u00fcksek D\u00fczeyde Stratejik \u0130\u015fbirli\u011fi Konseyi b\u00fcnyesinde imzalanan mutabakat muht\u0131ralar\u0131n\u0131n uygulanmas\u0131n\u0131 yak\u0131ndan takip edeceklerini s\u00f6yledi.<\/p>\n<p style=\"text-align: justify;\">Ba\u015fbakan Erdo\u011fan, &#8220;Her konuda 48 ba\u015fl\u0131\u011f\u0131n hepsini yak\u0131ndan takip edece\u011fiz. Demin ifade edildi\u011fi gibi 9 bakana 3 bakan daha ilave edilecek. Milli Savunma Bakan\u0131, Milli E\u011fitim Bakan\u0131 ve B\u00f6lgesel Planlama ve Yat\u0131r\u0131m Bakan\u0131. Bunun \u00fczerinde \u0131srarla duruyorum. \u00c7\u00fcnk\u00fc G\u00fcneydo\u011fu Anadolu ve Do\u011fu Anadolu b\u00f6lgelerinden sorumlu bir bakan\u0131m\u0131z oldu\u011fu i\u00e7in onun \u00f6zellikle Irak&#8217;la olan ili\u015fkileri b\u00fcy\u00fck \u00f6nem arz ediyor, Suriye ile olan ili\u015fkileri \u00f6nem arz ediyor&#8221; dedi.<\/p>\n<p style=\"text-align: justify;\"><strong><em>48 mutabakat muht\u0131ras\u0131 <\/em><\/strong><\/p>\n<p style=\"text-align: justify;\">Ba\u015fbakan Erdo\u011fan, T\u00fcrk-Irak Ortak Kabine Toplant\u0131s\u0131 sonras\u0131nda d\u00fczenlenen ortak bas\u0131n toplant\u0131s\u0131nda ge\u00e7en y\u0131l Temmuz ay\u0131nda Maliki ile imzalad\u0131klar\u0131 ortak siyasi bildirge sonucunu da te\u015fkil eden, Y\u00fcksek D\u00fczeyli Stratejik Ortakl\u0131k Anla\u015fmas\u0131&#8217;yla &#8220;heyecan dolu, kararl\u0131 yolculu\u011fun ba\u015flad\u0131\u011f\u0131n\u0131&#8221; s\u00f6yledi.<\/p>\n<p style=\"text-align: justify;\">Ba\u011fdat&#8217;ta tekrar bir arada bulunmaktan duydu\u011fu memnuniyeti dile getiren Erdo\u011fan, &#8220;T\u00fcrk halk\u0131n\u0131n en derin selamlar\u0131n\u0131 bu vesileyle duyurmak istiyorum&#8221; dedi.<\/p>\n<p style=\"text-align: justify;\">Erdo\u011fan, ge\u00e7en ay 18 T\u00fcrk ve Irak&#8217;l\u0131 bakan\u0131n &#8220;iki devlet tek h\u00fck\u00fcmet&#8221; anlay\u0131\u015f\u0131yla \u0130stanbul&#8217;da bir araya geldiklerini ve \u00f6nemli anla\u015fmalara imza att\u0131klar\u0131n\u0131 hat\u0131rlatt\u0131.<\/p>\n<p style=\"text-align: justify;\">Bakanlar\u0131n bug\u00fcn de Irak&#8217;l\u0131 muhataplar\u0131yla bir araya gelerek 48 mutabakat muht\u0131ras\u0131n\u0131 haz\u0131rlad\u0131klar\u0131n\u0131 ve imzalar\u0131n at\u0131ld\u0131\u011f\u0131n\u0131 anlatan Erdo\u011fan, T\u00fcrk-Irak Ortak Kabine Toplant\u0131s\u0131 yapt\u0131klar\u0131n\u0131 ifade etti.<\/p>\n<p style=\"text-align: justify;\">E\u011fitimden sa\u011fl\u0131\u011fa, demir yolundan tar\u0131m, enerji gibi b\u00fcy\u00fck \u00f6nem atfettikleri alanlarda \u00e7ok say\u0131da protokol\u00fc imzalad\u0131klar\u0131n\u0131 belirten Erdo\u011fan, &#8220;Ge\u00e7en y\u0131l ekti\u011fimiz tohumlar neticesini vermeye ba\u015flad\u0131. \u0130n\u015fallah, en yak\u0131n zamanda da bunlar\u0131n meyvelerini toplamaya ba\u015flar\u0131z. Bunlar\u0131 bir \u015feye inanarak s\u00f6yl\u00fcyorum; aram\u0131zdaki ticaret hacmi \u015fu anda 5 milyar dolar, bunu 20 milyar dolara en k\u0131sa zamanda \u00e7\u0131karmam\u0131z laz\u0131m. Asl\u0131nda bu att\u0131\u011f\u0131m\u0131z ad\u0131m, i\u015fte onun tohumlar\u0131n\u0131 ekiyoruz ve neticesini de alaca\u011f\u0131z&#8221; dedi.<\/p>\n<p style=\"text-align: justify;\"><strong><em>Irak ile su sorunu <\/em><\/strong><\/p>\n<p style=\"text-align: justify;\">Ba\u015fbakan Erdo\u011fan, bug\u00fcn yapt\u0131\u011f\u0131 Parlamento ziyaretinde \u00f6zellikle Irak&#8217;l\u0131 milletvekillerinin, Irak&#8217;a T\u00fcrkiye&#8217;den su verilip verilmemesi konusunu g\u00fcndeme getirdiklerini kaydetti.<\/p>\n<p style=\"text-align: justify;\">Erdo\u011fan, \u015funlar\u0131 s\u00f6yledi: &#8220;De\u011ferli karde\u015fimle de bunu g\u00f6r\u00fc\u015ft\u00fck, ama anlad\u0131m ki milletvekili arkada\u015flar ya bilmiyorlar konuyu, veyahut da kendileri bu konuda bug\u00fcne kadar bilgilenmek ya da farkl\u0131 bir \u015fey herhalde benden beklediler. Onun i\u00e7in ben bunu kendilerine a\u00e7\u0131k\u00e7a ifade ettim. Maliki&#8217;i karde\u015fimden bu zarureti duydu\u011fum g\u00fcnden itibaren, ilgili bakan arkada\u015f\u0131ma gerekli talimat\u0131 vermekle kalmad\u0131m, bizzat g\u00fcn be g\u00fcn verilen suyun miktar\u0131n\u0131 takip ettim. Hatta arkada\u015flar\u0131m\u0131z, Suriye-Irak T\u00fcrkiye, \u00fc\u00e7l\u00fc olarak bu s\u00fcreci takip ettiler ve bu ay\u0131n 20&#8217;sine kadar da suyun verilmesi noktas\u0131nda taahh\u00fcd\u00fcm\u00fcz var.<\/p>\n<p style=\"text-align: justify;\">Atat\u00fcrk Baraj\u0131&#8217;n\u0131 farkl\u0131 yerlerden beslemek suretiyle bunu sa\u011flama s\u00f6z\u00fcn\u00fc verdi\u011fimiz i\u00e7in, ortalama saniyede 550 metre k\u00fcp suyu Irak g\u00f6nderdik, g\u00f6nderiyoruz. Bizden istenen asl\u0131nda ortalama 500 metre k\u00fcp saniye idi. Bazen 512 metre k\u00fcp, bazen 622 metre k\u00fcplere kadar \u00e7\u0131kt\u0131. Fakat ortalamada 550 metre k\u00fcp yakalad\u0131k ve bu noktada biz verdi\u011fimiz s\u00f6z\u00fcn arkas\u0131nday\u0131z ve sonuna kadar tutar\u0131z. Bundan sonraki s\u00fcrece y\u00f6nelik olarak \u00fc\u00e7 \u00fclke oturur, bunlar\u0131 yine de\u011ferlendiririz.&#8221;<\/p>\n<p style=\"text-align: justify;\">D\u00fcnyan\u0131n iklim de\u011fi\u015fikli\u011fini ya\u015fad\u0131\u011f\u0131n\u0131, T\u00fcrkiye&#8217;nin ge\u00e7en y\u0131l ciddi kurakl\u0131k ya\u015fad\u0131\u011f\u0131n\u0131 ifade eden Erdo\u011fan, konuyla ilgili s\u00fcratle tedbir ald\u0131klar\u0131n\u0131, almaya devam ettiklerini anlatt\u0131.<\/p>\n<p style=\"text-align: justify;\">Erdo\u011fan, &#8220;\u015eu anda kapal\u0131 sistemlere ge\u00e7iyoruz. Suyun israf\u0131n\u0131 engellemenin ad\u0131mlar\u0131n\u0131 at\u0131yoruz. Bir taraftan geri d\u00f6n\u00fc\u015f\u00fcm i\u00e7in \u00e7al\u0131\u015fmalar yapt\u0131r\u0131yoruz. Aksi takdirde T\u00fcrkiye suyu bol bir \u00fclke de\u011fil. Ama dikkatli olmak zorunday\u0131z&#8221; diye konu\u015ftu.<\/p>\n<p style=\"text-align: justify;\"><strong><em>Maliki: &#8220;\u0130yi ili\u015fkiler i\u00e7in bir \u00f6rnek&#8221; <\/em><\/strong><\/p>\n<p style=\"text-align: justify;\">Irak Ba\u015fbakan\u0131 Nuri El Maliki ise &#8220;T\u00fcrkiye ile varm\u0131\u015f oldu\u011fumuz ili\u015fkiler \u015f\u00fcphesiz ki b\u00f6lgedeki di\u011fer kom\u015fu \u00fclkelerle de varmak istedi\u011fimiz iyi ili\u015fkilerin birer \u00f6rne\u011fini olu\u015fturmaktad\u0131r&#8221; dedi.<\/p>\n<p style=\"text-align: justify;\">Maliki, Erdo\u011fan&#8217;\u0131n ge\u00e7en y\u0131l Temmuz ay\u0131nda Irak&#8217;a yapt\u0131\u011f\u0131 ziyarette, bug\u00fcn var\u0131lan y\u00fcksek d\u00fczeyli stratejik konseyin ad\u0131mlar\u0131n\u0131n at\u0131ld\u0131\u011f\u0131n\u0131 s\u00f6yledi.<\/p>\n<p style=\"text-align: justify;\">Ziyaretin ard\u0131ndan iki \u00fclkenin ilgili bakanlar\u0131n\u0131n g\u00f6r\u00fc\u015fmelerini s\u00fcrd\u00fcrerek, \u00fczerinde mutabakata var\u0131lan anla\u015fmalar\u0131 en iyi \u015fekilde tamamlamaya \u00e7aba harcad\u0131klar\u0131n\u0131 anlatan Maliki, &#8220;Biz inan\u0131yoruz ki iki \u00fclke aras\u0131nda kar\u015f\u0131l\u0131kl\u0131 sayg\u0131ya ve ortak \u00e7\u0131karlara ba\u011fl\u0131 olarak s\u00fcrd\u00fcr\u00fclen bu bulu\u015fmalar \u015f\u00fcphesiz ki \u00f6rnek bir ortakl\u0131\u011f\u0131 olu\u015fturacakt\u0131r&#8221; dedi. Yap\u0131lan \u00e7abalar\u0131n sonucunda, enerji, sa\u011fl\u0131k, su, g\u00fcvenlik, ula\u015f\u0131m gibi de\u011fi\u015fik alanlarda bir\u00e7ok anla\u015fma ve mutabakat zapt\u0131na imza at\u0131ld\u0131\u011f\u0131n\u0131 s\u00f6yleyen Maliki, bu alanlara 3 bakanl\u0131\u011f\u0131n daha eklenerek, anla\u015fma say\u0131s\u0131n\u0131n art\u0131r\u0131ld\u0131\u011f\u0131n\u0131 anlatt\u0131.<\/p>\n<p style=\"text-align: justify;\">Irak Ba\u015fbakan\u0131 Maliki, \u015funlar\u0131 kaydetti: &#8220;\u0130ki \u00fclke aras\u0131nda geli\u015fmekte olan ili\u015fkiler \u015funu ispatlam\u0131\u015ft\u0131r ki b\u00f6lge i\u00e7in en iyi sonuca var\u0131lacak metot ve yol diyalogdan ge\u00e7mektedir. Diyalog ve kar\u015f\u0131l\u0131kl\u0131 sayg\u0131 ile daha \u00f6nce yap\u0131lm\u0131\u015f olan baz\u0131 giri\u015fimler bertaraf edilip, b\u00f6lge i\u00e7in en sa\u011flam ili\u015fkilerin kurulmas\u0131n\u0131n bir \u00f6rne\u011fini te\u015fkil etmektedir. T\u00fcrkiye ile varm\u0131\u015f oldu\u011fumuz bu ili\u015fkiler \u015f\u00fcphesiz ki b\u00f6lgedeki di\u011fer kom\u015fu \u00fclkelerle de varmak istedi\u011fimiz iyi ili\u015fkilerin birer \u00f6rne\u011fini olu\u015fturmaktad\u0131r. Fakat kar\u015f\u0131l\u0131kl\u0131 sayg\u0131 ve i\u00e7i\u015flerine kar\u0131\u015fmama esas\u0131na dayanarak. Irak Anayasas\u0131 do\u011frultusunda y\u00fcr\u00fctm\u00fc\u015f oldu\u011fumuz politikalar\u0131m\u0131z, \u00fclkelerimizin g\u00fcvenli\u011finin sa\u011flanmas\u0131 ve i\u00e7i\u015flerine kar\u0131\u015f\u0131lmamas\u0131 temeline dayanmaktad\u0131r.<\/p>\n<p style=\"text-align: justify;\">Bizim ama\u00e7lad\u0131\u011f\u0131m\u0131z Irak&#8217;\u0131n sa\u011flanmas\u0131 i\u00e7in, \u015f\u00fcphesiz ba\u015fta T\u00fcrkiye ve di\u011fer M\u00fcsl\u00fcman \u00fclkelerin katk\u0131lar\u0131na da ihtiyac\u0131m\u0131z vard\u0131r. \u015e\u00fcphesiz ki biz iki \u00fclke aras\u0131nda k\u00f6kl\u00fc ili\u015fkiler olu\u015fmas\u0131n\u0131 ama\u00e7lamaktay\u0131z. \u0130lgili bakanlar\u0131n, iki \u00fclkeye hizmet edecek bu anla\u015fmalar\u0131n uygulanmas\u0131 i\u00e7in ellerinden gelen \u00e7abalar\u0131 harcamalar\u0131n\u0131 diliyorum.&#8221; Ba\u015fbakan Erdo\u011fan&#8217;a ziyaretinden dolay\u0131 te\u015fekk\u00fcr eden Maliki, &#8220;\u0130n\u015fallah en k\u0131sa s\u00fcre i\u00e7inde tekrar T\u00fcrkiye&#8217;de bir araya gelip, yapm\u0131\u015f oldu\u011fumuz bu y\u00fcksek d\u00fczeyli stratejik ortakl\u0131\u011f\u0131n s\u00fcrd\u00fcr\u00fclmesi i\u00e7in yap\u0131c\u0131 sonu\u00e7lara var\u0131r\u0131z&#8221; dedi.<\/p>\n<p style=\"text-align: justify;\"><strong><em>Anla\u015fma \u00d6ncesi G\u00f6r\u00fc\u015fmeler <\/em><\/strong><\/p>\n<p style=\"text-align: justify;\">Erdo\u011fan-Maliki g\u00f6r\u00fc\u015fmesi Ba\u011fdat&#8217;ta &#8220;Ye\u015fil Hat&#8221; olarak adland\u0131r\u0131lan b\u00f6lgedeki Ba\u015fbakanl\u0131k Saray\u0131&#8217;ndaki g\u00f6r\u00fc\u015fme bas\u0131na kapal\u0131 ger\u00e7ekle\u015fti.<\/p>\n<p style=\"text-align: justify;\">Ba\u015fbakan Erdo\u011fan Irak&#8217;a hareketinden \u00f6nce Ankara&#8217;da yapt\u0131\u011f\u0131 a\u00e7\u0131klamada, &#8220;Irak&#8217;\u0131n kuzeyinden kaynaklanan ve \u00fclkemizi tehdit eden PKK ter\u00f6r\u00fc de Stratejik \u0130\u015fbirli\u011fi Konseyi kapsam\u0131nda ele alaca\u011f\u0131m\u0131z \u00f6nemli konu ba\u015fl\u0131klar\u0131ndan biri olacakt\u0131r&#8221; dedi.<\/p>\n<p style=\"text-align: justify;\">Erdo\u011fan, &#8220;Ter\u00f6rle m\u00fccadelede etkin sonu\u00e7 al\u0131nmas\u0131n\u0131 sa\u011flayacak tedbirleri uygulamaya koydu\u011fumuz s\u00fcre\u00e7 \u00e7er\u00e7evesinde Irak h\u00fck\u00fcmetinin somut ve kuvvetli i\u015fbirli\u011fini ve deste\u011fini bekledi\u011fimizi Irak&#8217;taki temaslar\u0131m\u0131zda g\u00fcndeme getirece\u011fiz. Kald\u0131 ki bu g\u00fcne kadar yapt\u0131\u011f\u0131m\u0131z \u00e7al\u0131\u015fmalarda bu konuda Irak merkezi h\u00fck\u00fcmeti olumlu yakla\u015f\u0131m\u0131n\u0131 s\u00fcrekli ortaya koymu\u015ftur ve bunu da \u00e7ok a\u00e7\u0131k net g\u00f6stermi\u015ftir&#8221; diye konu\u015ftu.<\/p>\n<p style=\"text-align: justify;\"><strong><em>Tezkereyi anlay\u0131\u015fla kar\u015f\u0131lad\u0131lar <\/em><\/strong><\/p>\n<p style=\"text-align: justify;\">Erdo\u011fan, Maliki ile g\u00f6r\u00fc\u015fmesinin ard\u0131ndan Irak Cumhurba\u015fkan\u0131 Yard\u0131mc\u0131lar\u0131 Adil Abd\u00fclmehdi ve Tar\u0131k Ha\u015fimi ile de bi araya geldi.<\/p>\n<p style=\"text-align: justify;\">Abd\u00fclmehdi ve Ha\u015fimi, s\u0131n\u0131r \u00f6tesi operasyona izin veren tezkerenin s\u00fcresinin uzat\u0131lmas\u0131n\u0131 &#8220;anlay\u0131\u015fla&#8221; kar\u015f\u0131lad\u0131klar\u0131n\u0131 ifade etti.<\/p>\n<p style=\"text-align: justify;\">G\u00f6r\u00fc\u015fmelerde Abd\u00fclmehdi ve Ha\u015fimi, T\u00fcrkiye ile Suriye aras\u0131nda vizenin kald\u0131r\u0131lmas\u0131 konusunu olumlu kar\u015f\u0131lad\u0131klar\u0131n\u0131 s\u00f6yledi.<\/p>\n<p style=\"text-align: justify;\">G\u00f6r\u00fc\u015fmelerde Ba\u015fbakan Erdo\u011fan&#8217;\u0131n, BM Genel Kurulu&#8217;nda yapt\u0131\u011f\u0131 konu\u015fmadan duyulan memnuniyet dile getirildi. Abd\u00fclmehdi ve Ha\u015fimi, Irak&#8217;a T\u00fcrkiye&#8217;den giden suyun artt\u0131r\u0131lm\u0131\u015f olmas\u0131ndan dolay\u0131 &#8220;m\u00fcte\u015fekkir&#8221; olduklar\u0131n\u0131 da s\u00f6yledi.<\/p>\n<p style=\"text-align: justify;\">Ter\u00f6rle m\u00fccadelede i\u015fbirli\u011finin g\u00fcndeme geldi\u011fi g\u00f6r\u00fc\u015fmelerde, Abd\u00fclmehdi ve Ha\u015fimi&#8217;nin s\u0131n\u0131r \u00f6tesi operasyona izin veren tezkerenin ter\u00f6rle m\u00fccadeledeki \u00f6nemini bildiklerini ve s\u00fcrenin uzat\u0131lmas\u0131 konusunu &#8220;anlay\u0131\u015fla&#8221; kar\u015f\u0131lad\u0131klar\u0131n\u0131 ifade ettikleri \u00f6\u011frenildi.<\/p>\n<p style=\"text-align: justify;\">Ayr\u0131ca Kerk\u00fck&#8217;te bar\u0131\u015f\u00e7\u0131l bir \u00e7\u00f6z\u00fcm\u00fcn sa\u011flanmas\u0131na katk\u0131da bulunacaklar\u0131n\u0131 bildirdikleri de kaydedildi.<\/p>\n<p style=\"text-align: justify;\">T\u00fcrkiye&#8217;nin, Irak ve Suriye aras\u0131ndaki ili\u015fkilerin geli\u015ftirilmesine katk\u0131s\u0131ndan dolay\u0131 da &#8220;m\u00fcte\u015fekkir&#8221; olduklar\u0131n\u0131 ifade eden Irak Cumhurba\u015fkan\u0131 Yard\u0131mc\u0131lar\u0131, bu katk\u0131lar\u0131n devam\u0131n\u0131 beklediklerini ifade etti.<\/p>\n<p style=\"text-align: justify;\">Ba\u015fbakan Erdo\u011fan&#8217;\u0131n da Erbil&#8217;de bir konsolosluk a\u00e7\u0131laca\u011f\u0131n\u0131 s\u00f6yledi\u011fi \u00f6\u011frenildi.<\/p>\n<p style=\"text-align: justify;\"><strong><em>Erdo\u011fan&#8217;dan Kerk\u00fck \u00e7\u0131k\u0131\u015f\u0131 <\/em><\/strong><\/p>\n<p style=\"text-align: justify;\">Ba\u015fbakan Erdo\u011fan daha sonra Irak Ulusal Meclisi Binas\u0131&#8217;nda Irak Ulusal Meclis Ba\u015fkan\u0131 Ayad El Samarrayi taraf\u0131ndan kabul edildi.<\/p>\n<p style=\"text-align: justify;\">Ba\u015fbakan Erdo\u011fan, ilk defa bir model \u00fcst\u00fcnde olduklar\u0131n\u0131 belirterek, &#8220;44 mutabakat muht\u0131ras\u0131 bug\u00fcn imzalanacak. E\u011fitim, sa\u011fl\u0131k, tar\u0131m, enerji, alt ve \u00fcst yap\u0131 gibi pek \u00e7ok anla\u015fma imzalanacak. Ve b\u00fct\u00fcn bunlarla birlikte \u015f\u00fcphesiz ki Irak&#8217;\u0131n kalk\u0131nmas\u0131 \u00e7ok daha h\u0131zlanacakt\u0131r. B\u00fct\u00fcn bunlar\u0131n g\u00f6r\u00fc\u015f\u00fcld\u00fc\u011f\u00fc s\u00fcre\u00e7 anlaml\u0131 bir d\u00f6neme rastlad\u0131. Irak&#8217;ta yap\u0131lacak se\u00e7imde aday olan partilerin, \u00f6n koalisyon \u00e7al\u0131\u015fmalar\u0131 bitmi\u015f olacak. 16 Ocak&#8217;ta da se\u00e7imler yap\u0131lacak. Tabi biz bu genel se\u00e7imlerin Irak i\u00e7in hay\u0131rl\u0131 olmas\u0131n\u0131 temennisinde bulunuyoruz&#8221; dedi.<\/p>\n<p style=\"text-align: justify;\">Yak\u0131n bir kom\u015fusu olarak T\u00fcrkiye&#8217;nin, Irak&#8217;a her \u015feyiyle her t\u00fcrl\u00fc deste\u011fi vermeye haz\u0131r oldu\u011funu vurgulayan Ba\u015fbakan Erdo\u011fan, &#8220;El ele omuz omuza verece\u011fiz in\u015fallah bu s\u00fcre\u00e7te Irak&#8217;\u0131n yeniden aya\u011fa kalkmas\u0131n\u0131 sa\u011flayaca\u011f\u0131z. Ben bug\u00fcnk\u00fc anla\u015fmay\u0131 ayn\u0131 zamanda bunun \u00f6n ad\u0131m\u0131 olarak g\u00f6r\u00fcyorum. Kerk\u00fck konusuna de\u011finmek istiyorum. Kerk\u00fck konusundaki samimi gayretlerinizi biliyorum. Ve Kerk\u00fck bir \u00f6zel stat\u00fcye kavu\u015fturulmal\u0131d\u0131r diye d\u00fc\u015f\u00fcn\u00fcyorum. Ve Kerk\u00fck t\u00fcm Irakl\u0131lar\u0131n olmal\u0131d\u0131r. Kerk\u00fck bir etnik unsura teslim edilemez, edilmemelidir. Bir mezhebi unsura da teslim edilmemelidir. Ki aksi takdirde Irak&#8217;\u0131n geneli i\u00e7in oras\u0131 bir s\u0131k\u0131nt\u0131 kayna\u011f\u0131 olacakt\u0131r&#8221; diye konu\u015ftu.<\/p>\n<p style=\"text-align: justify;\">&#8220;Bunu karde\u015f bir \u00fclkenin Ba\u015fbakan\u0131 olarak hat\u0131rlatmay\u0131 kendime g\u00f6rev telakki ediyorum&#8221; diyen Erdo\u011fan, &#8220;Bu se\u00e7imlerde isteriz ki etnik unsurlar\u0131n mezhebi unsurlar\u0131n birbiriyle kayna\u015fabildi\u011fi bir s\u00fcre\u00e7 ve demokratik bir ortam olsun. Zor gibi g\u00f6r\u00fcl\u00fcyor ama bunun ba\u015far\u0131lmas\u0131 laz\u0131m. Etnik, mezhebi \u00e7at\u0131\u015fmalar\u0131n olmad\u0131\u011f\u0131 bir Irak&#8230; Irak&#8217;\u0131n toprak b\u00fct\u00fcnl\u00fc\u011f\u00fcne sayg\u0131 duyulmal\u0131, milli birli\u011fine sayg\u0131 duyulmal\u0131d\u0131r. Bunun yan\u0131nda tabi ki ter\u00f6r noktas\u0131nda bizim de bir s\u0131k\u0131nt\u0131m\u0131z var ve bu konuda da merkezi y\u00f6netimin bize bug\u00fcn kadar vermi\u015f oldu\u011fu deste\u011fe ayr\u0131ca te\u015fekk\u00fcr ediyorum&#8221; diye konu\u015ftu.<\/p>\n<p style=\"text-align: justify;\"><strong><em>Demokratik a\u00e7\u0131l\u0131m <\/em><\/strong><\/p>\n<p style=\"text-align: justify;\">Konu\u015fmas\u0131nda, &#8220;demokratik a\u00e7\u0131l\u0131m&#8221; konusunda at\u0131lan ad\u0131mlara da de\u011finen Erdo\u011fan, &#8220;Bu bizim \u00fclkemizdeki K\u00fcrt k\u00f6kenli karde\u015flerimize, vatanda\u015flar\u0131m\u0131za y\u00f6nelik att\u0131\u011f\u0131m\u0131z bir ad\u0131m de\u011fildir, birinci derecede ter\u00f6r soruna kar\u015f\u0131 att\u0131\u011f\u0131m\u0131z bir ad\u0131md\u0131r. B\u00fct\u00fcn etnik unsurlar\u0131n sorunlar\u0131 var, K\u00fcrt karde\u015flerimizin, Laz&#8217;\u0131n, Arnavut&#8217;un, hepsinin sorunlar\u0131 var. \u015eimdi Irak&#8217;ta Araplar\u0131n, K\u00fcrtlerin, T\u00fcrkmenlerin, S\u00fcnnilerin, \u015eiilerin sorunlar\u0131 yok mu? Di\u011fer gruplar\u0131n sorunu yok mu?&#8221; diye sordu.<\/p>\n<p style=\"text-align: justify;\">TSK&#8217;ya s\u0131n\u0131r \u00f6tesi harekata izin veren tezkereye de de\u011finen Erdo\u011fan, Irak merkezi y\u00f6netimiyle mutab\u0131k kalarak bug\u00fcne kadar bu ad\u0131mlar\u0131 att\u0131klar\u0131n\u0131 ifade etti.<\/p>\n<p style=\"text-align: justify;\">ABD&#8217;de, 2007 y\u0131l\u0131nda &#8220;PKK ter\u00f6r \u00f6rg\u00fct\u00fc ABD&#8217;nin, T\u00fcrkiye&#8217;nin, Irak&#8217;\u0131n d\u00fc\u015fman\u0131d\u0131r&#8221; diye ilan ettiklerini an\u0131msatan Ba\u015fbakan Erdo\u011fan, &#8220;Hi\u00e7bir zaman TSK, harekatlar\u0131nda bir sivil nokta vurmam\u0131\u015ft\u0131r. Ter\u00f6r \u00f6rg\u00fct\u00fcn\u00fcn yerle\u015fkesi durumunda olan noktalara sald\u0131r\u0131da bulunmu\u015ftur ama d\u00fc\u015f\u00fcn\u00fcn ki Irak&#8217;tan e\u011fer benim \u00fclkeme ge\u00e7i\u015f yap\u0131yor da ter\u00f6r \u00f6rg\u00fct\u00fc benim \u00fclkemde k\u00f6yleri bas\u0131yorsa buna sizin anlay\u0131\u015f g\u00f6stermemeniz laz\u0131m&#8221; dedi.<\/p>\n<p style=\"text-align: justify;\">Erdo\u011fan, &#8220;&#8216;Bu tezkerenin ge\u00e7mesini k\u0131n\u0131yoruz&#8217; ifadesini do\u011frusu ben de k\u0131n\u0131yorum. Ter\u00f6re kar\u015f\u0131 ortak m\u00fccadele vermemiz laz\u0131m. E\u011fer ter\u00f6r\u00fcn k\u00f6k\u00fcn\u00fc kaz\u0131yamazsak yar\u0131n ter\u00f6r bug\u00fcn onu savunanlar\u0131 vurur. &#8216;Benim ter\u00f6ristim iyi, seninki k\u00f6t\u00fc&#8217; mant\u0131\u011f\u0131 olmaz. Ter\u00f6r\u00fcn dini, \u0131rk\u0131, vatan\u0131 da olmaz. Kald\u0131 ki zaten sizler ter\u00f6rle, ter\u00f6ristle ba\u015f ba\u015fa \u00e7ok ya\u015fad\u0131n\u0131z. Kald\u0131 ki Irak adeta ter\u00f6r \u00f6rg\u00fctlerinin, ter\u00f6ristlerin antrenman sahas\u0131na d\u00f6nm\u00fc\u015ft\u00fcr. Hala da buray\u0131 tam terk etmi\u015f de\u011fillerdir. Bunlar\u0131 g\u00f6rece\u011fiz, ortak tedbir alaca\u011f\u0131z, temizleyece\u011fiz. Siz de biz de huzur bulaca\u011f\u0131z. Biz ne Irak&#8217;\u0131n ne de Irak halk\u0131n\u0131n ma\u011fduriyetine asla g\u00f6z yummay\u0131z, m\u00fcsaade etmeyiz&#8221; diye konu\u015ftu.<\/p>\n<p style=\"text-align: justify;\"><strong><em>Erdo\u011fan&#8217;a kimler e\u015flik ediyor? <\/em><\/strong><\/p>\n<p style=\"text-align: justify;\">Erdo\u011fan&#8217;a, Ba\u011fdat&#8217;a d\u00fczenleyece\u011fi g\u00fcn\u00fcbirlik ziyarette, Y\u00fcksek D\u00fczeyli Stratejik \u0130\u015fbirli\u011fi Konseyi \u00e7al\u0131\u015fmalar\u0131n\u0131n e\u015f g\u00fcd\u00fcm\u00fcnden sorumlu D\u0131\u015fi\u015fleri Bakan\u0131 Ahmet Davuto\u011flu ile Konsey b\u00fcnyesinde g\u00f6revli d\u0131\u015f ticaretten sorumlu Devlet Bakan\u0131 Zafer \u00c7a\u011flayan, \u0130\u00e7i\u015fleri Bakan\u0131 Be\u015fir Atalay, Bay\u0131nd\u0131rl\u0131k ve \u0130skan Bakan\u0131 Mustafa Demir, Sa\u011fl\u0131k Bakan\u0131 Recep Akda\u011f, Ula\u015ft\u0131rma Bakan\u0131 Binali Y\u0131ld\u0131r\u0131m, Tar\u0131m ve K\u00f6yi\u015fleri Bakan\u0131 Mehdi Eker, Enerji ve Tabii Kaynaklar Bakan\u0131 Taner Y\u0131ld\u0131z ile \u00c7evre ve Orman Bakan\u0131 Veysel Ero\u011flu e\u015flik ediyor.<\/p>\n<p style=\"text-align: justify;\">Ba\u015fbakan Erdo\u011fan&#8217;\u0131n heyetinde ayr\u0131ca, 30&#8217;a yak\u0131n i\u015f adam\u0131 ve \u00fcst d\u00fczey b\u00fcrokratlar yer al\u0131yor.<\/p>\n<p style=\"text-align: justify;\"><span style=\"color: #888888;\">CNN T\u00dcRK<\/span><\/p>\n","protected":false},"excerpt":{"rendered":"<\/p>\n<p style=\"text-align: justify;\">Ba\u015fbakan Recep Tayyip Erdo\u011fan Irak&#8217;ta, Irak Ba\u015fbakan\u0131 Nuri El Maliki ile g\u00f6r\u00fc\u015ft\u00fc. \u0130ki \u00fclke aras\u0131nda 48 mutabakat muht\u0131ras\u0131 imzalan\u0131rken Ba\u015fbakan Erdo\u011fan \u00f6nemli mesajlar verdi. &#8220;Kerk\u00fck bir etnik unsura teslim edilemez&#8221; diyen Erdo\u011fan, T\u00fcrkiye ile Irak&#8217;\u0131n bundan sonraki s\u00fcre\u00e7te de ter\u00f6re kar\u015f\u0131 ortak m\u00fccadeleyi s\u00fcrd\u00fcreceklerine olan inanc\u0131n\u0131 dile getirdi. Erdo\u011fan, PKK konusunda ise <\/p>\n","protected":false},"author":1,"featured_media":0,"comment_status":"open","ping_status":"closed","sticky":false,"template":"","format":"standard","meta":{"footnotes":""},"categories":[3],"tags":[],"class_list":["post-15786","post","type-post","status-publish","format-standard","hentry","category-dunya","odd"],"_links":{"self":[{"href":"http:\/\/www.korhanyilmaz.com\/index.php?rest_route=\/wp\/v2\/posts\/15786","targetHints":{"allow":["GET"]}}],"collection":[{"href":"http:\/\/www.korhanyilmaz.com\/index.php?rest_route=\/wp\/v2\/posts"}],"about":[{"href":"http:\/\/www.korhanyilmaz.com\/index.php?rest_route=\/wp\/v2\/types\/post"}],"author":[{"embeddable":true,"href":"http:\/\/www.korhanyilmaz.com\/index.php?rest_route=\/wp\/v2\/users\/1"}],"replies":[{"embeddable":true,"href":"http:\/\/www.korhanyilmaz.com\/index.php?rest_route=%2Fwp%2Fv2%2Fcomments&post=15786"}],"version-history":[{"count":0,"href":"http:\/\/www.korhanyilmaz.com\/index.php?rest_route=\/wp\/v2\/posts\/15786\/revisions"}],"wp:attachment":[{"href":"http:\/\/www.korhanyilmaz.com\/index.php?rest_route=%2Fwp%2Fv2%2Fmedia&parent=15786"}],"wp:term":[{"taxonomy":"category","embeddable":true,"href":"http:\/\/www.korhanyilmaz.com\/index.php?rest_route=%2Fwp%2Fv2%2Fcategories&post=15786"},{"taxonomy":"post_tag","embeddable":true,"href":"http:\/\/www.korhanyilmaz.com\/index.php?rest_route=%2Fwp%2Fv2%2Ftags&post=15786"}],"curies":[{"name":"wp","href":"https:\/\/api.w.org\/{rel}","templated":true}]}}