{"id":15780,"date":"2009-10-16T10:17:33","date_gmt":"2009-10-16T07:17:33","guid":{"rendered":"http:\/\/www.korhanyilmaz.com\/?p=15780"},"modified":"2009-10-16T10:17:33","modified_gmt":"2009-10-16T07:17:33","slug":"turk-iste-acilim-sikintisi-1137-istifa","status":"publish","type":"post","link":"http:\/\/www.korhanyilmaz.com\/?p=15780","title":{"rendered":"T\u00fcrk-\u0130\u015f&#039;te a\u00e7\u0131l\u0131m s\u0131k\u0131nt\u0131s\u0131: 1137 istifa"},"content":{"rendered":"<p style=\"text-align: center;\"><a href=\"http:\/\/www.korhanyilmaz.com\/wp-content\/uploads\/2009\/10\/t\u00fcrki\u015f.jpg\"  class=\"lightview\"><img loading=\"lazy\" decoding=\"async\" class=\"aligncenter size-full wp-image-15781\" src=\"http:\/\/www.korhanyilmaz.com\/wp-content\/uploads\/2009\/10\/t\u00fcrki\u015f.jpg\" alt=\"\" width=\"307\" height=\"236\" \/><\/a><\/p>\n<p style=\"text-align: justify;\">T\u00fcrk-\u0130\u015f&#8217;te bin 137 i\u015f\u00e7i K\u00fcrt a\u00e7\u0131l\u0131m\u0131 nedeniyle istifa etti. 950 i\u015f\u00e7i &#8220;T\u00fcrk-\u0130\u015f h\u00fck\u00fcmetin K\u00fcrt a\u00e7\u0131l\u0131m\u0131na yeteri kadar destek olmad\u0131&#8221; su\u00e7lamas\u0131n\u0131 y\u00f6neltti, istifas\u0131n\u0131 verdi. Ama bunun tam tersi gerek\u00e7eyle istifa edenler de var. 187 i\u015f\u00e7i ise &#8220;A\u00e7\u0131l\u0131m ihanet projesi, T\u00fcrk-\u0130\u015f de fazlas\u0131yla destek oldu&#8221; dedi ve yollar\u0131n\u0131 sendikayla ay\u0131rd\u0131.<\/p>\n<p style=\"text-align: justify;\">T\u00fcrk-\u0130\u015f Ba\u015fkan\u0131 Mustafa Kumlu, \u0130\u00e7i\u015fleri Bakan\u0131 Be\u015fir Atalay ile K\u00fcrt a\u00e7\u0131l\u0131m\u0131n\u0131 g\u00f6r\u00fc\u015ft\u00fckten sonra, &#8220;T\u00fcrkiye Cumhuriyeti&#8217;nin temel nitelikleri bozulmadan kan durmal\u0131, \u00fclkemizin ald\u0131\u011f\u0131 yaralar sar\u0131lmal\u0131&#8221; demi\u015fti.<!--more--><\/p>\n<p style=\"text-align: justify;\">Ama verdi\u011fi bu mesaj u\u00e7 g\u00f6r\u00fc\u015fte iki farkl\u0131 kesimde s\u0131k\u0131nt\u0131 yaratt\u0131.<\/p>\n<p style=\"text-align: justify;\">\u0130lk tepki Diyarbak\u0131r&#8217;dan geldi. DTP&#8217;li Diyarbak\u0131r Belediyesi&#8217;nde \u00e7al\u0131\u015fan T\u00fcrk-\u0130\u015f b\u00fcnyesindeki Belediye-\u0130\u015f Sendikas\u0131&#8217;na ba\u011fl\u0131 650 i\u015f\u00e7i sendikadan istifa etti. Gerek\u00e7eleri T\u00fcrk-\u0130\u015f&#8217;in a\u00e7\u0131l\u0131ma yeteri kadar sahip \u00e7\u0131kmamas\u0131yd\u0131.<\/p>\n<p style=\"text-align: justify;\">Ama say\u0131 bununla s\u0131n\u0131rl\u0131 kalmad\u0131. K\u0131sa bir s\u00fcre sonra T\u00fcrk-\u0130\u015f Genel Merkezi&#8217;ne ikinci bir istifa dalgas\u0131na ili\u015fkin haber ula\u015ft\u0131. Bu defa istifa edenler Diyarbak\u0131r Ba\u011flar Belediyesi&#8217;ne \u00e7al\u0131\u015fan i\u015f\u00e7ilerdi. Yine ayn\u0131 gerek\u00e7eyle 300 ki\u015fi T\u00fcrk-\u0130\u015f&#8217;e ba\u011fl\u0131 Belediye-\u0130\u015f&#8217;ten ayr\u0131ld\u0131.<\/p>\n<p style=\"text-align: justify;\"><strong><em>Mardin ve Siirt&#8217;ten de istifa bekleniyor<\/em><\/strong><\/p>\n<p style=\"text-align: justify;\">T\u00fcrk-\u0130\u015f&#8217;ten a\u00e7\u0131l\u0131ma yeterince destek yok gerek\u00e7esiyle ayr\u0131lanlar\u0131n say\u0131s\u0131 \u015fimdilik 950 ama devam\u0131 bekleniyor. B\u00f6lgedeki baz\u0131 illerde \u00f6rne\u011fin Siirt ve Mardin&#8217;de de benzer hareketlilikler oldu\u011fu belirtiliyor.<\/p>\n<p style=\"text-align: justify;\">T\u00fcrk-\u0130\u015f yetkililerine g\u00f6re i\u015f\u00e7iler bizzat DTP&#8217;li belediyeler taraf\u0131ndan tehdit edildikleri i\u00e7in T\u00fcrk-\u0130\u015f&#8217;ten ayr\u0131l\u0131yor.<\/p>\n<p style=\"text-align: justify;\"><strong><em>&#8220;T\u00fcrk-\u0130\u015f ihanet projesine destek oluyor&#8221; <\/em><\/strong><\/p>\n<p style=\"text-align: justify;\">T\u00fcrk-\u0130\u015f&#8217;te s\u0131k\u0131nt\u0131 yaratan sadece bu tepki de\u011fil, milliyet\u00e7i kesimin de tepkisi var. Onlara g\u00f6re ise T\u00fcrk-\u0130\u015f a\u00e7\u0131l\u0131ma fazlas\u0131yla sahip \u00e7\u0131k\u0131yor.<\/p>\n<p style=\"text-align: justify;\">Bu kanattan ilk tepki Adana Ceyhan&#8217;da MHP&#8217;li belediyede \u00e7al\u0131\u015fan i\u015f\u00e7ilerden geldi. 187 i\u015f\u00e7i t\u0131pk\u0131 MHP Genel Ba\u015fkan\u0131 Devlet Bah\u00e7eli&#8217;nin s\u00f6yledi\u011fi gibi a\u00e7\u0131l\u0131m\u0131n ad\u0131n\u0131 ihanet projesi koyarak istifa karar\u0131 ald\u0131.<\/p>\n<p style=\"text-align: justify;\"><span style=\"color: #888888;\">Gonca \u015eenay &#8211; CNN T\u00dcRK<\/span><\/p>\n","protected":false},"excerpt":{"rendered":"<p style=\"text-align: center;\">\n<p style=\"text-align: justify;\">T\u00fcrk-\u0130\u015f&#8217;te bin 137 i\u015f\u00e7i K\u00fcrt a\u00e7\u0131l\u0131m\u0131 nedeniyle istifa etti. 950 i\u015f\u00e7i &#8220;T\u00fcrk-\u0130\u015f h\u00fck\u00fcmetin K\u00fcrt a\u00e7\u0131l\u0131m\u0131na yeteri kadar destek olmad\u0131&#8221; su\u00e7lamas\u0131n\u0131 y\u00f6neltti, istifas\u0131n\u0131 verdi. Ama bunun tam tersi gerek\u00e7eyle istifa edenler de var. 187 i\u015f\u00e7i ise &#8220;A\u00e7\u0131l\u0131m ihanet projesi, T\u00fcrk-\u0130\u015f de fazlas\u0131yla destek oldu&#8221; dedi ve yollar\u0131n\u0131 sendikayla ay\u0131rd\u0131.<\/p>\n<p style=\"text-align:  \n\n","protected":false},"author":1,"featured_media":0,"comment_status":"open","ping_status":"closed","sticky":false,"template":"","format":"standard","meta":{"footnotes":""},"categories":[105],"tags":[],"class_list":["post-15780","post","type-post","status-publish","format-standard","hentry","category-gundem","odd"],"_links":{"self":[{"href":"http:\/\/www.korhanyilmaz.com\/index.php?rest_route=\/wp\/v2\/posts\/15780","targetHints":{"allow":["GET"]}}],"collection":[{"href":"http:\/\/www.korhanyilmaz.com\/index.php?rest_route=\/wp\/v2\/posts"}],"about":[{"href":"http:\/\/www.korhanyilmaz.com\/index.php?rest_route=\/wp\/v2\/types\/post"}],"author":[{"embeddable":true,"href":"http:\/\/www.korhanyilmaz.com\/index.php?rest_route=\/wp\/v2\/users\/1"}],"replies":[{"embeddable":true,"href":"http:\/\/www.korhanyilmaz.com\/index.php?rest_route=%2Fwp%2Fv2%2Fcomments&post=15780"}],"version-history":[{"count":0,"href":"http:\/\/www.korhanyilmaz.com\/index.php?rest_route=\/wp\/v2\/posts\/15780\/revisions"}],"wp:attachment":[{"href":"http:\/\/www.korhanyilmaz.com\/index.php?rest_route=%2Fwp%2Fv2%2Fmedia&parent=15780"}],"wp:term":[{"taxonomy":"category","embeddable":true,"href":"http:\/\/www.korhanyilmaz.com\/index.php?rest_route=%2Fwp%2Fv2%2Fcategories&post=15780"},{"taxonomy":"post_tag","embeddable":true,"href":"http:\/\/www.korhanyilmaz.com\/index.php?rest_route=%2Fwp%2Fv2%2Ftags&post=15780"}],"curies":[{"name":"wp","href":"https:\/\/api.w.org\/{rel}","templated":true}]}}