{"id":15765,"date":"2009-10-16T11:29:05","date_gmt":"2009-10-16T09:29:05","guid":{"rendered":"http:\/\/www.korhanyilmaz.com\/?p=15765"},"modified":"2009-10-16T11:29:05","modified_gmt":"2009-10-16T09:29:05","slug":"chpden-basbakana-yanit-geldi-kendi-bilir","status":"publish","type":"post","link":"http:\/\/www.korhanyilmaz.com\/?p=15765","title":{"rendered":"CHP&#039;den Ba\u015fbakan&#039;a yan\u0131t geldi: &#039;&#039;Kendi bilir&quot;"},"content":{"rendered":"<p style=\"text-align: center;\"><a href=\"http:\/\/www.korhanyilmaz.com\/wp-content\/uploads\/2009\/10\/tayyip1.jpg\"  class=\"lightview\"><img loading=\"lazy\" decoding=\"async\" class=\"aligncenter size-full wp-image-15766\" src=\"http:\/\/www.korhanyilmaz.com\/wp-content\/uploads\/2009\/10\/tayyip1.jpg\" alt=\"\" width=\"307\" height=\"236\" \/><\/a><\/p>\n<p style=\"text-align: justify;\">K\u00fcrt a\u00e7\u0131l\u0131m\u0131n\u0131 anlatmak i\u00e7in CHP lideri Baykal&#8217;dan randevu isteyen Ba\u015fbakan Recep Tayyip Erdo\u011fan, kamerayla g\u00f6r\u00fc\u015fme \u015fart\u0131na olumsuz kar\u015f\u0131l\u0131k verdi. Bunun \u00fczerine CHP Parti S\u00f6zc\u00fcs\u00fc Mustafa \u00d6zy\u00fcrek, &#8220;Mektubumuzdaki \u015fartlarla g\u00f6r\u00fc\u015fmeye haz\u0131r\u0131z. Say\u0131n Ba\u015fbakan bunlar\u0131 kabul etmezse kendi bilir&#8221; dedi.<\/p>\n<p style=\"text-align: justify;\">Yaz\u0131l\u0131 a\u00e7\u0131klama yapan \u00d6zy\u00fcrek, Ba\u015fbakan Erdo\u011fan&#8217;\u0131n mektupla kendilerinden randevu istedi\u011fini, CHP&#8217;nin de bu talebe olumlu yan\u0131t verdi\u011fini, Baykal-Erdo\u011fan g\u00f6r\u00fc\u015fmesinin kamera taraf\u0131ndan kayd\u0131n\u0131 \u015fart ko\u015ftuklar\u0131n\u0131 an\u0131msatt\u0131. <!--more--><\/p>\n<p style=\"text-align: justify;\">G\u00f6r\u00fc\u015fmenin kamera taraf\u0131ndan kay\u0131t alt\u0131na al\u0131nmas\u0131n\u0131n hem \u015feffafl\u0131\u011f\u0131 sa\u011flayaca\u011f\u0131n\u0131, hem de spek\u00fclasyonlar\u0131 \u00f6nleyece\u011fini ifade eden \u00d6zy\u00fcrek, bunun \u00e7a\u011fda\u015f ve uygar bir y\u00f6ntem oldu\u011funu ve taraflar\u0131n istemesi halinde kaydedilen g\u00f6r\u00fcnt\u00fclerin kamuoyuyla payla\u015f\u0131labilece\u011fini belirtti.<\/p>\n<p style=\"text-align: justify;\">\u00d6zy\u00fcrek, &#8220;Bizim talebimiz buydu. Say\u0131n Ba\u015fbakan \u00f6nce kabul ediyor, sonra &#8216;kamera varsa ben yokum&#8217; diyor. Bu, ka\u00e7t\u0131\u011f\u0131 sonucunu do\u011furuyor. Say\u0131n Ba\u015fbakan \u00f6nce Milli G\u00f6r\u00fc\u015f g\u00f6mle\u011fini \u00e7\u0131karm\u0131\u015ft\u0131, \u015fimdi de Kas\u0131mpa\u015fal\u0131 g\u00f6mle\u011fini \u00e7\u0131kar\u0131yor. Biz mektubumuzdaki \u015fartlarla g\u00f6r\u00fc\u015fmeye haz\u0131r\u0131z. Ancak Say\u0131n Ba\u015fbakan bunlar\u0131 kabul etmezse kendi bilir&#8221; dedi.<\/p>\n<p style=\"text-align: justify;\"><strong><em>Erdo\u011fan kameraya kar\u015f\u0131<\/em><\/strong><\/p>\n<p style=\"text-align: justify;\">Ba\u015fbakan Erdo\u011fan, CHP Genel Ba\u015fkan\u0131 Deniz Baykal ile bir araya gelmesindeki kamera \u015fart\u0131na ili\u015fkin olarak, &#8220;Kamerayla g\u00f6r\u00fc\u015fmem&#8221; demi\u015f ve \u00f6zel kaleminin bug\u00fcn CHP&#8217;yi arayaca\u011f\u0131n\u0131 belirtmi\u015fti.<\/p>\n<p style=\"text-align: justify;\">Ba\u015fbakan Erdo\u011fan, Irak&#8217;a ger\u00e7ekle\u015ftirdi\u011fi ziyaretin ard\u0131ndan T\u00fcrkiye&#8217;ye d\u00f6n\u00fc\u015f yolunda u\u00e7akta bas\u0131n mensuplar\u0131n\u0131n sorular\u0131n\u0131 yan\u0131tlad\u0131.<\/p>\n<p style=\"text-align: justify;\">Demokratik a\u00e7\u0131l\u0131m s\u00fcrecini, CHP Genel Ba\u015fkan\u0131 Deniz Baykal ile g\u00f6r\u00fc\u015fmesinin ard\u0131ndan TBMM&#8217;ye getireceklerini kaydeden Erdo\u011fan, &#8220;Say\u0131n Baykal ile telefon g\u00f6r\u00fc\u015fmesi olacak m\u0131 yoksa o olmadan gidecek misiniz&#8221; sorusu \u00fczerine &#8220;Ben tabii Say\u0131n Baykal&#8217;a gidece\u011fim de yani b\u00f6yle elimde veya elinde kameralarla birilerinin oraya gelmesi diye bir d\u00fc\u015f\u00fcncem yok. B\u00f6yle bir \u015fey beklemiyorum. B\u00f6yle bir \u015feye de bizim kalk\u0131p da m\u00fcsaade etmemiz m\u00fcmk\u00fcn de\u011fil. Yani ben kendilerine arzu etti\u011fi \u015fekilde \u00f6zel kalemimle gerekli cevab\u0131 bug\u00fcn verdiririm. Kendileri e\u011fer bu \u015fekilde kabul ederlerse, eyvallah. Kameras\u0131z&#8221; dedi.<\/p>\n<p style=\"text-align: justify;\">&#8220;Kendilerinin medya \u00fczerinden maalesef yap\u0131lan a\u00e7\u0131klamalar\u0131 var. Ben bunlar\u0131 yapmak istemiyorum. Ben medya \u00fczerinden Say\u0131n Baykal&#8217;a cevap vermem, vermeyece\u011fim&#8221; diyen Ba\u015fbakan, &#8220;Onun i\u00e7in kendim g\u00f6r\u00fc\u015fmeyi arzu ettim, ama kendileri b\u00f6yle bir g\u00f6r\u00fc\u015fmeyi arzu etmediklerini bir yaz\u0131l\u0131 a\u00e7\u0131klamayla bildirmi\u015fler. Dolay\u0131s\u0131yla \u00f6zel kalemim \u00f6zel kalemlerini arar, durumu kendilerine bug\u00fcn verece\u011fim talimat istikametinde bildirir, onlar da o \u015fekilde kabul ederlerse biz de g\u00f6r\u00fc\u015fmeyi ger\u00e7ekle\u015ftiririz. \u0130\u015fin usul\u00fcn\u00fc kabul ederse g\u00f6r\u00fc\u015fece\u011fim. Sadece kameras\u0131z de\u011fil, bir \u015feyler daha var&#8230;&#8221; diye konu\u015ftu.<\/p>\n<p style=\"text-align: justify;\"><span style=\"color: #888888;\">CNN T\u00dcRK<\/span><\/p>\n","protected":false},"excerpt":{"rendered":"<p style=\"text-align: center;\">\n<p style=\"text-align: justify;\">K\u00fcrt a\u00e7\u0131l\u0131m\u0131n\u0131 anlatmak i\u00e7in CHP lideri Baykal&#8217;dan randevu isteyen Ba\u015fbakan Recep Tayyip Erdo\u011fan, kamerayla g\u00f6r\u00fc\u015fme \u015fart\u0131na olumsuz kar\u015f\u0131l\u0131k verdi. Bunun \u00fczerine CHP Parti S\u00f6zc\u00fcs\u00fc Mustafa \u00d6zy\u00fcrek, &#8220;Mektubumuzdaki \u015fartlarla g\u00f6r\u00fc\u015fmeye haz\u0131r\u0131z. Say\u0131n Ba\u015fbakan bunlar\u0131 kabul etmezse kendi bilir&#8221; dedi.<\/p>\n<p style=\"text-align: justify;\">Yaz\u0131l\u0131 a\u00e7\u0131klama yapan \u00d6zy\u00fcrek, Ba\u015fbakan Erdo\u011fan&#8217;\u0131n mektupla kendilerinden randevu istedi\u011fini, <\/p>\n","protected":false},"author":1,"featured_media":0,"comment_status":"open","ping_status":"closed","sticky":false,"template":"","format":"standard","meta":{"footnotes":""},"categories":[105],"tags":[],"class_list":["post-15765","post","type-post","status-publish","format-standard","hentry","category-gundem","odd"],"_links":{"self":[{"href":"http:\/\/www.korhanyilmaz.com\/index.php?rest_route=\/wp\/v2\/posts\/15765","targetHints":{"allow":["GET"]}}],"collection":[{"href":"http:\/\/www.korhanyilmaz.com\/index.php?rest_route=\/wp\/v2\/posts"}],"about":[{"href":"http:\/\/www.korhanyilmaz.com\/index.php?rest_route=\/wp\/v2\/types\/post"}],"author":[{"embeddable":true,"href":"http:\/\/www.korhanyilmaz.com\/index.php?rest_route=\/wp\/v2\/users\/1"}],"replies":[{"embeddable":true,"href":"http:\/\/www.korhanyilmaz.com\/index.php?rest_route=%2Fwp%2Fv2%2Fcomments&post=15765"}],"version-history":[{"count":0,"href":"http:\/\/www.korhanyilmaz.com\/index.php?rest_route=\/wp\/v2\/posts\/15765\/revisions"}],"wp:attachment":[{"href":"http:\/\/www.korhanyilmaz.com\/index.php?rest_route=%2Fwp%2Fv2%2Fmedia&parent=15765"}],"wp:term":[{"taxonomy":"category","embeddable":true,"href":"http:\/\/www.korhanyilmaz.com\/index.php?rest_route=%2Fwp%2Fv2%2Fcategories&post=15765"},{"taxonomy":"post_tag","embeddable":true,"href":"http:\/\/www.korhanyilmaz.com\/index.php?rest_route=%2Fwp%2Fv2%2Ftags&post=15765"}],"curies":[{"name":"wp","href":"https:\/\/api.w.org\/{rel}","templated":true}]}}