{"id":15760,"date":"2009-10-15T19:35:44","date_gmt":"2009-10-15T16:35:44","guid":{"rendered":"http:\/\/www.korhanyilmaz.com\/?p=15760"},"modified":"2009-10-15T19:35:44","modified_gmt":"2009-10-15T16:35:44","slug":"turkiye-israil-iliskileri-nereye-gidiyor","status":"publish","type":"post","link":"http:\/\/www.korhanyilmaz.com\/?p=15760","title":{"rendered":"T\u00fcrkiye-\u0130srail ili\u015fkileri nereye gidiyor?"},"content":{"rendered":"<p><a href=\"http:\/\/www.korhanyilmaz.com\/wp-content\/uploads\/2009\/10\/israil.jpg\"  class=\"lightview\"><img loading=\"lazy\" decoding=\"async\" class=\"aligncenter size-full wp-image-15761\" src=\"http:\/\/www.korhanyilmaz.com\/wp-content\/uploads\/2009\/10\/israil.jpg\" alt=\"\" width=\"276\" height=\"212\" \/><\/a><\/p>\n<p style=\"text-align: justify;\">\u0130srail ile son d\u00f6nemde gerginlik ya\u015fayan T\u00fcrkiye, Ortado\u011fu siyasetinde makas m\u0131 de\u011fi\u015ftiriyor?<\/p>\n<p style=\"text-align: justify;\">T\u00fcrk D\u0131\u015f politikas\u0131na \u00f6nceki y\u0131llarda y\u00f6n vermi\u015f isimler, hem T\u00fcrkiye ve \u0130srail hatt\u0131nda gelinen noktay\u0131 32. G\u00fcn&#8217;e de\u011ferlendirdi, hem de h\u00fck\u00fcmete mesaj g\u00f6nderdi. Eski d\u0131\u015fi\u015fleri bakanlar\u0131n\u0131n g\u00f6r\u00fc\u015fleri ayr\u0131nt\u0131larda farkl\u0131la\u015fsa da, bulu\u015fulan iki nokta var: O da, T\u00fcrk d\u0131\u015f politikas\u0131nda bug\u00fcne kadar g\u00f6zlenen s\u00fcreklili\u011fin son d\u00f6nemde \u0130srail ile ya\u015fananlarla k\u0131r\u0131ld\u0131\u011f\u0131 ve d\u0131\u015f siyasette hissi politikalara yer olmad\u0131\u011f\u0131..<!--more--><\/p>\n<p style=\"text-align: justify;\">\u00d6nce Davos&#8217;ta one minute, sonra da tatbikat krizi.<\/p>\n<p style=\"text-align: justify;\">T\u00fcrkiye son d\u00f6nemde iplerin gerildi\u011fi \u0130srail&#8217;den uzakla\u015f\u0131yor mu? \u0130ki \u00fclke aras\u0131ndaki stratejik ba\u011flar tarih mi oluyor?<\/p>\n<p style=\"text-align: justify;\">Son 30 y\u0131lda T\u00fcrk d\u0131\u015f politikas\u0131na y\u00f6n vermi\u015f isimler bu kritik sorular\u0131n yan\u0131t\u0131n\u0131 32. G\u00fcn&#8217;de verdi.<\/p>\n<p style=\"text-align: justify;\">\u0130kinci \u00d6zal h\u00fck\u00fcmetinde 1987-1990 y\u0131llar\u0131 aras\u0131nda D\u0131\u015fi\u015fleri Bakanl\u0131\u011f\u0131 koltu\u011funda oturan Mesut Y\u0131lmaz, \u0130srail ile ili\u015fkilerde ciddi bir so\u011fuman\u0131n oldu\u011fu g\u00f6r\u00fc\u015f\u00fcnde.<\/p>\n<p style=\"text-align: justify;\">Y\u0131lmaz&#8217;a g\u00f6re gelinen nokta T\u00fcrk d\u0131\u015f politikas\u0131n\u0131n en \u00f6nemli \u00f6zelli\u011fi yani devaml\u0131l\u0131\u011f\u0131ndan bir sapma oldu\u011funun g\u00f6stergesi.<\/p>\n<p style=\"text-align: justify;\">Mesut Y\u0131lmaz, &#8220;Ciddi bir so\u011fuma var takip etti\u011fim kadar\u0131yla. D\u0131\u015f politikada k\u0131r\u0131lma oldu\u011fu anlam\u0131na gelir. Makas de\u011fi\u015fikli\u011fi ciddi endi\u015fe ama yeterli bilgim yok devlet gelene\u011finin en \u00f6nemli aya\u011f\u0131 d\u0131\u015f politikada s\u00fcrekliliktir. Refahyol h\u00fck\u00fcmetini ayr\u0131 tutarsak bir devaml\u0131l\u0131k vard\u0131 ama \u015fimdi sapma var&#8221; dedi.<\/p>\n<p style=\"text-align: justify;\">Ba\u015fbakan Erdo\u011fan&#8217;\u0131n, tatbikat\u0131n iptaliyle ilgili &#8220;halk\u0131n hassasiyetine kulak verdik&#8221; a\u00e7\u0131klamas\u0131 bir soruyu daha g\u00fcndeme ta\u015f\u0131d\u0131.<\/p>\n<p style=\"text-align: justify;\">D\u0131\u015f politikada izlenecek rota halk\u0131n talebine g\u00f6re mi belirlenir?<\/p>\n<p style=\"text-align: justify;\">AK Parti&#8217;nin ilk kez iktidara geldi\u011fi d\u00f6nemde D\u0131\u015fi\u015fleri Bakan\u0131 olan Ya\u015far Yak\u0131\u015f&#8217;a g\u00f6re T\u00fcrkiye&#8217;nin \u0130srail&#8217;e yapt\u0131\u011f\u0131 bir &#8220;ince ayar.&#8221;<\/p>\n<p style=\"text-align: justify;\">Yak\u0131\u015f, &#8220;\u0130nce ayarlar daha \u00f6nce T\u00fcrkiye&#8217;ye de yap\u0131ld\u0131, o m\u00fcbah da bu mu de\u011fil.  Nam olsun diye d\u0131\u015f politika yapmaz kazancaklar\u0131n\u0131 kaybedeceklerini d\u00fc\u015f\u00fcn\u00fcr. \u0130srail&#8217;in T\u00fcrkiye&#8217;yi kaybetme l\u00fcks\u00fc olamaz. T\u00fcrkiye ince ayar yap\u0131yor. Tespit bu&#8221; dedi.<\/p>\n<p style=\"text-align: justify;\">12 Eyl\u00fcl darbesinden sonra kurulan h\u00fck\u00fcmette 1980-83 y\u0131llar\u0131 aras\u0131nda D\u0131\u015fi\u015fleri Bakan\u0131 olarak g\u00f6rev yapan ve \u0130srail&#8217;de T\u00fcrkiye&#8217;nin temsil d\u00fczeyini a\u015fa\u011f\u0131 \u00e7eken \u0130lter T\u00fcrkmen bile, h\u00fck\u00fcmetin \u0130srail&#8217;e kar\u015f\u0131 izledi\u011fi politikay\u0131 &#8220;hissi&#8221; buluyor.<\/p>\n<p style=\"text-align: justify;\">\u0130lter T\u00fcrkmen, &#8220;\u00d6nceki h\u00fck\u00fcmetlerin ba\u015far\u0131s\u0131 \u0130srail ile Arap \u00fclkeleri ile ili\u015fkileri ayn\u0131 anda y\u00fcr\u00fctmek. \u0130srail ile ili\u015fkiler bozulmad\u0131 Araplar\u0131 g\u00fccendirilmedi. Tepkiyi yerinde bulmuyorum. \u0130nce ayarc\u0131lardan\u0131m ama darg\u0131nl\u0131ktan sonra k\u0131ymetimizi anlad\u0131k. \u0130srail ile gerilimin ileriye g\u00f6t\u00fcr\u00fclmesi tehlikeli&#8221; diye konu\u015ftu.<\/p>\n<p style=\"text-align: justify;\">Murat Karayal\u00e7\u0131n d\u00f6neminde k\u0131sa bir s\u00fcreli\u011fine D\u0131\u015fi\u015fleri Bakanl\u0131\u011f\u0131 yapan M\u00fcmtaz Soysal da \u0130srail ile ili\u015fkilerde ince de\u011fil kaba bir ayar yap\u0131ld\u0131\u011f\u0131n\u0131 savunuyor.<\/p>\n<p style=\"text-align: justify;\"><span style=\"color: #888888;\">CNN T\u00dcRK<\/span><\/p>\n","protected":false},"excerpt":{"rendered":"<\/p>\n<p style=\"text-align: justify;\">\u0130srail ile son d\u00f6nemde gerginlik ya\u015fayan T\u00fcrkiye, Ortado\u011fu siyasetinde makas m\u0131 de\u011fi\u015ftiriyor?<\/p>\n<p style=\"text-align: justify;\">T\u00fcrk D\u0131\u015f politikas\u0131na \u00f6nceki y\u0131llarda y\u00f6n vermi\u015f isimler, hem T\u00fcrkiye ve \u0130srail hatt\u0131nda gelinen noktay\u0131 32. G\u00fcn&#8217;e de\u011ferlendirdi, hem de h\u00fck\u00fcmete mesaj g\u00f6nderdi. Eski d\u0131\u015fi\u015fleri bakanlar\u0131n\u0131n g\u00f6r\u00fc\u015fleri ayr\u0131nt\u0131larda farkl\u0131la\u015fsa da, bulu\u015fulan iki nokta var: O da, T\u00fcrk d\u0131\u015f <\/p>\n","protected":false},"author":1,"featured_media":0,"comment_status":"open","ping_status":"closed","sticky":false,"template":"","format":"standard","meta":{"footnotes":""},"categories":[105],"tags":[],"class_list":["post-15760","post","type-post","status-publish","format-standard","hentry","category-gundem","odd"],"_links":{"self":[{"href":"http:\/\/www.korhanyilmaz.com\/index.php?rest_route=\/wp\/v2\/posts\/15760","targetHints":{"allow":["GET"]}}],"collection":[{"href":"http:\/\/www.korhanyilmaz.com\/index.php?rest_route=\/wp\/v2\/posts"}],"about":[{"href":"http:\/\/www.korhanyilmaz.com\/index.php?rest_route=\/wp\/v2\/types\/post"}],"author":[{"embeddable":true,"href":"http:\/\/www.korhanyilmaz.com\/index.php?rest_route=\/wp\/v2\/users\/1"}],"replies":[{"embeddable":true,"href":"http:\/\/www.korhanyilmaz.com\/index.php?rest_route=%2Fwp%2Fv2%2Fcomments&post=15760"}],"version-history":[{"count":0,"href":"http:\/\/www.korhanyilmaz.com\/index.php?rest_route=\/wp\/v2\/posts\/15760\/revisions"}],"wp:attachment":[{"href":"http:\/\/www.korhanyilmaz.com\/index.php?rest_route=%2Fwp%2Fv2%2Fmedia&parent=15760"}],"wp:term":[{"taxonomy":"category","embeddable":true,"href":"http:\/\/www.korhanyilmaz.com\/index.php?rest_route=%2Fwp%2Fv2%2Fcategories&post=15760"},{"taxonomy":"post_tag","embeddable":true,"href":"http:\/\/www.korhanyilmaz.com\/index.php?rest_route=%2Fwp%2Fv2%2Ftags&post=15760"}],"curies":[{"name":"wp","href":"https:\/\/api.w.org\/{rel}","templated":true}]}}