{"id":15756,"date":"2009-10-15T15:53:35","date_gmt":"2009-10-15T13:53:35","guid":{"rendered":"http:\/\/www.korhanyilmaz.com\/?p=15756"},"modified":"2009-10-15T15:53:35","modified_gmt":"2009-10-15T13:53:35","slug":"mecliste-kavga","status":"publish","type":"post","link":"http:\/\/www.korhanyilmaz.com\/?p=15756","title":{"rendered":"Meclis&#039;te kavga"},"content":{"rendered":"<p style=\"text-align: center;\"><a href=\"http:\/\/www.korhanyilmaz.com\/wp-content\/uploads\/2009\/10\/egemen.jpg\"  class=\"lightview\"><img loading=\"lazy\" decoding=\"async\" class=\"aligncenter size-full wp-image-15757\" src=\"http:\/\/www.korhanyilmaz.com\/wp-content\/uploads\/2009\/10\/egemen.jpg\" alt=\"\" width=\"329\" height=\"210\" \/><\/a><\/p>\n<p style=\"text-align: justify;\">AB \u0130lerleme Raporu&#8217;nun ele al\u0131nd\u0131\u011f\u0131 uyum komisyonunda tansiyon bir anda y\u00fckseldi.<\/p>\n<p style=\"text-align: justify;\">Ba\u015fbakan Recep Tayyip Erdo\u011fan ile CHP Genel Ba\u015fkan\u0131 Deniz Baykal\u2019\u0131n yapaca\u011f\u0131 g\u00f6r\u00fc\u015fme \u00f6ncesi iki parti aras\u0131nda ba\u015flayan yumu\u015fama Egemen Ba\u011f\u0131\u015f\u2019\u0131n, \u201cmuhalfet partileri \u00e7etelerle i\u00e7 i\u00e7e\u201d a\u00e7\u0131klamalar\u0131 yeni bir krize yol a\u00e7t\u0131. AB Uyum Komisyonu Ya\u015far Yak\u0131\u015f Ba\u015fkanl\u0131\u011f\u0131\u2019nda topland\u0131.<\/p>\n<p style=\"text-align: justify;\">Toplant\u0131 Devlet Bakan\u0131 ve Ba\u015fm\u00fczakereci Egemen Ba\u011f\u0131\u015f\u2019\u0131n, AB \u0130lerleme S\u00fcreci ile ilgili bilgi vermesiyle ba\u015flayacakt\u0131. Ancak, komisyon \u00fcyesi CHP\u2019li Onur \u00d6ymen s\u00f6z istedi ve Bakan Ba\u011f\u0131\u015f\u2019\u0131n bug\u00fcn bir gazeteye man\u015fet olan s\u00f6zleri hat\u0131rlatt\u0131. <!--more--><\/p>\n<p style=\"text-align: justify;\">\u00d6ymen, Ba\u011f\u0131\u015f\u2019\u0131n, &#8220;Bazen muhalefet ile \u00e7eteler aras\u0131ndaki s\u0131n\u0131r\u0131n nerede oldu\u011funu anlamakta zorlan\u0131yoruz\u201d s\u00f6zlerini geri almas\u0131n\u0131 ve \u00f6z\u00fcr dilemesini istedi, aksi takdirde CHP\u2019liler olarak komisyonu terk edeceklerini s\u00f6yledi.<\/p>\n<p style=\"text-align: justify;\">Bunun \u00fczerine s\u00f6z alan Ba\u011f\u0131\u015f, \u201cHatalar\u0131 kabul etmek bir erdemdir, sizin genel ba\u015fkan\u0131n\u0131z (Deniz Baykal) \u00e7ete avukatl\u0131\u011f\u0131 yapman\u0131n bir hata oldu\u011funu s\u00f6ylerse, bende bir erdem g\u00f6sterir sizden \u00f6z\u00fcr dilerim\u201d dedi. Bunun \u00fczerine CHP\u2019li \u00fcyeler sert ifadelerle yerlerinden kalkt\u0131lar.<\/p>\n<p style=\"text-align: justify;\">Ba\u011f\u0131\u015f ba\u011f\u0131rarak s\u00f6zlerine \u015f\u00f6yle devam etti:<\/p>\n<p style=\"text-align: justify;\">\u201cBen muhalefet partileri dedim. Siz niye \u00fczerinize al\u0131nd\u0131n\u0131z ki, \u00fcstelik burada tek muhalefet partisi siz de\u011filsiniz. \u00dczerinize al\u0131nd\u0131\u011f\u0131n\u0131za g\u00f6re, \u00e7etelerle i\u00e7 i\u00e7e olmay\u0131 kabul ediyorsunuz, ben bunu anl\u0131yorum.\u201d Ba\u011f\u0131\u015f konu\u015fmaya devam ederken MHP\u2019liler de komisyon salonunu terk etmek \u00fczere aya\u011fa kalkt\u0131lar.<\/p>\n<p style=\"text-align: justify;\">CHP\u2019li Algan Hacalo\u011flu ise sert bir ifadeyle \u201cUtan\u0131n, utan\u0131n, bir genel ba\u015fkan hakk\u0131nda b\u00f6yle konu\u015famazs\u0131n. Bunu de\u011ferlendirmek sana m\u0131 d\u00fc\u015f\u00fcyor? Sen kimsin?\u201d dedi.<\/p>\n<p style=\"text-align: justify;\">Ard\u0131ndan CHP ve MHP&#8217;li \u00fcyeler toplu halde komisyon salonunu terk ettiler.<\/p>\n<p style=\"text-align: justify;\"><span style=\"color: #888888;\">Kaynak : Vatan<\/span><\/p>\n","protected":false},"excerpt":{"rendered":"<p style=\"text-align: center;\">\n<p style=\"text-align: justify;\">AB \u0130lerleme Raporu&#8217;nun ele al\u0131nd\u0131\u011f\u0131 uyum komisyonunda tansiyon bir anda y\u00fckseldi.<\/p>\n<p style=\"text-align: justify;\">Ba\u015fbakan Recep Tayyip Erdo\u011fan ile CHP Genel Ba\u015fkan\u0131 Deniz Baykal\u2019\u0131n yapaca\u011f\u0131 g\u00f6r\u00fc\u015fme \u00f6ncesi iki parti aras\u0131nda ba\u015flayan yumu\u015fama Egemen Ba\u011f\u0131\u015f\u2019\u0131n, \u201cmuhalfet partileri \u00e7etelerle i\u00e7 i\u00e7e\u201d a\u00e7\u0131klamalar\u0131 yeni bir krize yol a\u00e7t\u0131. AB Uyum Komisyonu Ya\u015far Yak\u0131\u015f Ba\u015fkanl\u0131\u011f\u0131\u2019nda <\/p>\n","protected":false},"author":1,"featured_media":0,"comment_status":"open","ping_status":"closed","sticky":false,"template":"","format":"standard","meta":{"footnotes":""},"categories":[105],"tags":[],"class_list":["post-15756","post","type-post","status-publish","format-standard","hentry","category-gundem","odd"],"_links":{"self":[{"href":"http:\/\/www.korhanyilmaz.com\/index.php?rest_route=\/wp\/v2\/posts\/15756","targetHints":{"allow":["GET"]}}],"collection":[{"href":"http:\/\/www.korhanyilmaz.com\/index.php?rest_route=\/wp\/v2\/posts"}],"about":[{"href":"http:\/\/www.korhanyilmaz.com\/index.php?rest_route=\/wp\/v2\/types\/post"}],"author":[{"embeddable":true,"href":"http:\/\/www.korhanyilmaz.com\/index.php?rest_route=\/wp\/v2\/users\/1"}],"replies":[{"embeddable":true,"href":"http:\/\/www.korhanyilmaz.com\/index.php?rest_route=%2Fwp%2Fv2%2Fcomments&post=15756"}],"version-history":[{"count":0,"href":"http:\/\/www.korhanyilmaz.com\/index.php?rest_route=\/wp\/v2\/posts\/15756\/revisions"}],"wp:attachment":[{"href":"http:\/\/www.korhanyilmaz.com\/index.php?rest_route=%2Fwp%2Fv2%2Fmedia&parent=15756"}],"wp:term":[{"taxonomy":"category","embeddable":true,"href":"http:\/\/www.korhanyilmaz.com\/index.php?rest_route=%2Fwp%2Fv2%2Fcategories&post=15756"},{"taxonomy":"post_tag","embeddable":true,"href":"http:\/\/www.korhanyilmaz.com\/index.php?rest_route=%2Fwp%2Fv2%2Ftags&post=15756"}],"curies":[{"name":"wp","href":"https:\/\/api.w.org\/{rel}","templated":true}]}}