{"id":15752,"date":"2009-10-15T17:42:20","date_gmt":"2009-10-15T15:42:20","guid":{"rendered":"http:\/\/www.korhanyilmaz.com\/?p=15752"},"modified":"2009-10-15T17:42:20","modified_gmt":"2009-10-15T15:42:20","slug":"erdogan-ve-baykala-oneri","status":"publish","type":"post","link":"http:\/\/www.korhanyilmaz.com\/?p=15752","title":{"rendered":"Erdo\u011fan ve Baykal&#039;a \u00f6neri!"},"content":{"rendered":"<p><a href=\"http:\/\/www.korhanyilmaz.com\/wp-content\/uploads\/2009\/10\/vural.jpg\"  class=\"lightview\"><img loading=\"lazy\" decoding=\"async\" class=\"aligncenter size-full wp-image-15753\" src=\"http:\/\/www.korhanyilmaz.com\/wp-content\/uploads\/2009\/10\/vural.jpg\" alt=\"\" width=\"320\" height=\"100\" \/><\/a><\/p>\n<p style=\"text-align: justify;\">MHP&#8217;li Vural, Ba\u015fbakan Erdo\u011fan ile CHP Genel Ba\u015fkan\u0131 Deniz Baykal\u2019a \u201cChat\u2019le\u015fin\u201d\u00f6nerisinde bulundu.<\/p>\n<p style=\"text-align: justify;\">MHP Grup Ba\u015fkanvekili Oktay Vural, \u00f6n\u00fcm\u00fczdeki hafta bir araya gelmeleri beklenen Ba\u015fbakan Erdo\u011fan ile CHP Genel Ba\u015fkan\u0131 Deniz Baykal\u2019a \u201cChat\u2019le\u015fin\u201d\u00f6nerisinde bulundu.<\/p>\n<p style=\"text-align: justify;\">Vural \u201cArt\u0131k kabak tad\u0131 verdi, \u2018randevu verdin vermedin, telefon edece\u011fim, etme\u2019 tart\u0131\u015fmalar\u0131. Say\u0131n Ba\u015fbakanla Say\u0131n Baykal teknolojik imkanlar\u0131 kullans\u0131nlar, chatle\u015febilirler, Facebook var, hatta aralar\u0131nda k\u0131rm\u0131z\u0131 telefon bile olabilir\u201d diye konu\u015ftu.<!--more-->Vural Meclis\u2019te gazetecilerin Ba\u015fbakan Erdo\u011fan ile CHP Genel Ba\u015fkan\u0131 Deniz Baykal aras\u0131nda \u00f6n\u00fcm\u00fczdeki hafta yap\u0131lmas\u0131 beklenen g\u00f6r\u00fc\u015fme \u00f6ncesinde ya\u015fanan \u2018telefon edip etmeme\u2019 polemi\u011fine ili\u015fkin sorular\u0131n\u0131 yan\u0131tlad\u0131. Ba\u015fbakan Erdo\u011fan\u2019\u0131n randevu konusunda CHP Genel Ba\u015fkan\u0131\u2019n\u0131 arayaca\u011f\u0131n\u0131 s\u00f6yledi\u011fini hat\u0131rlatan Vural, \u201cBen chatle\u015fmelerini \u00f6neriyorum. \u00d6rne\u011fin Facebook var. Onun \u00fczerinden de mesajla\u015fabilirler. Yaz\u0131\u015fabilirler,alb\u00fcm payla\u015fabilirler.<\/p>\n<p style=\"text-align: justify;\">Hatta Youtube var. Ba\u015fbakan emir buyurur Youtube a\u00e7\u0131labilir\u201d diye konu\u015ftu.Erdo\u011fan\u2019la Baykal\u2019\u0131n y\u00fczy\u00fcze gelmeden de g\u00f6r\u00fc\u015febileceklerini, bunun i\u00e7in teknolojinin imkanlar\u0131n\u0131 kullanabileceklerini s\u00f6yleyen Vural, \u201cHatta k\u0131rm\u0131z\u0131 telefon bile olabilir ikisinin aras\u0131nda. Biri ahizeyi kald\u0131r\u0131r di\u011feri kar\u015f\u0131s\u0131na \u00e7\u0131kar. Malum g\u00f6r\u00fcnt\u00fcl\u00fc telefon var; 3G. Ba\u015fbakan torunumu g\u00f6rd\u00fcm diyordu. 3G arac\u0131l\u0131\u011f\u0131yla Say\u0131n Baykal\u2019la da g\u00f6r\u00fc\u015febilir. Bence y\u00fczy\u00fcze g\u00f6r\u00fc\u015fmeyi beklemesinler. Say\u0131n Ba\u015fbakan art\u0131k ne yapacaksan\u0131z yap\u0131n. Bu i\u015f papatya fal\u0131na benzedi. Ancak benim onlara \u00f6nerim chatle\u015fmeleri\u201ddedi.<\/p>\n<p style=\"text-align: justify;\"><span style=\"color: #888888;\">Kaynak : Vatan<\/span><\/p>\n","protected":false},"excerpt":{"rendered":"<\/p>\n<p style=\"text-align: justify;\">MHP&#8217;li Vural, Ba\u015fbakan Erdo\u011fan ile CHP Genel Ba\u015fkan\u0131 Deniz Baykal\u2019a \u201cChat\u2019le\u015fin\u201d\u00f6nerisinde bulundu.<\/p>\n<p style=\"text-align: justify;\">MHP Grup Ba\u015fkanvekili Oktay Vural, \u00f6n\u00fcm\u00fczdeki hafta bir araya gelmeleri beklenen Ba\u015fbakan Erdo\u011fan ile CHP Genel Ba\u015fkan\u0131 Deniz Baykal\u2019a \u201cChat\u2019le\u015fin\u201d\u00f6nerisinde bulundu.<\/p>\n<p style=\"text-align: justify;\">Vural \u201cArt\u0131k kabak tad\u0131 verdi, \u2018randevu verdin vermedin, telefon edece\u011fim, etme\u2019 tart\u0131\u015fmalar\u0131. Say\u0131n Ba\u015fbakanla Say\u0131n <\/p>\n","protected":false},"author":1,"featured_media":0,"comment_status":"open","ping_status":"closed","sticky":false,"template":"","format":"standard","meta":{"footnotes":""},"categories":[105],"tags":[],"class_list":["post-15752","post","type-post","status-publish","format-standard","hentry","category-gundem","odd"],"_links":{"self":[{"href":"http:\/\/www.korhanyilmaz.com\/index.php?rest_route=\/wp\/v2\/posts\/15752","targetHints":{"allow":["GET"]}}],"collection":[{"href":"http:\/\/www.korhanyilmaz.com\/index.php?rest_route=\/wp\/v2\/posts"}],"about":[{"href":"http:\/\/www.korhanyilmaz.com\/index.php?rest_route=\/wp\/v2\/types\/post"}],"author":[{"embeddable":true,"href":"http:\/\/www.korhanyilmaz.com\/index.php?rest_route=\/wp\/v2\/users\/1"}],"replies":[{"embeddable":true,"href":"http:\/\/www.korhanyilmaz.com\/index.php?rest_route=%2Fwp%2Fv2%2Fcomments&post=15752"}],"version-history":[{"count":0,"href":"http:\/\/www.korhanyilmaz.com\/index.php?rest_route=\/wp\/v2\/posts\/15752\/revisions"}],"wp:attachment":[{"href":"http:\/\/www.korhanyilmaz.com\/index.php?rest_route=%2Fwp%2Fv2%2Fmedia&parent=15752"}],"wp:term":[{"taxonomy":"category","embeddable":true,"href":"http:\/\/www.korhanyilmaz.com\/index.php?rest_route=%2Fwp%2Fv2%2Fcategories&post=15752"},{"taxonomy":"post_tag","embeddable":true,"href":"http:\/\/www.korhanyilmaz.com\/index.php?rest_route=%2Fwp%2Fv2%2Ftags&post=15752"}],"curies":[{"name":"wp","href":"https:\/\/api.w.org\/{rel}","templated":true}]}}