{"id":15739,"date":"2009-10-15T10:45:56","date_gmt":"2009-10-15T07:45:56","guid":{"rendered":"http:\/\/www.korhanyilmaz.com\/?p=15739"},"modified":"2009-10-15T10:45:56","modified_gmt":"2009-10-15T07:45:56","slug":"turkiye-ve-ermenistan-icin-tarihi-gun","status":"publish","type":"post","link":"http:\/\/www.korhanyilmaz.com\/?p=15739","title":{"rendered":"T\u00fcrkiye ve Ermenistan i\u00e7in tarihi g\u00fcn"},"content":{"rendered":"<p style=\"text-align: center;\"><a href=\"http:\/\/www.korhanyilmaz.com\/wp-content\/uploads\/2009\/10\/GUL.jpg\"  class=\"lightview\"><img loading=\"lazy\" decoding=\"async\" class=\"aligncenter size-full wp-image-15747\" src=\"http:\/\/www.korhanyilmaz.com\/wp-content\/uploads\/2009\/10\/GUL.jpg\" alt=\"\" width=\"307\" height=\"236\" \/><\/a><\/p>\n<p style=\"text-align: justify;\">Bursa tarihi bir g\u00fcne sahne oldu. T\u00fcrkiye-Ermenistan milli tak\u0131mlar\u0131, 2010 D\u00fcnya Kupas\u0131 eleme grubu ma\u00e7\u0131nda Bursa&#8217;da kar\u015f\u0131 kar\u015f\u0131ya geldi. Ma\u00e7\u0131 Cumhurba\u015fkan\u0131 Abdullah G\u00fcl ve Ermenistan Cumhurba\u015fkan\u0131 Serj Sarkisyan birlikte izledi. Trib\u00fcnlerden bar\u0131\u015f\u0131 simgeleyen beyaz g\u00fcvercinler u\u00e7uruldu. \u0130ki lider ma\u00e7 \u00f6ncesi heyetlararas\u0131 g\u00f6r\u00fc\u015fmelere kat\u0131ld\u0131. G\u00fcl, g\u00f6r\u00fc\u015fme sonras\u0131 &#8220;Tarih yazm\u0131yoruz, tarihi yap\u0131yoruz&#8221; a\u00e7\u0131klamas\u0131nda bulundu.<\/p>\n<p style=\"text-align: justify;\">Ermenistan D\u0131\u015fi\u015fleri Bakan\u0131 Edward Nalbandyan ile Bursa&#8217;ya gelen Sarkisyan&#8217;\u0131, Uluslararas\u0131 Yeni\u015fehir Havaalan\u0131&#8217;nda D\u0131\u015fi\u015fleri Bakan\u0131 Ahmet Davuto\u011flu kar\u015f\u0131lad\u0131. Sarkisyan u\u00e7aktan indikten sonra halk oyunlar\u0131 ekibi bir g\u00f6steri sundu. <!--more--><\/p>\n<p style=\"text-align: justify;\">Sarkisyan daha sonra Ermenistan Milli Tak\u0131m\u0131&#8217;n\u0131 kamp yapt\u0131\u011f\u0131 otelde ziyaret etti. Serj Sarkisyan&#8217;\u0131n otele gelirken kulland\u0131\u011f\u0131 g\u00fczergah boyunca yo\u011fun g\u00fcvenlik \u00f6nlemleri al\u0131nd\u0131.<\/p>\n<p style=\"text-align: justify;\">Cumhurba\u015fkan\u0131 Abdullah G\u00fcl, Ermenistan Cumhurba\u015fkan\u0131 Serj Sarkisyan&#8217;\u0131 heyetler aras\u0131 g\u00f6r\u00fc\u015fmelerin yap\u0131laca\u011f\u0131 Almira Oteli&#8217;ne geli\u015finde kap\u0131da kar\u015f\u0131lad\u0131.<\/p>\n<p style=\"text-align: justify;\">Cumhurba\u015fkan\u0131 G\u00fcl ve Ermenistan Cumhurba\u015fkan\u0131 Sarkisyan, otelin giri\u015finde tokala\u015farak, gazetecilere poz verdi.<\/p>\n<p style=\"text-align: justify;\">Ermenistan D\u0131\u015fi\u015fleri Bakan\u0131 Edward Nalbandyan da Sarkisyan ile otele geldi. Kar\u015f\u0131lama s\u0131ras\u0131nda D\u0131\u015fi\u015fleri Bakan\u0131 Ahmet Davuto\u011flu da haz\u0131r bulundu.<\/p>\n<p style=\"text-align: justify;\"><a href=\"http:\/\/www.korhanyilmaz.com\/wp-content\/uploads\/2009\/10\/F1.jpg\"  class=\"lightview\"><img loading=\"lazy\" decoding=\"async\" class=\"aligncenter size-full wp-image-15740\" title=\"F1\" src=\"http:\/\/www.korhanyilmaz.com\/wp-content\/uploads\/2009\/10\/F1.jpg\" alt=\"F1\" width=\"406\" height=\"210\" \/><\/a><\/p>\n<p style=\"text-align: justify;\">Cumhurba\u015fkanlar\u0131, otele girdikten sonra Ermeni ve T\u00fcrk bayraklar\u0131 \u00f6n\u00fcnde de tokala\u015farak, gazetecilere poz verdi.<\/p>\n<p style=\"text-align: justify;\">Abdullah G\u00fcl ve Serj Sarkisyan&#8217;\u0131n ba\u015fkanl\u0131\u011f\u0131ndaki heyetler aras\u0131 g\u00f6r\u00fc\u015fmeler saat 18.20&#8217;de ba\u015flad\u0131.<\/p>\n<p style=\"text-align: justify;\">Almira Otel&#8217;de bas\u0131na kapal\u0131 ger\u00e7ekle\u015fen g\u00f6r\u00fc\u015fmelere, D\u0131\u015fi\u015fleri Bakan\u0131 Ahmet Davuto\u011flu, Ermenistan D\u0131\u015fi\u015fleri Bakan\u0131 Edward Nalbantyan, D\u0131\u015fi\u015fleri Bakanl\u0131\u011f\u0131 M\u00fcste\u015far Yard\u0131mc\u0131s\u0131 \u00dcnal \u00c7evik\u00f6z, Cumhurba\u015fkanl\u0131\u011f\u0131 D\u0131\u015fi\u015fleri Dan\u0131\u015fman\u0131 H\u00fcseyin Diri\u00f6z de kat\u0131ld\u0131.<\/p>\n<p style=\"text-align: justify;\"><strong><em>G\u00fcl: &#8220;Tarih yazm\u0131yoruz, tarih yap\u0131yoruz&#8221; <\/em><\/strong><\/p>\n<p style=\"text-align: justify;\">Bas\u0131na kapal\u0131 ger\u00e7ekle\u015fen g\u00f6r\u00fc\u015fmeler yakla\u015f\u0131k 40 dakika s\u00fcrd\u00fc.<\/p>\n<p style=\"text-align: justify;\">Cumhurba\u015fkan\u0131 Abdullah G\u00fcl ve Ermenistan Cumhurba\u015fkan\u0131 Serj Sarkisyan&#8217;la ba\u015fkanl\u0131k yapt\u0131klar\u0131 heyetler aras\u0131 g\u00f6r\u00fc\u015fmelerde, &#8220;Tarih yazm\u0131yoruz, tarihi yap\u0131yoruz&#8221; dedi.<\/p>\n<p style=\"text-align: justify;\">Al\u0131nan bilgiye g\u00f6re, Cumhurba\u015fkan\u0131 G\u00fcl ve Ermenistan Cumhurba\u015fkan\u0131 Sarkisyan&#8217;\u0131n ba\u015fkanl\u0131\u011f\u0131ndaki heyetler aras\u0131 g\u00f6r\u00fc\u015fmelerde ge\u00e7en y\u0131l Cumhurba\u015fkan\u0131 G\u00fcl&#8217;\u00fcn Erivan&#8217;a giderek atm\u0131\u015f oldu\u011fu ad\u0131m\u0131n ard\u0131ndan Ermenistan Cumhurba\u015fkan\u0131 Sarkisyan&#8217;\u0131n ayn\u0131 cesur ad\u0131m\u0131 atarak Bursa&#8217;ya geldi\u011fi ifade edildi.<\/p>\n<p style=\"text-align: justify;\">\u0130ki taraf\u0131n b\u00f6ylece bir b\u00fcy\u00fck liderlik \u00f6rne\u011fi g\u00f6sterdi\u011finden s\u00f6z edilen g\u00f6r\u00fc\u015fmelerde, bu liderlik \u00f6rne\u011finin g\u00f6sterilmesiyle halklar\u0131n \u00f6n\u00fcn\u00fcn a\u00e7\u0131ld\u0131\u011f\u0131 ve birbirlerine yak\u0131nla\u015ft\u0131klar\u0131 vurguland\u0131.<\/p>\n<p style=\"text-align: justify;\">Cumhurba\u015fkan\u0131 G\u00fcl, &#8220;\u00e7ok \u00f6nemli bir geli\u015fme&#8221; olarak nitelenen s\u00fcre\u00e7 i\u00e7in &#8220;tarih yazm\u0131yoruz, tarihi yap\u0131yoruz&#8221; ifadesini kulland\u0131.<\/p>\n<p style=\"text-align: justify;\"><a href=\"http:\/\/www.korhanyilmaz.com\/wp-content\/uploads\/2009\/10\/F2.jpg\"  class=\"lightview\"><img loading=\"lazy\" decoding=\"async\" class=\"aligncenter size-full wp-image-15741\" src=\"http:\/\/www.korhanyilmaz.com\/wp-content\/uploads\/2009\/10\/F2.jpg\" alt=\"\" width=\"406\" height=\"280\" \/><\/a><\/p>\n<p style=\"text-align: justify;\">Al\u0131nan bilgiye g\u00f6re, heyetler aras\u0131 g\u00f6r\u00fc\u015fmelerde Cumhurba\u015fkan\u0131 G\u00fcl son bir y\u0131l i\u00e7inde \u00e7ok b\u00fcy\u00fck ad\u0131mlar at\u0131ld\u0131\u011f\u0131n\u0131, hukuki bir zemin haz\u0131rland\u0131\u011f\u0131n\u0131, imzalanm\u0131\u015f belgeler oldu\u011funu belirterek, bundan sonraki s\u00fcrecin bu zemin \u00fczerinde ilerlemek oldu\u011funu vurgulad\u0131.<\/p>\n<p style=\"text-align: justify;\">G\u00fcl, belgelerin y\u00fcr\u00fcrl\u00fc\u011fe girmesinin ard\u0131ndan belgelerde \u00f6ng\u00f6r\u00fclen takvimin i\u015fletilmesiyle bunlar\u0131n hayata ge\u00e7ece\u011fini ifade etti.<\/p>\n<p style=\"text-align: justify;\">G\u00f6r\u00fc\u015fmede iki taraf da &#8220;at\u0131lan ad\u0131mlar\u0131n hi\u00e7 kolay olmad\u0131\u011f\u0131n\u0131, b\u00fcy\u00fck zorluklara g\u00f6\u011f\u00fcs gerilerek bu noktaya gelindi\u011fini, ancak b\u00fct\u00fcn bu zorluklar\u0131n da g\u00f6ze al\u0131nmas\u0131 gerekti\u011fini&#8221; belirtti.<\/p>\n<p style=\"text-align: justify;\">Cumhurba\u015fkan\u0131 G\u00fcl&#8217;\u00fcn &#8220;B\u00f6ylesine tarih yapmak bir g\u00fcnden ertesi g\u00fcne m\u00fcmk\u00fcn olmuyor. Bu bir s\u00fcre\u00e7tir. Nitekim, bu s\u00fcrecin i\u00e7inden ge\u00e7erek zor meseleleri de ancak bu s\u00fcre\u00e7 i\u00e7inde \u00e7\u00f6zebilece\u011fimizi beraberce g\u00f6rd\u00fck&#8221; dedi\u011fi \u00f6\u011frenildi.<\/p>\n<p style=\"text-align: justify;\">Gelinen noktada sadece iki kom\u015fu \u00fclke olarak T\u00fcrkiye ve Ermenistan&#8217;\u0131n halklar\u0131n\u0131 de\u011fil, sadece b\u00f6lgedeki di\u011fer kom\u015fular\u0131n da de\u011fil t\u00fcm d\u00fcnyan\u0131n s\u00fcreci yak\u0131ndan takip etti\u011fini dile getiren G\u00fcl, &#8220;Bu da att\u0131\u011f\u0131m\u0131z ad\u0131m\u0131n ne kadar b\u00fcy\u00fck oldu\u011funu g\u00f6steren bir tespittir&#8221; diye konu\u015ftu.<\/p>\n<p style=\"text-align: justify;\"><a href=\"http:\/\/www.korhanyilmaz.com\/wp-content\/uploads\/2009\/10\/F3.jpg\"  class=\"lightview\"><img loading=\"lazy\" decoding=\"async\" class=\"aligncenter size-full wp-image-15742\" src=\"http:\/\/www.korhanyilmaz.com\/wp-content\/uploads\/2009\/10\/F3.jpg\" alt=\"\" width=\"406\" height=\"210\" \/><\/a><\/p>\n<p style=\"text-align: justify;\"><strong><em>Sarkisyan&#8217;dan diaspora mesaj\u0131 <\/em><\/strong><\/p>\n<p style=\"text-align: justify;\">Sarkisyan da ge\u00e7ilen s\u00fcre\u00e7te at\u0131lan ad\u0131mlar\u0131n \u00f6nemine dikkati \u00e7ekerek, \u00f6zellikle 31 A\u011fustos&#8217;tan sonra ba\u015flayan bilgilendirme s\u00fcrecinde b\u00fcy\u00fck zorluklarla kar\u015f\u0131la\u015ft\u0131\u011f\u0131n\u0131, bu zorluklara g\u00f6\u011f\u00fcs gererek bilgilendirmeyi tamamlad\u0131\u011f\u0131n\u0131 aktard\u0131.<\/p>\n<p style=\"text-align: justify;\">Sarkisyan, &#8220;B\u00fct\u00fcn bu zorluklara kar\u015f\u0131n, bunlar\u0131 yapt\u0131m, ancak ben onlardan herhangi bir \u015fekilde izin almak i\u00e7in bu bilgilendirmeyi yapmad\u0131m. Sadece Ermenistan H\u00fck\u00fcmetinin alm\u0131\u015f oldu\u011fu bir karar\u0131 onlara anlatmak ve bir yerde onlar\u0131 bilgilendirmek maksad\u0131yla bu g\u00f6r\u00fc\u015fmeleri yapt\u0131m&#8221; dedi.<\/p>\n<p style=\"text-align: justify;\">Her iki \u00fclkede de farkl\u0131 g\u00f6r\u00fc\u015flere sahip kesimler olabilece\u011fini dile getiren Sarkisyan&#8217;\u0131n &#8220;Menfi g\u00f6r\u00fc\u015fte olanlar oldu\u011fu gibi, att\u0131\u011f\u0131m\u0131z ad\u0131mlar\u0131n ne kadar m\u00fcspet oldu\u011funu d\u00fc\u015f\u00fcnenler ve bunlar\u0131 destekleyenler de vard\u0131r, ancak \u00f6nemli olan bizim att\u0131\u011f\u0131m\u0131z ad\u0131mlar\u0131n pozitif oldu\u011funu d\u00fc\u015f\u00fcnenlerin daha \u00e7ok olduklar\u0131 ger\u00e7e\u011fidir&#8221; dedi\u011fi ifade edildi.<\/p>\n<p style=\"text-align: justify;\">Sarkisyan zaman i\u00e7erisinde bu kesimin say\u0131s\u0131n\u0131n daha da artaca\u011f\u0131na olan inanc\u0131n\u0131 dile getirerek, &#8220;\u00c7\u00fcnk\u00fc biz iyi bir \u015fey yap\u0131yoruz. Do\u011fru oldu\u011funa inand\u0131\u011f\u0131m\u0131z ad\u0131mlar\u0131 at\u0131yoruz&#8221; diye konu\u015ftu.<\/p>\n<p style=\"text-align: justify;\">G\u00f6r\u00fc\u015fmede, her iki taraf\u0131n da \u00f6n\u00fcm\u00fczdeki s\u00fcrecin hukuki a\u00e7\u0131dan nas\u0131l i\u015fleyece\u011fine ili\u015fkin kar\u015f\u0131l\u0131kl\u0131 bilgilendirme yapt\u0131klar\u0131 belirtilerek, prosed\u00fcr\u00fcn konu\u015fuldu\u011fu kaydedildi.<\/p>\n<p style=\"text-align: justify;\">G\u00f6r\u00fc\u015fmede, her iki Cumhurba\u015fkan\u0131n\u0131n &#8220;at\u0131lan ad\u0131m\u0131n sadece iki \u00fclkenin halklar\u0131 i\u00e7in de\u011fil, ayn\u0131 zamanda b\u00f6lge i\u00e7in de \u00f6nemli geli\u015fmelere sahne olmas\u0131n\u0131 beklediklerini vurgulad\u0131klar\u0131&#8221; aktar\u0131ld\u0131.<\/p>\n<p style=\"text-align: justify;\"><a href=\"http:\/\/www.korhanyilmaz.com\/wp-content\/uploads\/2009\/10\/F4.jpg\"  class=\"lightview\"><img loading=\"lazy\" decoding=\"async\" class=\"aligncenter size-full wp-image-15743\" src=\"http:\/\/www.korhanyilmaz.com\/wp-content\/uploads\/2009\/10\/F4.jpg\" alt=\"\" width=\"406\" height=\"210\" \/><\/a><\/p>\n<p style=\"text-align: justify;\">Her iki Cumhurba\u015fkan\u0131n\u0131n da bunun bir emsal olaca\u011f\u0131n\u0131 ifade etti\u011fi \u00f6\u011frenildi.<\/p>\n<p style=\"text-align: justify;\">G\u00f6r\u00fc\u015fmede 10 Ekim&#8217;de Z\u00fcrih&#8217;te iki \u00fclke aras\u0131nda protokollerin imzalanmas\u0131 s\u00fcrecinde ya\u015fanan durumun g\u00fcndeme gelmedi\u011fi belirtilerek, iki Cumhurba\u015fkan\u0131n\u0131n da imzalar\u0131n at\u0131lmas\u0131ndan dolay\u0131 memnuniyetlerini teyit ettikleri bildirildi.<\/p>\n<p style=\"text-align: justify;\">Cumhurba\u015fkanlar\u0131 g\u00f6r\u00fc\u015fmede T\u00fcrkiye-Ermenistan Milli ma\u00e7\u0131na ili\u015fkin olarak da her iki taraf\u0131n da iddial\u0131 olmad\u0131\u011f\u0131n\u0131 dile getirerek, sonucun ne olaca\u011f\u0131n\u0131 g\u00f6receklerini s\u00f6yledikleri \u00f6\u011frenildi.<\/p>\n<p style=\"text-align: justify;\"><strong><em>Sarkisyan onuruna yemek <\/em><\/strong><\/p>\n<p style=\"text-align: justify;\">Cumhurba\u015fkan\u0131 Abdullah G\u00fcl daha sonra Ermenistan Cumhurba\u015fkan\u0131 Serj Sarkisyan onuruna yemek verdi.<\/p>\n<p style=\"text-align: justify;\">Almira Otel&#8217;de bas\u0131na kapal\u0131 ger\u00e7ekle\u015fen yeme\u011fin ba\u015flang\u0131c\u0131ndan bas\u0131n mensuplar\u0131n\u0131n g\u00f6r\u00fcnt\u00fc almas\u0131na izin verildi.<\/p>\n<p style=\"text-align: justify;\">D\u0131\u015fi\u015fleri Bakan\u0131 Ahmet Davuto\u011flu ve Ermenistan D\u0131\u015fi\u015fleri Bakan\u0131 Edvard Nalbantyan&#8217;\u0131n da kat\u0131ld\u0131\u011f\u0131 yemek, yakla\u015f\u0131k 1,5 saat s\u00fcrd\u00fc.<\/p>\n<p style=\"text-align: justify;\">Yemekte, D\u00fc\u011f\u00fcn \u00c7orbas\u0131, zeytinya\u011fl\u0131 taba\u011f\u0131, Tand\u0131r B\u00f6re\u011fi, \u0130neg\u00f6l K\u00f6fte, Akdeniz ye\u015fillikleri salatas\u0131, \u0130skender Kebab, tatl\u0131 olarak kestaneli pasta ve baklava, i\u00e7ecek olarak da beyaz ve k\u0131rm\u0131z\u0131 \u015farap, \u00e7ay, kahve servis edildi.<\/p>\n<p style=\"text-align: justify;\"><strong><em>G\u00fcl ve Sarkisyan ayn\u0131 arabayla geldi<\/em><\/strong><\/p>\n<p style=\"text-align: justify;\">Abdullah G\u00fcl ile Serj Sarkisyan daha sonra T\u00fcrkiye-Ermenistan ma\u00e7\u0131n\u0131n yap\u0131laca\u011f\u0131 Bursa Atat\u00fcrk Stad\u0131&#8217;na geldi.<\/p>\n<p style=\"text-align: justify;\">Cumhurba\u015fkan\u0131 G\u00fcl ile konu\u011fu Sarkisyan, bir araya geldikleri Almira Otel&#8217;den, stada ge\u00e7ti.<\/p>\n<p style=\"text-align: justify;\">Her iki cumhurba\u015fkan\u0131n\u0131n ayn\u0131 arabaya bindi\u011fi ve araban\u0131n \u00f6n\u00fcnde iki \u00fclkeye ait bayraklara yer verildi\u011fi g\u00f6r\u00fcld\u00fc. Cumhurba\u015fkan\u0131 G\u00fcl ile Sarkisyan, daha sonra ma\u00e7\u0131 izlemek \u00fczere stada giri\u015f yapt\u0131.<\/p>\n<p style=\"text-align: justify;\">\u015eeref trib\u00fcn\u00fcnde birlikte ma\u00e7\u0131 izleyen G\u00fcl ve konu\u011fu Sarkisyan, ma\u00e7\u0131n biti\u015f d\u00fcd\u00fc\u011f\u00fcn\u00fcn ard\u0131ndan el s\u0131k\u0131\u015ft\u0131. T\u00fcrkiye ve Ermenistan Cumhurba\u015fkanlar\u0131, daha sonra geldikleri ara\u00e7la Almira Otel&#8217;e ge\u00e7ti. Burada G\u00fcl, Sarkisyan onuruna bir yemek verdi.<\/p>\n<p style=\"text-align: justify;\">Gazetecilerin bir s\u00fcre g\u00f6r\u00fcnt\u00fc almas\u0131n\u0131n ard\u0131ndan, resepsiyon bas\u0131na kapal\u0131 ger\u00e7ekle\u015fti.<\/p>\n<p style=\"text-align: justify;\">Resepsiyona cumhurba\u015fkanlar\u0131n\u0131n yan\u0131 s\u0131ra Devlet Bakanlar\u0131 Faruk Nafiz \u00d6zak ve Faruk \u00c7elik, D\u0131\u015fi\u015fleri Bakan\u0131 Ahmet Davuto\u011flu, Ermenistan D\u0131\u015fi\u015fleri Bakan\u0131 Edvard Nalbantyan, \u0130svi\u00e7re D\u0131\u015fi\u015fleri Bakan\u0131 Micheline Calmy Rey, baz\u0131 k\u00f6\u015fe yazarlar\u0131 ile gazete ve televizyon temsilcileri, i\u015f adamlar\u0131, D\u0131\u015fi\u015fleri mensuplar\u0131 ve b\u00fcrokratlar kat\u0131ld\u0131.<\/p>\n<p style=\"text-align: justify;\">Resepsiyonda Ermeni Patrikanesinden bir g\u00f6revlinin de bulundu\u011fu g\u00f6r\u00fcld\u00fc.<\/p>\n<p style=\"text-align: justify;\"><a href=\"http:\/\/www.korhanyilmaz.com\/wp-content\/uploads\/2009\/10\/F5.jpg\"  class=\"lightview\"><img loading=\"lazy\" decoding=\"async\" class=\"aligncenter size-full wp-image-15744\" src=\"http:\/\/www.korhanyilmaz.com\/wp-content\/uploads\/2009\/10\/F5.jpg\" alt=\"\" width=\"406\" height=\"210\" \/><\/a><\/p>\n<p style=\"text-align: justify;\"><strong><em>G\u00fcl: &#8220;\u00d6nemli mesafeler kaydettik&#8221; <\/em><\/strong><\/p>\n<p style=\"text-align: justify;\">Cumhurba\u015fkan\u0131 G\u00fcl ve Ermenistan Cumhurba\u015fkan\u0131 Serj Sarkisyan, T\u00fcrkiye-Ermenistan milli ma\u00e7\u0131n\u0131n ard\u0131ndan Sarkisyan onuruna verilen resepsiyonda davetli baz\u0131 gazetecilerle sohbet etti.<\/p>\n<p style=\"text-align: justify;\">Al\u0131nan bilgiye g\u00f6re, Cumhurba\u015fkan\u0131 G\u00fcl, T\u00fcrkiye-Ermenistan aras\u0131ndaki ili\u015fkilerde 2 y\u0131lda \u00f6nemli bir mesafe kaydedildi\u011fini ifade ederek, s\u00fcrecin geri d\u00f6n\u00fclmez olmas\u0131 i\u00e7in hep birlikte \u00e7al\u0131\u015f\u0131ld\u0131\u011f\u0131n\u0131 s\u00f6yledi.<\/p>\n<p style=\"text-align: justify;\">G\u00fcl ve Sarkisyan&#8217;\u0131n Nobel Bar\u0131\u015f \u00d6d\u00fcl\u00fc alabilecekleri y\u00f6n\u00fcndeki de\u011ferlendirmelerin hat\u0131rlat\u0131lmas\u0131 ve &#8220;S\u00fcre\u00e7 Norve\u00e7&#8217;e gider mi?&#8221; sorusu \u00fczerine G\u00fcl, &#8220;\u00d6nemli olan t\u00fcm b\u00f6lgeyi bir i\u015f birli\u011fi b\u00f6lgesi haline getirmektir. Bu s\u00f6zler s\u00f6ylenir. Biz i\u015fimize bakar\u0131z&#8221; dedi.<\/p>\n<p style=\"text-align: justify;\">Cumhurba\u015fkan\u0131 G\u00fcl&#8217;\u00fcn, b\u00f6lgedeki sorunlar\u0131n hat\u0131rlat\u0131lmas\u0131 \u00fczerine de Kafkasya&#8217;ya bir b\u00fct\u00fcn olarak bakmak gerekti\u011fini s\u00f6yledi\u011fi ve i\u015f birli\u011finin \u00f6nemine dikkati \u00e7ekti\u011fi \u00f6\u011frenildi.<\/p>\n<p style=\"text-align: justify;\">G\u00fcl, daha \u00f6nce dile getirdi\u011fi &#8220;Buz da\u011f\u0131 bir g\u00fcnde erimez&#8221; s\u00f6zlerini hat\u0131rlatarak, &#8220;Yava\u015f ilerliyoruz. Asr\u0131n meselesi&#8230; Ama \u00fcfleye \u00fcfleye eriyor&#8221; diye konu\u015ftu.<\/p>\n<p style=\"text-align: justify;\">Yukar\u0131 Karaba\u011f sorununun hat\u0131rlat\u0131lmas\u0131 \u00fczerine de Cumhurba\u015fkan\u0131 G\u00fcl&#8217;\u00fcn, konunun \u015fimdi en \u00fcst seviyede ele al\u0131nd\u0131\u011f\u0131n\u0131 hat\u0131rlatt\u0131\u011f\u0131, bir sene \u00f6nce durumun b\u00f6yle olmad\u0131\u011f\u0131n\u0131, donmu\u015f bir meselenin d\u00fcnya g\u00fcndeminde bu kadar yer almas\u0131n\u0131n \u00f6nemli oldu\u011funu vurgulad\u0131\u011f\u0131 aktar\u0131ld\u0131.<\/p>\n<p style=\"text-align: justify;\">Cumhurba\u015fkan\u0131 G\u00fcl&#8217;\u00fcn Rusya ve Fransa&#8217;n\u0131n da bu s\u00fcre\u00e7te \u00fczerine d\u00fc\u015feni yapt\u0131\u011f\u0131n\u0131 s\u00f6yledi\u011fi belirtildi. Ermenistan Cumhurba\u015fkan\u0131 Sarkisyan da T\u00fcrkiye&#8217;ye geli\u015fi nedeniyle \u00fczerinde bir bask\u0131 hissedip hissetmedi\u011fine ili\u015fkin soru \u00fczerine &#8220;B\u00fct\u00fcn g\u00f6r\u00fc\u015fleri dikkate al\u0131yoruz. Ama i\u015fimizi kendimiz yap\u0131yoruz&#8221; dedi.<\/p>\n<p style=\"text-align: justify;\">Yukar\u0131 Karaba\u011f sorunun hat\u0131rlat\u0131lmas\u0131 \u00fczerine de Sarkisyan, &#8220;Biz de daha \u00f6nemli konular var. Mesela T\u00fcrk-Ermeni ili\u015fkileri&#8221; diye konu\u015ftu.<\/p>\n<p style=\"text-align: justify;\">Sarkisyan&#8217;\u0131n, Cumhurba\u015fkan\u0131 G\u00fcl&#8217;e Bursa seyircisinin enerjisinin nereden geldi\u011fini sordu\u011fu da kaydedildi. Resepsiyon s\u0131ras\u0131nda Ara Ko\u00e7unyan, her iki cumhurba\u015fkan\u0131na Genel Yay\u0131n Y\u00f6netmeni oldu\u011fu &#8220;\u015eamanak&#8221; gazetesini hediye etti.<\/p>\n<p style=\"text-align: justify;\">Ermenice yay\u0131mlanan gazetenin &#8220;Zirve Bulu\u015fmas\u0131 Z\u00fcrih&#8217;teki \u0130mzalar Bursa&#8217;da Devam Buluyor&#8221; ba\u015fl\u0131\u011f\u0131yla \u00e7\u0131kt\u0131\u011f\u0131 ifade edildi.<\/p>\n<p style=\"text-align: justify;\">Cumhurba\u015fkan\u0131 G\u00fcl, resepsiyon sonras\u0131nda Yeni\u015fehir Havaalan\u0131&#8217;na gitmek \u00fczere otelden ayr\u0131lan Ermenistan Cumhurba\u015fkan\u0131 Sarkisyan&#8217;\u0131 kap\u0131ya gelerek u\u011furlad\u0131.<\/p>\n<p style=\"text-align: justify;\">Sarkisyan&#8217;\u0131n u\u00e7a\u011f\u0131 saat 00.34&#8217;te Yeni\u015fehir Havaalan\u0131&#8217;ndan hareket etti.<\/p>\n<p style=\"text-align: justify;\"><a href=\"http:\/\/www.korhanyilmaz.com\/wp-content\/uploads\/2009\/10\/F6.jpg\"  class=\"lightview\"><img loading=\"lazy\" decoding=\"async\" class=\"aligncenter size-full wp-image-15745\" src=\"http:\/\/www.korhanyilmaz.com\/wp-content\/uploads\/2009\/10\/F6.jpg\" alt=\"\" width=\"406\" height=\"210\" \/><\/a><\/p>\n<p style=\"text-align: justify;\"><strong><em>Trib\u00fcnlerde beyaz g\u00fcvercin<\/em><\/strong><\/p>\n<p style=\"text-align: justify;\">Ma\u00e7a, iki \u00fclkenin cumhurba\u015fkan\u0131, ba\u015flama saatinden 5 dakika \u00f6nce geldi. Cumhurba\u015fkan\u0131 Abdullah G\u00fcl ve Ermenistan Cumhurba\u015fkan\u0131 Serj Sarkisyan&#8217;\u0131, stat giri\u015finde T\u00fcrkiye Futbol Federasyonu (TFF) Ba\u015fkan\u0131 Mahmut \u00d6zgener, Bursa Valisi \u015eahabettin Harput ve di\u011fer yetkililer kar\u015f\u0131lad\u0131.<\/p>\n<p style=\"text-align: justify;\">Ma\u00e7\u0131 UEFA Ba\u015fkan\u0131 Michel Platini de izledi. Platini&#8217;yi, stad\u0131n protokol trib\u00fcn\u00fc giri\u015finde TFF Ba\u015fkan\u0131 Mahmut \u00d6zgener ve Milli Tak\u0131mlar Sorumlusu Levent K\u0131z\u0131l kar\u015f\u0131lad\u0131.<\/p>\n<p style=\"text-align: justify;\">Platini de ma\u00e7\u0131, \u015feref trib\u00fcn\u00fcnden izledi. Kar\u015f\u0131la\u015fma \u00f6ncesi (A) Milli Tak\u0131m&#8217;da en fazla gol atan futbolcu unvan\u0131n\u0131 elinde bulunduran Hakan \u015e\u00fck\u00fcr&#8217;e, TFF Ba\u015fkan\u0131 Mahmut \u00d6zgener taraf\u0131ndan plaket verildi. Milli Tak\u0131mlar Teknik Direkt\u00f6r\u00fc Fatih Terim de Hakan \u015e\u00fck\u00fcr&#8217;\u00fc kutlad\u0131.<\/p>\n<p style=\"text-align: justify;\">Kar\u015f\u0131la\u015fma \u00f6ncesi Atat\u00fcrk Stad\u0131 trib\u00fcnlerinde bir s\u00fcrpriz ya\u015fand\u0131.<\/p>\n<p style=\"text-align: justify;\">(A) Milli Tak\u0131m&#8217;\u0131n D\u00fcnya Kupas\u0131&#8217;na kat\u0131lma \u015fans\u0131 kalmad\u0131\u011f\u0131 i\u00e7in &#8220;Dostluk ma\u00e7\u0131&#8221;na d\u00f6n\u00fc\u015fen kar\u015f\u0131la\u015fman\u0131n ba\u015flamas\u0131na 10 dakika kala, trib\u00fcnlerden bar\u0131\u015f\u0131 simgeleyen beyaz g\u00fcvercinler u\u00e7uruldu. Taraftarlar, bir s\u00fcre beyaz g\u00fcvercinlere alk\u0131\u015flarla e\u015flik etti.<\/p>\n<p style=\"text-align: justify;\"><a href=\"http:\/\/www.korhanyilmaz.com\/wp-content\/uploads\/2009\/10\/F7.jpg\"  class=\"lightview\"><img loading=\"lazy\" decoding=\"async\" class=\"aligncenter size-full wp-image-15746\" src=\"http:\/\/www.korhanyilmaz.com\/wp-content\/uploads\/2009\/10\/F7.jpg\" alt=\"\" width=\"406\" height=\"210\" \/><\/a><\/p>\n<p style=\"text-align: justify;\"><strong><em>Geni\u015f g\u00fcvenlik \u00f6nlemleri<\/em><\/strong><\/p>\n<p style=\"text-align: justify;\">Kar\u015f\u0131la\u015fma i\u00e7in Bursa Atat\u00fcrk Stad\u0131&#8217;nda ve \u00e7evresinde \u00e7ok geni\u015f g\u00fcvenlik \u00f6nlemleri al\u0131nd\u0131. Ma\u00e7 i\u00e7in 2 bin 500&#8217;\u00fc polis olmak \u00fczere, toplam 3 bin 500 g\u00fcvenlik g\u00f6revlisi yer ald\u0131.<\/p>\n<p style=\"text-align: justify;\">Taraftarlar, stada 3 a\u015famal\u0131 bir aramadan sonra sokuldu. Bilet alamayan taraftarlar, stat d\u0131\u015f\u0131nda protesto g\u00f6sterisi yapt\u0131. Taraftarlar, stada ma\u00e7\u0131n ba\u015flamas\u0131ndan 2 saat \u00f6nce al\u0131nmaya ba\u015fland\u0131. Ancak, turnikelerde ya\u015fanan ar\u0131za nedeniyle stat, ma\u00e7 ba\u015flad\u0131ktan sonra ancak doldu.<\/p>\n<p style=\"text-align: justify;\">Stat giri\u015finde t\u00fcm taraftarlara T\u00fcrk bayra\u011f\u0131 da\u011f\u0131t\u0131ld\u0131. Azerbaycan ve di\u011fer \u00fclke bayraklar\u0131na izin verilmedi. Buna kar\u015f\u0131n trib\u00fcnlerde baz\u0131 taraftarlar\u0131n Azerbaycan bayra\u011f\u0131 a\u00e7t\u0131\u011f\u0131 g\u00f6zden ka\u00e7mad\u0131.<\/p>\n<p style=\"text-align: justify;\"><strong><em>Ermenistan bayra\u011f\u0131<\/em><\/strong><\/p>\n<p style=\"text-align: justify;\">Kapal\u0131 trib\u00fcn\u00fcn sol b\u00f6l\u00fcm\u00fcnde oturan Ermenistan delegasyonundan k\u00fc\u00e7\u00fck bir grup, b\u00fcy\u00fck boy Ermenistan bayra\u011f\u0131 a\u00e7t\u0131. Bu bayra\u011f\u0131n a\u00e7\u0131lmas\u0131 \u00fczerine trib\u00fcnlerde \u0131sl\u0131k ve protesto sesleri y\u00fckseldi.<\/p>\n<p style=\"text-align: justify;\"><span style=\"color: #888888;\">CNN T\u00dcRK<\/span><\/p>\n<p style=\"text-align: justify;\">\n","protected":false},"excerpt":{"rendered":"<p style=\"text-align: center;\">\n<p style=\"text-align: justify;\">Bursa tarihi bir g\u00fcne sahne oldu. T\u00fcrkiye-Ermenistan milli tak\u0131mlar\u0131, 2010 D\u00fcnya Kupas\u0131 eleme grubu ma\u00e7\u0131nda Bursa&#8217;da kar\u015f\u0131 kar\u015f\u0131ya geldi. Ma\u00e7\u0131 Cumhurba\u015fkan\u0131 Abdullah G\u00fcl ve Ermenistan Cumhurba\u015fkan\u0131 Serj Sarkisyan birlikte izledi. Trib\u00fcnlerden bar\u0131\u015f\u0131 simgeleyen beyaz g\u00fcvercinler u\u00e7uruldu. \u0130ki lider ma\u00e7 \u00f6ncesi heyetlararas\u0131 g\u00f6r\u00fc\u015fmelere kat\u0131ld\u0131. G\u00fcl, g\u00f6r\u00fc\u015fme sonras\u0131 &#8220;Tarih yazm\u0131yoruz, tarihi yap\u0131yoruz&#8221; <\/p>\n","protected":false},"author":1,"featured_media":0,"comment_status":"open","ping_status":"closed","sticky":false,"template":"","format":"standard","meta":{"footnotes":""},"categories":[105],"tags":[],"class_list":["post-15739","post","type-post","status-publish","format-standard","hentry","category-gundem","odd"],"_links":{"self":[{"href":"http:\/\/www.korhanyilmaz.com\/index.php?rest_route=\/wp\/v2\/posts\/15739","targetHints":{"allow":["GET"]}}],"collection":[{"href":"http:\/\/www.korhanyilmaz.com\/index.php?rest_route=\/wp\/v2\/posts"}],"about":[{"href":"http:\/\/www.korhanyilmaz.com\/index.php?rest_route=\/wp\/v2\/types\/post"}],"author":[{"embeddable":true,"href":"http:\/\/www.korhanyilmaz.com\/index.php?rest_route=\/wp\/v2\/users\/1"}],"replies":[{"embeddable":true,"href":"http:\/\/www.korhanyilmaz.com\/index.php?rest_route=%2Fwp%2Fv2%2Fcomments&post=15739"}],"version-history":[{"count":0,"href":"http:\/\/www.korhanyilmaz.com\/index.php?rest_route=\/wp\/v2\/posts\/15739\/revisions"}],"wp:attachment":[{"href":"http:\/\/www.korhanyilmaz.com\/index.php?rest_route=%2Fwp%2Fv2%2Fmedia&parent=15739"}],"wp:term":[{"taxonomy":"category","embeddable":true,"href":"http:\/\/www.korhanyilmaz.com\/index.php?rest_route=%2Fwp%2Fv2%2Fcategories&post=15739"},{"taxonomy":"post_tag","embeddable":true,"href":"http:\/\/www.korhanyilmaz.com\/index.php?rest_route=%2Fwp%2Fv2%2Ftags&post=15739"}],"curies":[{"name":"wp","href":"https:\/\/api.w.org\/{rel}","templated":true}]}}