{"id":15735,"date":"2009-10-15T10:37:12","date_gmt":"2009-10-15T07:37:12","guid":{"rendered":"http:\/\/www.korhanyilmaz.com\/?p=15735"},"modified":"2009-10-15T10:37:12","modified_gmt":"2009-10-15T07:37:12","slug":"erdogandan-krizi-tirmandiracak-sozler","status":"publish","type":"post","link":"http:\/\/www.korhanyilmaz.com\/?p=15735","title":{"rendered":"Erdo\u011fan&#039;dan krizi t\u0131rmand\u0131racak s\u00f6zler"},"content":{"rendered":"<p style=\"text-align: center;\"><a href=\"http:\/\/www.korhanyilmaz.com\/wp-content\/uploads\/2009\/10\/KR\u0130Z.jpg\"  class=\"lightview\"><img loading=\"lazy\" decoding=\"async\" class=\"aligncenter size-full wp-image-15736\" src=\"http:\/\/www.korhanyilmaz.com\/wp-content\/uploads\/2009\/10\/KR\u0130Z.jpg\" alt=\"\" width=\"307\" height=\"236\" \/><\/a><\/p>\n<p style=\"text-align: justify;\">Irak ziyareti \u00f6ncesi konu\u015fan Ba\u015fbakan Recep Tayyip Erdo\u011fan, \u0130srail ile ya\u015fanan tatbikat krizi konusunda, &#8220;Bunun \u015fu anda yap\u0131lamayaca\u011f\u0131n\u0131, \u0130srail d\u0131\u015f\u0131nda kat\u0131lan \u00fclkelerle yap\u0131lmas\u0131 veya ertelenmesi konusunu s\u00f6yledik. Bu yakla\u015f\u0131m makul kar\u015f\u0131land\u0131&#8221; dedi.<\/p>\n<p style=\"text-align: justify;\">Esenbo\u011fa Havaliman\u0131&#8217;nda a\u00e7\u0131klamalarda bulunan Erdo\u011fan, gazetecilerin \u0130srail ile ya\u015fanan tatbikat krizi ve ABD&#8217;nin PKK karar\u0131yla ilgili sorular\u0131n\u0131 yan\u0131tlad\u0131. <!--more--><\/p>\n<p style=\"text-align: justify;\">Erdo\u011fan, bir gazetecinin &#8220;\u0130srail&#8217;le T\u00fcrkiye aras\u0131nda tatbikat gerginli\u011fi ya\u015fan\u0131yor. D\u00fcn de \u0130srail&#8217;in T\u00fcrkiye&#8217;ye Heronlar\u0131 teslim etmeyece\u011fi bilgisi geldi. Bunlar\u0131 nas\u0131l de\u011ferlendiriyorsunuz?&#8221; sorusuna, &#8220;Her siyasi iktidar\u0131n kendi \u00fclkesindeki kamuoyunun yakla\u015f\u0131mlar\u0131n\u0131 halk\u0131n\u0131n taleplerini g\u00f6z \u00f6n\u00fcnde bulundurma mecburiyeti vard\u0131r. Bak\u0131n mecburiyeti vard\u0131r, diyorum. Ben halk\u0131m\u0131n taleplerini bir kenara koyamam halk\u0131m\u0131n talebi bu istikamettedir. Daha \u00f6nce verilen e\u011fitim \u00e7al\u0131\u015fmalar\u0131yla ilgili konuda bile bu hassasiyeti g\u00f6sterdiler&#8221; dedi.<\/p>\n<p style=\"text-align: justify;\">&#8220;Bu konuda Silahl\u0131 Kuvvetlerimizin de yapt\u0131\u011f\u0131 a\u00e7\u0131klamalarla bu konudaki tavr\u0131m\u0131z\u0131 s\u00f6yledik&#8221; diyen Erdo\u011fan, &#8220;Fakat tatbikat konusuyla alakal\u0131 olarak da bunun \u015fu anda yap\u0131lamayaca\u011f\u0131n\u0131 bunun \u0130srail d\u0131\u015f\u0131ndaki kat\u0131lan \u00fclkelerle yap\u0131lmas\u0131 veya ertelenmesi konusunu s\u00f6yledik. Bu yakla\u015f\u0131m makul kar\u015f\u0131land\u0131 ve b\u00f6ylece biz e\u011fer yaparsak bunu sadece T\u00fcrkiye olarak tek ba\u015f\u0131m\u0131za yapar\u0131z ama aksi bir halde de bizim i\u00e7in bu bir k\u0131yamet de\u011fildir&#8221; diye konu\u015ftu.<\/p>\n<p style=\"text-align: justify;\">Erdo\u011fan, &#8220;T\u00fcrkiye g\u00fc\u00e7l\u00fc bir \u00fclkedir, kendi karar\u0131n\u0131 kendisi verir. Birilerinin tavsiyesi veya birilerinin talimat\u0131 ile T\u00fcrkiye karar vermez, karar almaz&#8221; ifadesini kulland\u0131.<\/p>\n<p style=\"text-align: justify;\"><strong><em>Heron teslimat\u0131<\/em><\/strong><\/p>\n<p style=\"text-align: justify;\">T\u00fcrkiye ile \u0130srail aras\u0131nda Heronlarla ilgili ve ba\u015fka konularda da bir\u00e7ok anla\u015fma bulundu\u011funu belirten Ba\u015fbakan Erdo\u011fan, &#8220;Bunun tabii uluslararas\u0131 hukuk noktas\u0131nda da ba\u011flay\u0131c\u0131l\u0131klar\u0131 var ama \u015fu ana kadar bana gelmi\u015f resmi bir bilgi yok. Sadece d\u00fcn ald\u0131\u011f\u0131m bir bilgi, \u0130srail radyosu b\u00f6yle bir \u015fey s\u00f6yledi noktas\u0131nda&#8230; Ben medya \u00fczerinden bu t\u00fcr konular\u0131 de\u011ferlendirmem ama bu konuda resmi bir bilgi bize ula\u015ft\u0131\u011f\u0131nda bizim D\u0131\u015fi\u015fleri Bakanl\u0131\u011f\u0131m\u0131z bu konuda \u00e7al\u0131\u015fmalar\u0131n\u0131 yapar, hukuk noktas\u0131nda bu konudaki \u00e7al\u0131\u015fmalar\u0131 yapar\u0131z. Milli Savunma Bakanl\u0131\u011f\u0131m\u0131z, Silahl\u0131 Kuvvetlerimiz biraraya geliriz, \u00e7al\u0131\u015fmalar\u0131m\u0131z\u0131 yapar\u0131z. O zaman da bununla ilgili gerekli a\u00e7\u0131klama yap\u0131l\u0131r&#8221; dedi.<\/p>\n<p style=\"text-align: justify;\">El Arabiya televizyonunun sorular\u0131n\u0131 yan\u0131tlayan Erdo\u011fan, &#8220;halk\u0131n vicdan\u0131na s\u00f6zc\u00fcl\u00fck ettiklerini&#8221; belirterek, halk\u0131n tatbikata \u0130srail&#8217;in kat\u0131lmas\u0131n\u0131 istemedi\u011fini, bu nedenle tatbikat\u0131n uluslararas\u0131 b\u00f6l\u00fcm\u00fcn\u00fc ertelediklerini ifade etmi\u015fti.<\/p>\n<p style=\"text-align: justify;\">Ba\u015fbakan Erdo\u011fan, Davos&#8217;taki \u00e7\u0131k\u0131\u015f\u0131yla ilgili bir soruyu yan\u0131tlarken de, orada &#8220;hak dilinin s\u00f6zc\u00fcs\u00fc olmaya ve hakl\u0131ya hakk\u0131n\u0131 vermeye \u00e7al\u0131\u015ft\u0131\u011f\u0131n\u0131&#8221; bildirdi.<\/p>\n<p style=\"text-align: justify;\"><strong><em>&#8220;Sarkisyan&#8217;\u0131n geli\u015fi s\u0131k\u0131nt\u0131l\u0131 oldu&#8221; <\/em><\/strong><\/p>\n<p style=\"text-align: justify;\">Erdo\u011fan, T\u00fcrkiye-Ermenistan milli futbol ma\u00e7\u0131na ili\u015fkin, &#8220;Say\u0131n Sarkisyan&#8217;\u0131n Ermenistan&#8217;dan buraya geli\u015finin ne t\u00fcr s\u0131k\u0131nt\u0131lar i\u00e7erisinde oldu\u011funu e\u011fer s\u00fcreci yak\u0131ndan takip ettiyseniz hepiniz g\u00f6r\u00fcrs\u00fcn\u00fcz. Kendi i\u00e7inde Say\u0131n Sarkisyan&#8217;\u0131n da s\u0131k\u0131nt\u0131lar\u0131 var. \u0130\u015fte d\u00fcnyada diasporan\u0131n dola\u015ft\u0131\u011f\u0131 \u00fclkelerde ne gibi yakla\u015f\u0131mlar sergiledi\u011fini g\u00f6rd\u00fcn\u00fcz, g\u00f6rd\u00fck. Ayn\u0131 \u015fekilde kendi \u00fclkesindeki muhalifleri taraf\u0131ndan ne gibi s\u0131k\u0131nt\u0131larla kar\u015f\u0131 kar\u015f\u0131ya oldu\u011funu hep beraber izledik. \u00dclkemizde de maalesef buna benzer muhalif gruplar var ama bu muhalif gruplara kar\u015f\u0131 h\u00fck\u00fcmet olarak elimizden gelen t\u00fcm tedbirleri ald\u0131k ve bu tedbirler al\u0131narak da bu milli ma\u00e7 ger\u00e7ekten gayet g\u00fczel bir hava i\u00e7erisinde, bir dostluk i\u00e7erisinde cereyan etti ve bizler de bu ma\u00e7 sebebiyle ger\u00e7ekten mutluyduk&#8221; dedi.<\/p>\n<p style=\"text-align: justify;\">Erdo\u011fan, &#8220;Bug\u00fcn bizim \u00fclkemizde Ermeni vatanda\u015flar\u0131m\u0131z var ve bunlarla i\u00e7 i\u00e7e herhangi bir s\u0131k\u0131nt\u0131 ya\u015famadan, hayat\u0131 devam ettiriyoruz, ettirece\u011fiz. Onlar\u0131n her\u015feyiyle, g\u00fcvenli\u011fi, inanc\u0131 bizim g\u00fcvencemiz alt\u0131nda. Bunun sorumlulu\u011fu, mesuliyeti i\u00e7erisindeyiz. Bu konuda da en ufak farkl\u0131 bir d\u00fc\u015f\u00fcnce s\u00f6z konusu de\u011fildir. Zaman zaman baz\u0131 istenmeyen olumsuz \u015feylerin olmas\u0131 Ermeni vatanda\u015flar\u0131m\u0131za kar\u015f\u0131 bir tav\u0131r olarak de\u011ferlendirilemez. Yani b\u00f6yle bir de\u011ferlendirmenin i\u00e7erisine girmek de T\u00fcrk milletine ve T\u00fcrkiye&#8217;ye haks\u0131zl\u0131k olur&#8221; diye konu\u015ftu.<\/p>\n<p style=\"text-align: justify;\"><strong><em>Bursal\u0131lara te\u015fekk\u00fcr <\/em><\/strong><\/p>\n<p style=\"text-align: justify;\">Stad\u0131n t\u0131kl\u0131m t\u0131kl\u0131m dolu olmas\u0131na ra\u011fmen bu statta T\u00fcrk misafirperverli\u011finin en g\u00fczel \u015fekilde ortaya koyan Bursal\u0131lara ve Bursa d\u0131\u015f\u0131ndan gelen vatanda\u015flara te\u015fekk\u00fcr eden Ba\u015fbakan Erdo\u011fan, &#8220;Ev sahipli\u011fini en g\u00fczel \u015fekilde ortaya koyan vatanda\u015flar\u0131ma, Bursal\u0131 karde\u015flerime, Bursa d\u0131\u015f\u0131ndan da ma\u00e7\u0131 izlemeye gelenler oldu. T\u00fcm halk\u0131ma burada \u00e7ok \u00e7ok te\u015fekk\u00fcr ediyorum. \u00c7\u00fcnk\u00fc bu t\u00fcr zamanlar hakikaten kitle psikolojisinin de gere\u011fi olarak \u00e7ok \u00e7ok b\u00f6yle farkl\u0131 refleksler ortaya koymaya m\u00fcsait zamanlard\u0131r ama ne Bursa halk\u0131 ne de Bursa&#8217;n\u0131n d\u0131\u015f\u0131ndan gelen vatanda\u015f\u0131m b\u00f6yle bir oyuna gelmediler ve ne deniyorsa an\u0131nda buna uydular. F\u0130FA&#8217;n\u0131n son anda g\u00f6ndermi\u015f oldu\u011fu yaz\u0131, medyada yer ald\u0131\u011f\u0131ndan itibaren bir anda oradaki seyircilerin bu konudaki yakla\u015f\u0131m tarz\u0131n\u0131n da nas\u0131l de\u011fi\u015fti\u011fini g\u00f6rmek bizi ayr\u0131ca mutlu etti&#8221; ifadesini kulland\u0131.<\/p>\n<p style=\"text-align: justify;\"><strong><em>ABD&#8217;nin PKK karar\u0131 <\/em><\/strong><\/p>\n<p style=\"text-align: justify;\">Erdo\u011fan, PKK&#8217;n\u0131n \u00fcst d\u00fczey y\u00f6neticilerinin malvarl\u0131klar\u0131na ABD&#8217;de el konulmas\u0131na konusunda da, &#8220;Bunlar bizim y\u0131llar y\u0131l\u0131 konu\u015ftu\u011fumuz konular. Ter\u00f6r \u00f6rg\u00fct\u00fcn\u00fcn en \u00f6nemli gelir kaynaklar\u0131ndan bir tanesi uyu\u015fturucudur. Bunun Amerika aya\u011f\u0131n\u0131n bu \u015fekilde oldu\u011funun Amerikan y\u00f6netimi taraf\u0131ndan ortaya konmu\u015f olmas\u0131 \u00f6nemliydi. Ama bunun Avrupa aya\u011f\u0131 var. Avrupa aya\u011f\u0131 \u00e7ok daha farkl\u0131, \u00e7ok daha g\u00fc\u00e7l\u00fc. Asl\u0131nda Avrupal\u0131 dostlar\u0131m\u0131za biz bunlar\u0131 y\u0131llard\u0131r s\u00f6yl\u00fcyoruz. &#8216;Bak\u0131n&#8217; diyoruz &#8216;Burada b\u00f6yle bir durum var. Bu i\u015fin sermaye boyutunu uyu\u015fturucu ka\u00e7ak\u00e7\u0131l\u0131\u011f\u0131, insan ka\u00e7ak\u00e7\u0131l\u0131\u011f\u0131 buna benzer bir \u00e7ok gayrime\u015fru yollar te\u015fkil ediyor. Bunlar\u0131n \u00fczerinde hassasiyetle durman\u0131z laz\u0131m&#8217;. Hatta bir zamanlar \u00e7ok ciddi paralar da yakaland\u0131 ama bu paralar maalesef farkl\u0131 y\u00f6ntemlerle farkl\u0131 yollarla yine onlara iade edilme durumuna gidildi. Temenni ederiz ki Avrupal\u0131 dostlar\u0131m\u0131z da bu yanl\u0131\u015f\u0131 g\u00f6rerek gerekli tedbirleri&#8230; Bunu dondururlar m\u0131, farkl\u0131 ad\u0131mlar m\u0131 atarlar, bu ad\u0131mlar\u0131 da bekleriz&#8221; dedi.<\/p>\n<p style=\"text-align: justify;\">Bir gazetecinin, &#8220;Irak&#8217;taki temaslar\u0131n\u0131zda PKK ile m\u00fccadelenin de g\u00fcndeme gelece\u011fini s\u00f6ylediniz. Bu \u00e7er\u00e7evede Mahmur kamp\u0131, ter\u00f6r kamplar\u0131n\u0131n kapat\u0131lmas\u0131 g\u00fcndeme gelecek mi?&#8221; sorusuna, &#8220;Ter\u00f6rle ilgili olarak demokratik a\u00e7\u0131l\u0131m s\u00fcrecimizin en \u00f6nemli ba\u015fl\u0131\u011f\u0131 diye bunu s\u00fcrekli ifade ediyorum. Tabii ki ter\u00f6r sorununu \u00e7\u00f6zmede, bu sorunu minimize etmede \u00f6zellikle da\u011f olay\u0131n\u0131n \u00e7ok iyi de\u011ferlendirilmesi gerekiyor. Burada tabii ortak \u00e7al\u0131\u015fma yap\u0131lmas\u0131 gereken, birinci derecede Irak&#8217;t\u0131r. \u00d6zellikle Kuzey Irak&#8217;t\u0131r&#8221; diye konu\u015ftu.<\/p>\n<p style=\"text-align: justify;\">&#8220;Bu konudaki \u00e7al\u0131\u015fmalar\u0131m\u0131z\u0131, zaten \u00fc\u00e7l\u00fc olarak Irak-T\u00fcrkiye-ABD \u0130\u00e7i\u015fleri bakanlar\u0131m\u0131z\u0131n bir araya gelmek suretiyle yapt\u0131klar\u0131 \u00e7al\u0131\u015fmalar var biliyorsunuz. Bu g\u00fcvenlik mekanizmas\u0131 zaten i\u015fliyor. Bunun ba\u015flama s\u00fcreci 5 Kas\u0131m 2007&#8217;dir. Bizim ABD seyahatimizde o zaman ABD Ba\u015fkan\u0131 Say\u0131n Bush ile yap\u0131lan bir a\u00e7\u0131klamad\u0131r. &#8216;PKK ter\u00f6r \u00f6rg\u00fct\u00fc d\u00fc\u015fman\u0131m\u0131zd\u0131r, Irak&#8217;\u0131n da d\u00fc\u015fman\u0131d\u0131r, T\u00fcrkiye&#8217;nin de, bizim de d\u00fc\u015fman\u0131m\u0131zd\u0131r&#8217; diye ilan ettikleri o s\u00fcre\u00e7ten itibaren bir ortak \u00e7al\u0131\u015fma ba\u015flam\u0131\u015ft\u0131r ve burada hedefimiz, bu demokratik a\u00e7\u0131l\u0131mla her \u015feyin \u00e7\u00f6z\u00fcm\u00fcd\u00fcr&#8221; diyen Ba\u015fbakan, &#8220;Bu konuda ad\u0131mlar\u0131 samimi bir \u015fekilde ataca\u011f\u0131z&#8221; dedi.<\/p>\n<p style=\"text-align: justify;\"><strong><em>Baykal&#8217;a telefon edebilir <\/em><\/strong><\/p>\n<p style=\"text-align: justify;\">Erdo\u011fan, bir gazetecinin, CHP Genel Ba\u015fkan\u0131 Deniz Baykal&#8217;\u0131n, demokratik a\u00e7\u0131l\u0131mla ilgili yap\u0131lacak g\u00f6r\u00fc\u015fmenin kamerayla kaydedilmesi \u015fart\u0131n\u0131n hat\u0131rlat\u0131lmas\u0131 \u00fczerine de, &#8220;Anamuhalefet partisinin liderine benim yazd\u0131\u011f\u0131m mektup, bu sorular\u0131n\u0131z\u0131n cevab\u0131n\u0131 zaten kapsamaktad\u0131r. Anamuhalefet partisi liderinin talep etti\u011fi kamera konusu, vesaire zaten sizler gere\u011fini yaz\u0131p \u00e7iziyorsunuz. Ben de \u00e7ok \u015feyleri bu arada \u00f6\u011frenmi\u015f oluyorum. Cevab\u0131m\u0131 verdi\u011fimde zaten bu g\u00f6r\u00fc\u015fmeyle ilgili, niteli\u011fi de ortada olacak. Belki de kendilerini bir telefonla da aray\u0131p, g\u00f6r\u00fc\u015fmemizin nas\u0131l \u00e7ok daha sa\u011fl\u0131kl\u0131 olabilece\u011fi hususunu kendisiyle telefonda bir tezekk\u00fcr etmeyi de d\u00fc\u015f\u00fcn\u00fcyorum&#8221; ifadesini kulland\u0131.<\/p>\n<p style=\"text-align: justify;\">Ba\u015fbakan Erdo\u011fan, Baykal ile g\u00f6r\u00fc\u015fmenin hangi tarihte yap\u0131laca\u011f\u0131na ili\u015fkin soruya da &#8220;A\u00e7\u0131klayaca\u011f\u0131z&#8221; yan\u0131t\u0131n\u0131 verdi.<\/p>\n<p style=\"text-align: justify;\"><strong><em>Konseyde g\u00fcndeme gelecek konular <\/em><\/strong><\/p>\n<p style=\"text-align: justify;\">&#8220;Irak&#8217;\u0131n kuzeyinden kaynaklanan ve \u00fclkemizi tehdit eden PKK ter\u00f6r\u00fc de Stratejik \u0130\u015fbirli\u011fi Konseyi kapsam\u0131nda ele alaca\u011f\u0131m\u0131z \u00f6nemli konu ba\u015fl\u0131klar\u0131ndan biri olacakt\u0131r&#8221; diyen Erdo\u011fan, &#8220;Ter\u00f6rle m\u00fccadelede etkin sonu\u00e7 al\u0131nmas\u0131n\u0131 sa\u011flayacak tedbirleri uygulamaya koydu\u011fumuz s\u00fcre\u00e7 \u00e7er\u00e7evesinde Irak h\u00fck\u00fcmetinin somut ve kuvvetli i\u015fbirli\u011fini ve deste\u011fini bekledi\u011fimizi Irak&#8217;taki temaslar\u0131m\u0131zda g\u00fcndeme getirece\u011fiz. Kald\u0131 ki bu g\u00fcne kadar yapt\u0131\u011f\u0131m\u0131z \u00e7al\u0131\u015fmalarda bu konuda Irak merkezi h\u00fck\u00fcmeti olumlu yakla\u015f\u0131m\u0131n\u0131 s\u00fcrekli ortaya koymu\u015ftur ve bunu da \u00e7ok a\u00e7\u0131k net g\u00f6stermi\u015ftir&#8221; diye konu\u015ftu.<\/p>\n<p style=\"text-align: justify;\">Y\u00fcksek D\u00fczeyli Stratejik \u0130\u015fbirli\u011fi Konseyi \u00e7al\u0131\u015fmalar\u0131ndan ayr\u0131 olarak kendisinin Irak Ba\u015fbakan\u0131 Nuri el Maliki, Cumhurba\u015fkan\u0131 Celal Talabani ve yard\u0131mc\u0131lar\u0131 Tar\u0131k Ha\u015fimi, Adil Abd\u00fclmehdi ve Meclis Ba\u015fkan\u0131 Ayad el Samarrayi ile ikili g\u00f6r\u00fc\u015fmeleri olaca\u011f\u0131n\u0131 bildiren Erdo\u011fan, g\u00f6r\u00fc\u015fmelerde Irak&#8217;taki son durum ve b\u00f6lgedeki geli\u015fmeleri ele alacaklar\u0131n\u0131 da anlatt\u0131.<\/p>\n<p style=\"text-align: justify;\"><strong><em>&#8220;Son y\u0131llar\u0131n en \u00f6nemli temaslar\u0131ndan biri&#8221; <\/em><\/strong><\/p>\n<p style=\"text-align: justify;\">Ocak ay\u0131nda Irak&#8217;ta se\u00e7imlerin yap\u0131laca\u011f\u0131n\u0131 an\u0131msatan Ba\u015fbakan Erdo\u011fan, yapt\u0131klar\u0131 ziyaretin bu bak\u0131mdan farkl\u0131 bir anlam\u0131 oldu\u011funu bildirdi.<\/p>\n<p style=\"text-align: justify;\">&#8220;Temenni ediyorum ki gerek heyetimizin te\u015fkili gerek g\u00f6r\u00fc\u015fece\u011fimiz dosyalar\u0131n kabar\u0131kl\u0131\u011f\u0131 bak\u0131m\u0131ndan Irak&#8217;a adeta bir dostluk \u00e7\u0131karmas\u0131 ger\u00e7ekle\u015ftiriyoruz ve hedefimiz de budur&#8221; diyen Erdo\u011fan, \u015f\u00f6yle devam etti:<\/p>\n<p style=\"text-align: justify;\">&#8220;Irak&#8217;\u0131n dirli\u011fi, beraberli\u011fi, \u00e7ok daha k\u0131sa zamanda de\u011fi\u015fim d\u00f6n\u00fc\u015f\u00fcm\u00fcn\u00fcn sa\u011flanmas\u0131na T\u00fcrkiye olarak gerek tarihten gelen gerek de\u011ferler a\u00e7\u0131s\u0131ndan olan birlikteli\u011fimiz noktas\u0131nda da bir dayan\u0131\u015fman\u0131n, bir payla\u015f\u0131m\u0131n bu noktada sa\u011flanmas\u0131d\u0131r. Bu yo\u011funlukta bir program ve kalabal\u0131k heyetle son y\u0131llar\u0131n en \u00f6nemli temaslar\u0131ndan biri olaca\u011f\u0131na inan\u0131yorum. Yan\u0131m\u0131zda tabii \u00e7ok ciddi say\u0131da bir i\u015f adamlar\u0131 grubunu g\u00f6t\u00fcr\u00fcyoruz ve i\u015f adamlar\u0131m\u0131z da yine orada muhataplar\u0131yla ilgili oradaki bakanlarla ayn\u0131 zamanda bakan arkada\u015flar\u0131m\u0131z\u0131n riyasetinde toplant\u0131 yapacaklar ve temenni ederim ki sekt\u00f6rel anlamda da onlar\u0131n baz\u0131 anla\u015fmalar\u0131 ger\u00e7ekle\u015ftirmeleri b\u00fcy\u00fck \u00f6nem arz etmektedir.&#8221;<\/p>\n<p style=\"text-align: justify;\"><strong><em>Irak ziyareti <\/em><\/strong><\/p>\n<p style=\"text-align: justify;\">T\u00fcrkiye-Irak Y\u00fcksek D\u00fczeyli Stratejik \u0130\u015fbirli\u011fi Konseyi&#8217;nin ba\u015fkanlar d\u00fczeyindeki toplant\u0131s\u0131na kat\u0131lmak \u00fczere Irak&#8217;a giden Erdo\u011fan&#8217;a 9 bakan e\u015flik ediyor.<\/p>\n<p style=\"text-align: justify;\">Erdo\u011fan&#8217;a, Ba\u011fdat&#8217;a d\u00fczenleyece\u011fi g\u00fcn\u00fcbirlik ziyarette, Y\u00fcksek D\u00fczeyli Stratejik \u0130\u015fbirli\u011fi Konseyi \u00e7al\u0131\u015fmalar\u0131n\u0131n e\u015f g\u00fcd\u00fcm\u00fcnden sorumlu D\u0131\u015fi\u015fleri Bakan\u0131 Ahmet Davuto\u011flu ile Konsey b\u00fcnyesinde g\u00f6revli d\u0131\u015f ticaretten sorumlu Devlet Bakan\u0131 Zafer \u00c7a\u011flayan, \u0130\u00e7i\u015fleri Bakan\u0131 Be\u015fir Atalay, Bay\u0131nd\u0131rl\u0131k ve \u0130skan Bakan\u0131 Mustafa Demir, Sa\u011fl\u0131k Bakan\u0131 Recep Akda\u011f, Ula\u015ft\u0131rma Bakan\u0131 Binali Y\u0131ld\u0131r\u0131m, Tar\u0131m ve K\u00f6yi\u015fleri Bakan\u0131 Mehdi Eker, Enerji ve Tabii Kaynaklar Bakan\u0131 Taner Y\u0131ld\u0131z ile \u00c7evre ve Orman Bakan\u0131 Veysel Ero\u011flu e\u015flik ediyor.<\/p>\n<p style=\"text-align: justify;\">Ba\u015fbakan Erdo\u011fan&#8217;\u0131n heyetinde ayr\u0131ca, 30&#8217;a yak\u0131n i\u015f adam\u0131 ve \u00fcst d\u00fczey b\u00fcrokratlar yer al\u0131yor.<\/p>\n<p style=\"text-align: justify;\">Ba\u015fbakan Erdo\u011fan ayr\u0131ca, Irak Ba\u015fbakan\u0131 Nuri El Maliki, T\u00fcrkiye-Irak Ortak Kabine toplant\u0131s\u0131&#8217;na e\u015f ba\u015fkanl\u0131k edecek.<\/p>\n<p style=\"text-align: justify;\">Ziyaret s\u0131ras\u0131nda, Ortak Kabine toplant\u0131s\u0131n\u0131n ard\u0131ndan \u0130stanbul&#8217;da 17-18 Eyl\u00fcl 2009 tarihlerinde d\u00fczenlenen Y\u00fcksek D\u00fczeyli Stratejik \u0130\u015fbirli\u011fi Konseyi Birinci Bakanlar toplant\u0131s\u0131 s\u0131ras\u0131nda \u00fczerinde mutab\u0131k kal\u0131nan mutabakat muht\u0131ralar\u0131n\u0131n ilgili bakanlar aras\u0131nda imzalanmas\u0131 \u00f6ng\u00f6r\u00fcl\u00fcyor.<\/p>\n<p style=\"text-align: justify;\">\u00d6te yandan, Ba\u015fbakan Erdo\u011fan, temaslar\u0131 kapsam\u0131nda Irak Ba\u015fbakan\u0131 Maliki&#8217;nin yan\u0131 s\u0131ra, Cumhurba\u015fkan\u0131 Celal Talabani, Meclis Ba\u015fkan\u0131 Ayad El Samarrai ve Cumhurba\u015fkan\u0131 Yard\u0131mc\u0131lar\u0131 Tar\u0131k Ha\u015fimi ve Adil Abd\u00fclmehdi ile ikili g\u00f6r\u00fc\u015fmeler yapacak.<\/p>\n<p style=\"text-align: justify;\"><span style=\"color: #888888;\">CNN T\u00dcRK<\/span><\/p>\n","protected":false},"excerpt":{"rendered":"<p style=\"text-align: center;\">\n<p style=\"text-align: justify;\">Irak ziyareti \u00f6ncesi konu\u015fan Ba\u015fbakan Recep Tayyip Erdo\u011fan, \u0130srail ile ya\u015fanan tatbikat krizi konusunda, &#8220;Bunun \u015fu anda yap\u0131lamayaca\u011f\u0131n\u0131, \u0130srail d\u0131\u015f\u0131nda kat\u0131lan \u00fclkelerle yap\u0131lmas\u0131 veya ertelenmesi konusunu s\u00f6yledik. Bu yakla\u015f\u0131m makul kar\u015f\u0131land\u0131&#8221; dedi.<\/p>\n<p style=\"text-align: justify;\">Esenbo\u011fa Havaliman\u0131&#8217;nda a\u00e7\u0131klamalarda bulunan Erdo\u011fan, gazetecilerin \u0130srail ile ya\u015fanan tatbikat krizi ve ABD&#8217;nin PKK karar\u0131yla ilgili <\/p>\n","protected":false},"author":1,"featured_media":0,"comment_status":"open","ping_status":"closed","sticky":false,"template":"","format":"standard","meta":{"footnotes":""},"categories":[105],"tags":[],"class_list":["post-15735","post","type-post","status-publish","format-standard","hentry","category-gundem","odd"],"_links":{"self":[{"href":"http:\/\/www.korhanyilmaz.com\/index.php?rest_route=\/wp\/v2\/posts\/15735","targetHints":{"allow":["GET"]}}],"collection":[{"href":"http:\/\/www.korhanyilmaz.com\/index.php?rest_route=\/wp\/v2\/posts"}],"about":[{"href":"http:\/\/www.korhanyilmaz.com\/index.php?rest_route=\/wp\/v2\/types\/post"}],"author":[{"embeddable":true,"href":"http:\/\/www.korhanyilmaz.com\/index.php?rest_route=\/wp\/v2\/users\/1"}],"replies":[{"embeddable":true,"href":"http:\/\/www.korhanyilmaz.com\/index.php?rest_route=%2Fwp%2Fv2%2Fcomments&post=15735"}],"version-history":[{"count":0,"href":"http:\/\/www.korhanyilmaz.com\/index.php?rest_route=\/wp\/v2\/posts\/15735\/revisions"}],"wp:attachment":[{"href":"http:\/\/www.korhanyilmaz.com\/index.php?rest_route=%2Fwp%2Fv2%2Fmedia&parent=15735"}],"wp:term":[{"taxonomy":"category","embeddable":true,"href":"http:\/\/www.korhanyilmaz.com\/index.php?rest_route=%2Fwp%2Fv2%2Fcategories&post=15735"},{"taxonomy":"post_tag","embeddable":true,"href":"http:\/\/www.korhanyilmaz.com\/index.php?rest_route=%2Fwp%2Fv2%2Ftags&post=15735"}],"curies":[{"name":"wp","href":"https:\/\/api.w.org\/{rel}","templated":true}]}}