{"id":15721,"date":"2009-10-14T10:52:57","date_gmt":"2009-10-14T07:52:57","guid":{"rendered":"http:\/\/www.korhanyilmaz.com\/?p=15721"},"modified":"2009-10-14T10:52:57","modified_gmt":"2009-10-14T07:52:57","slug":"lodos-firtina-ve-yagmur-felc-etti","status":"publish","type":"post","link":"http:\/\/www.korhanyilmaz.com\/?p=15721","title":{"rendered":"Lodos, f\u0131rt\u0131na ve ya\u011fmur fel\u00e7 etti"},"content":{"rendered":"<p style=\"text-align: center;\"><a href=\"http:\/\/www.korhanyilmaz.com\/wp-content\/uploads\/2009\/10\/lodos.jpg\"  class=\"lightview\"><img loading=\"lazy\" decoding=\"async\" class=\"aligncenter size-full wp-image-15722\" src=\"http:\/\/www.korhanyilmaz.com\/wp-content\/uploads\/2009\/10\/lodos.jpg\" alt=\"\" width=\"269\" height=\"207\" \/><\/a><\/p>\n<p style=\"text-align: justify;\">\u00d6zellikle bat\u0131 b\u00f6lgelerde f\u0131rt\u0131na ve lodos hayat\u0131 olumsuz etkiledi. Bug\u00fcn de Bat\u0131 Akdeniz&#8217;de kuvvetli ya\u011f\u0131\u015f bekleniyor.<\/p>\n<p style=\"text-align: justify;\"><strong><em>\u0130STANBUL:<\/em><\/strong><\/p>\n<p style=\"text-align: justify;\">\u0130stanbul&#8217;da beklenen ya\u011f\u0131\u015f d\u00fcn ak\u015fam saatlerinden itibaren etkisini g\u00f6sterdi.<\/p>\n<p style=\"text-align: justify;\">Ya\u011fmura haz\u0131rl\u0131ks\u0131z yakalanan \u0130stanbullular, sa\u011fanak ya\u011f\u0131\u015ftan kafalar\u0131na ge\u00e7irdikleri po\u015fetler ve \u015femsiyelerle korunmaya \u00e7al\u0131\u015ft\u0131.<\/p>\n<p style=\"text-align: justify;\">G\u00fcnlerdir olumsuz etkilerine kar\u015f\u0131 yetkililerin uyard\u0131\u011f\u0131 lodos denizde ve karada etkisini hissettirdi.<\/p>\n<p style=\"text-align: justify;\">\u015eiddetli r\u00fczgar denizde metrelerce dalgan\u0131n olu\u015fmas\u0131na neden oldu. 3 metreye bulan dalgalar k\u0131y\u0131y\u0131 d\u00f6vd\u00fc. Hareket edemeyen Marmara&#8217;daki onlarca gemi demir atmak zorunda kald\u0131. <!--more--><\/p>\n<p style=\"text-align: justify;\">Lodos nedeniyle \u015ei\u015fli, Bak\u0131rk\u00f6y, Kemerburgaz, Mecidiyek\u00f6y ve Kad\u0131k\u00f6y&#8217;de a\u011fa\u00e7lar yollara devrildi, baz\u0131 ara\u00e7larda maddi hasar meydana geldi. Devrilen a\u011fa\u00e7lar itfaiyenin \u00e7al\u0131\u015fmas\u0131 sonucu kald\u0131r\u0131ld\u0131.<\/p>\n<p style=\"text-align: justify;\">\u015ei\u015fli Fetihtepe Mahallesi Tepe\u00fcst\u00fc Sokak&#8217;taki 5 katl\u0131 binan\u0131n \u00e7at\u0131s\u0131, lodos dolay\u0131s\u0131yla k\u0131smen \u00e7\u00f6kt\u00fc. Kentte lodosla sa\u011fanak ya\u011f\u0131\u015f da etkili olurken, \u00e7ok say\u0131da maddi hasarl\u0131 trafik kazas\u0131 meydana geldi.<\/p>\n<p style=\"text-align: justify;\"><strong><em>Taksim&#8217;de \u00e7at\u0131 u\u00e7tu<\/em><\/strong><\/p>\n<p style=\"text-align: justify;\">D\u00fcn ak\u015fam saatlerinde saatteki h\u0131z\u0131 70 kilometreyi bulan r\u00fczgar \u00e7ok say\u0131da a\u011fac\u0131 devirdi, baz\u0131 evlerin \u00e7at\u0131s\u0131n\u0131 u\u00e7urdu.<\/p>\n<p style=\"text-align: justify;\">Yol kenar\u0131ndaki trafik levhalar\u0131 ve reklam panolar\u0131 yerlerinden s\u00f6k\u00fcld\u00fc. S\u0131raselviler Caddesi Hoca Zade Sokak&#8217;ta bir apartman\u0131n \u00e7at\u0131s\u0131 hasar g\u00f6rd\u00fc.<\/p>\n<p style=\"text-align: justify;\">\u00c7at\u0131dan kopan metal yal\u0131t\u0131m malzemesi soka\u011fa d\u00fc\u015ft\u00fc. Bu s\u0131rada yoldan ge\u00e7en Sinan Ko\u00e7, yan\u0131ndaki k\u0131z arkada\u015f\u0131n\u0131 kenara itirek kurtard\u0131, ancak kendisi ka\u00e7amad\u0131. Kopan par\u00e7an\u0131n ba\u015f\u0131na isabet etti\u011fi Ko\u00e7 a\u011f\u0131r yaraland\u0131.<\/p>\n<p style=\"text-align: justify;\">\u00c7a\u011fr\u0131lan ambulansla Taksim \u0130lk Yard\u0131m E\u011fitim ve Ara\u015ft\u0131rma Hastanesi&#8217;ne kald\u0131r\u0131lan Sinan Ko\u00e7 tedaviye al\u0131nd\u0131.<\/p>\n<p style=\"text-align: justify;\">Lodos f\u0131rt\u0131nas\u0131 nedeniyle saat 15.00&#8217;ten itibaren Bostanc\u0131-Kad\u0131k\u00f6y-Bak\u0131rk\u00f6y ve Bostanc\u0131-Kabata\u015f deniz otob\u00fcs\u00fc seferleri iptal edildi.<\/p>\n<p style=\"text-align: justify;\">Ayr\u0131ca, 16.00&#8217;daki Kabata\u015f-Kad\u0131k\u00f6y-Band\u0131rma seferi, yine 16.00&#8217;daki Kabata\u015f-Kad\u0131k\u00f6y-G\u00fczelyal\u0131 deniz otob\u00fcs\u00fc, 18.00&#8217;deki Bostanc\u0131-Yenikap\u0131-Band\u0131rma deniz otob\u00fcs\u00fc ve 18.15&#8217;teki Bostanc\u0131-Yenikap\u0131-Armutlu deniz otob\u00fcs\u00fc seferleri iptal oldu.<\/p>\n<p style=\"text-align: justify;\"><strong><em>Hava trafi\u011fi de etkilendi <\/em><\/strong><\/p>\n<p style=\"text-align: justify;\">\u0130stanbul&#8217;u etkisi alt\u0131na alan f\u0131rt\u0131na, hava trafi\u011fini de olumsuz etkiledi.<\/p>\n<p style=\"text-align: justify;\">R\u00fczgar y\u00f6n\u00fcn\u00fcn s\u00fcrekli de\u011fi\u015fmesi nedeniyle pilotlar \u0130stanbul Atat\u00fcrk Havaliman\u0131&#8217;na yakla\u015fmakta zorlu dakikalar ya\u015fad\u0131.<\/p>\n<p style=\"text-align: justify;\">Atat\u00fcrk Havaliman\u0131&#8217;n\u0131n 18-36 sol pistine ini\u015f i\u00e7in yakla\u015fan yolcu u\u00e7aklar\u0131 h\u0131z\u0131 zaman zaman artarak 75 kilometreye \u00e7\u0131kan ve s\u0131k s\u0131k y\u00f6n de\u011fi\u015ftiren r\u00fczgar nedeniyle oto pilot sistemini devre d\u0131\u015f\u0131 b\u0131rakarak manuel yakla\u015fmak zorunda kald\u0131.<\/p>\n<p style=\"text-align: justify;\">Zaman zaman sa\u011fa-sola yalpalayan u\u00e7aklar\u0131n ini\u015f i\u00e7in yakla\u015fmas\u0131 s\u0131ras\u0131nda ilgin\u00e7 g\u00f6r\u00fcnt\u00fclere sahne oldu.<\/p>\n<p style=\"text-align: justify;\">Havaliman\u0131 yetkilileri a\u015f\u0131r\u0131 r\u00fczgar nedeniyle apronda \u00f6nlem ald\u0131klar\u0131n\u0131 belirtirken hava trafi\u011finin de kontroll\u00fc olarak verildi\u011fine dikkat \u00e7ekti.<\/p>\n<p style=\"text-align: justify;\">Hava s\u0131cakl\u0131klar\u0131nda da 6-8 derece azalma bekleniyor.<\/p>\n<p style=\"text-align: justify;\">Bug\u00fcn hava par\u00e7al\u0131 bulutlu ve sabah saatlerinde hafif sa\u011fanak ya\u011f\u0131\u015fl\u0131. S\u0131cakl\u0131k yar\u0131n artacak.<\/p>\n<p style=\"text-align: justify;\">Cuma g\u00fcn\u00fc ise \u0130stanbul genelinin yeni bir ya\u011f\u0131\u015fl\u0131 havan\u0131n etkisi alt\u0131na girmesi bekleniyor.<\/p>\n<p style=\"text-align: justify;\"><em><strong>TEK\u0130RDA\u011e:<\/strong><\/em><\/p>\n<p style=\"text-align: justify;\">Tekirda\u011f ve \u015eark\u00f6y il\u00e7esinde, Lodosun etkisini kaybetmesiyle deniz ula\u015f\u0131m\u0131 normale d\u00f6nd\u00fc.<\/p>\n<p style=\"text-align: justify;\">D\u00fcn saatteki h\u0131z\u0131 68 kilometreye ula\u015fan f\u0131rt\u0131na nedeniyle iptal edilen Tekirda\u011f-Erdek, Marmara Adas\u0131, Band\u0131rma ve Karabiga aras\u0131ndaki seferlere bug\u00fcn yeniden ba\u015fland\u0131. F\u0131rt\u0131na nedeniyle gece saatlerinde \u015eark\u00f6y sahillerine demirleyen gemi say\u0131s\u0131 63&#8217;e ula\u015ft\u0131.<\/p>\n<p style=\"text-align: justify;\">T\u00fcm \u0131\u015f\u0131klar\u0131n\u0131 yakarak geceyi \u015eark\u00f6y&#8217;de ge\u00e7iren yerli ve yabanc\u0131 band\u0131ral\u0131 \u015filep ve tankerlerden 54&#8217;\u00fc f\u0131rt\u0131nan\u0131n etkisini kaybetmesiyle sabahleyin \u015eark\u00f6y&#8217;den demir alarak bo\u011fazlardan ge\u00e7mek \u00fczere rotalar\u0131na g\u00f6re hareket etti, 9 gemi ise hava ko\u015fullar\u0131n\u0131n daha da d\u00fczelmesi i\u00e7in \u015eark\u00f6y&#8217;de demirli bekliyor.<\/p>\n<p style=\"text-align: justify;\">Bu arada d\u00fcn bal\u0131\u011fa \u00e7\u0131kmayan ve f\u0131rt\u0131nan\u0131n ba\u015flamas\u0131yla geri d\u00f6nen bal\u0131k\u00e7\u0131 tekneleri, bu g\u00fcn de denize a\u00e7\u0131lamad\u0131.<\/p>\n<p style=\"text-align: justify;\"><strong><em>\u00c7ANAKKALE:<\/em><\/strong><\/p>\n<p style=\"text-align: justify;\">\u00c7anakkale Bo\u011faz\u0131&#8217;nda etkili olan lodos, deniz ula\u015f\u0131m\u0131nda aksakl\u0131klara neden oldu. Bo\u011faz \u015fiddetli f\u0131rt\u0131na nedeniyle transit gemi ge\u00e7i\u015flerine kapat\u0131ld\u0131.<\/p>\n<p style=\"text-align: justify;\">Saatteki h\u0131z\u0131 zaman zaman 60-70 kilometreye ula\u015fan f\u0131rt\u0131na nedeniyle, \u00c7anakkale Bo\u011faz\u0131&#8217;ndan ge\u00e7en gemilere verilen k\u0131lavuz kaptan hizmeti de durduruldu.<\/p>\n<p style=\"text-align: justify;\">Gemi Trafik Hizmetleri yetkilileri taraf\u0131ndan telsizden T\u00fcrk\u00e7e ve \u0130ngilizce anons yap\u0131l\u0131p, gemi kaptanlar\u0131n\u0131n hava muhalefeti nedeniyle dikkatli seyretmeleri ve gerekli tedbirleri almalar\u0131 istendi.<\/p>\n<p style=\"text-align: justify;\">\u00d6te yandan, \u00c7anakkale Bo\u011faz\u0131&#8217;ndan ge\u00e7mek isteyen, ancak r\u00fczgar\u0131n dinmesini bekleyen yakla\u015f\u0131k 20 gemi, bo\u011faz\u0131n kuzey ve g\u00fcney giri\u015finde demir att\u0131.<\/p>\n<p style=\"text-align: justify;\">\u00c7anakkale&#8217;de \u00f6\u011fle saatlerinden sonra \u015fiddetini iyice art\u0131ran lodos f\u0131rt\u0131nas\u0131 a\u011fa\u00e7lar\u0131 devirdi. Bir a\u011fa\u00e7, park halindeki otomobile zarar verdi.<\/p>\n<p style=\"text-align: justify;\">\u015eiddetli lodosun azizli\u011fine u\u011frayan ilk a\u011fa\u00e7 Belediye \u0130\u015f Merkezi yan\u0131ndaki parkta bulunan kavak oldu.<\/p>\n<p style=\"text-align: justify;\">Ard\u0131ndan Fevzipa\u015fa Mahallesi&#8217;nde bulunan \u00c7anakkale Onsekiz Mart \u00dcniversitesi G\u00fczel Sanatlar Fak\u00fcltesi&#8217;ne ba\u011fl\u0131 Nedime Han\u0131m Dostluk Evi bah\u00e7esindeki kavak a\u011fac\u0131ndan kopan y\u00fczlerce kilo a\u011f\u0131rl\u0131\u011f\u0131ndaki b\u00fcy\u00fck dal par\u00e7as\u0131, park halindeki 17 EU 164 plakal\u0131 bir arac\u0131n \u00fczerine d\u00fc\u015ft\u00fc.<\/p>\n<p style=\"text-align: justify;\">Bu s\u0131rada ara\u00e7ta ve sokakta kimsenin bulunmamas\u0131 olas\u0131 bir faciay\u0131 \u00f6nledi. A\u011fac\u0131n otomobil \u00fczerine devrilmesiyle olu\u015fan g\u00fcr\u00fclt\u00fc ise G\u00fczel Sanatlar Fak\u00fcltesi binas\u0131nda derste olan \u00f6\u011frencileri ve mahalle sakinlerini korkuttu.<\/p>\n<p style=\"text-align: justify;\">\u00d6te yandan Gelibolu&#8217;daki Piri Reis \u0130lk\u00f6\u011fretim Okulu bah\u00e7esinde bulunan akasya a\u011fac\u0131 da \u015fiddetli lodos nedeniyle devrildi. A\u011fac\u0131n g\u00f6vdesi okul bah\u00e7esinin i\u00e7inde kald\u0131, dallar\u0131 ise duvar dibinde park halindeki otomobilde hafif maddi hasara yol a\u00e7t\u0131.<\/p>\n<p style=\"text-align: justify;\"><strong><em>Lodos Edremit K\u00f6rfezi&#8217;nde de etkili oldu. <\/em><\/strong><\/p>\n<p style=\"text-align: justify;\">Edremit il\u00e7esi ile Ak\u00e7ay, G\u00fcre ve Alt\u0131noluk beldelerinde lodosla olu\u015fan ve yakla\u015f\u0131k 3 metreyi bulan dalgalar, sahildeki b\u00fcfelere zarar verdi. B\u00f6lgede ayr\u0131ca \u00e7ok say\u0131da maddi hasarl\u0131 trafik kazas\u0131n\u0131n meydana geldi\u011fi bildirildi.<\/p>\n<p style=\"text-align: justify;\"><strong><em>ANTALYA:<\/em><\/strong><\/p>\n<p style=\"text-align: justify;\">Antalya&#8217;n\u0131n Kumluca il\u00e7esine ba\u011fl\u0131 Be\u015fik\u00e7i k\u00f6y\u00fc ile Olimpos tatil beldesinde meydana gelen sel y\u00fcz\u00fcnden baz\u0131 seralar ve evleri su bast\u0131, otomobiller denize s\u00fcr\u00fcklendi.<\/p>\n<p style=\"text-align: justify;\">Sabaha kar\u015f\u0131 ya\u011fan \u015fiddetli ya\u011fmur nedeniyle, Kumluca&#8217;n\u0131n Beykonak beldesi yak\u0131n\u0131ndaki Be\u015fik\u00e7i k\u00f6y\u00fcndeki dere, a\u011fa\u00e7 par\u00e7alar\u0131 ve molozlar\u0131n dereyi t\u0131kamas\u0131 sonucu ta\u015fk\u0131n meydana geldi.<\/p>\n<p style=\"text-align: justify;\">Ta\u015fk\u0131n y\u00fcz\u00fcnden k\u00f6ydeki 50 kadar sera ile 50 kadar evi su bast\u0131. Kumluca-Antalya karayolunun iki kesiminde de, selin ta\u015f\u0131d\u0131\u011f\u0131 molozlar\u0131n kara yoluna birikmesi y\u00fcz\u00fcnden yol ula\u015f\u0131ma kapand\u0131.<\/p>\n<p style=\"text-align: justify;\">Olimpos&#8217;ta ise k\u00f6y\u00fcn i\u00e7inden ge\u00e7en derenin ta\u015fmas\u0131 sonucu baz\u0131 restoranlar\u0131 ve bungalovlar\u0131 su basarken, dere kenar\u0131na park edilmi\u015f baz\u0131 otomobiller denize s\u00fcr\u00fcklendi.<\/p>\n<p style=\"text-align: justify;\"><strong><em>Bat\u0131 Akdeniz&#8217;de ya\u011f\u0131\u015f bekleniyor <\/em><\/strong><\/p>\n<p style=\"text-align: justify;\">Devlet Meteoroloji \u0130\u015fleri Genel M\u00fcd\u00fcrl\u00fc\u011f\u00fc&#8217;nden yap\u0131lan meteorolojik uyar\u0131da, Antalya il merkezi, Alanya, Gazipa\u015fa, Kumluca, Manavgat, Serik, Aksu, Akseki, \u0130brad\u0131 ve Korkuteli il\u00e7eleri ile Isparta ve Burdur&#8217;da saat 23.00&#8217;e kadar g\u00f6kg\u00fcr\u00fclt\u00fcl\u00fc sa\u011fanak ya\u011f\u0131\u015f beklendi\u011fi bildirildi.<\/p>\n<p style=\"text-align: justify;\">Uyar\u0131da, yetkililer ile vatanda\u015flar\u0131n ani sel, su bask\u0131n\u0131, heyelan, kuvvetli r\u00fczgar, y\u0131ld\u0131r\u0131m d\u00fc\u015fmesi ve ula\u015f\u0131mda ya\u015fanabilecek aksamalara kar\u015f\u0131 tedbirli olmalar\u0131 istendi.<\/p>\n<p style=\"text-align: justify;\"><span style=\"color: #888888;\">CNN T\u00dcRK<\/span><\/p>\n","protected":false},"excerpt":{"rendered":"<p style=\"text-align: center;\">\n<p style=\"text-align: justify;\">\u00d6zellikle bat\u0131 b\u00f6lgelerde f\u0131rt\u0131na ve lodos hayat\u0131 olumsuz etkiledi. Bug\u00fcn de Bat\u0131 Akdeniz&#8217;de kuvvetli ya\u011f\u0131\u015f bekleniyor.<\/p>\n<p style=\"text-align: justify;\">\u0130STANBUL:<\/p>\n<p style=\"text-align: justify;\">\u0130stanbul&#8217;da beklenen ya\u011f\u0131\u015f d\u00fcn ak\u015fam saatlerinden itibaren etkisini g\u00f6sterdi.<\/p>\n<p style=\"text-align: justify;\">Ya\u011fmura haz\u0131rl\u0131ks\u0131z yakalanan \u0130stanbullular, sa\u011fanak ya\u011f\u0131\u015ftan kafalar\u0131na ge\u00e7irdikleri po\u015fetler ve \u015femsiyelerle korunmaya \u00e7al\u0131\u015ft\u0131.<\/p>\n<p style=\"text-align: justify;\">G\u00fcnlerdir olumsuz etkilerine <\/p>\n","protected":false},"author":1,"featured_media":0,"comment_status":"open","ping_status":"closed","sticky":false,"template":"","format":"standard","meta":{"footnotes":""},"categories":[105],"tags":[],"class_list":["post-15721","post","type-post","status-publish","format-standard","hentry","category-gundem","odd"],"_links":{"self":[{"href":"http:\/\/www.korhanyilmaz.com\/index.php?rest_route=\/wp\/v2\/posts\/15721","targetHints":{"allow":["GET"]}}],"collection":[{"href":"http:\/\/www.korhanyilmaz.com\/index.php?rest_route=\/wp\/v2\/posts"}],"about":[{"href":"http:\/\/www.korhanyilmaz.com\/index.php?rest_route=\/wp\/v2\/types\/post"}],"author":[{"embeddable":true,"href":"http:\/\/www.korhanyilmaz.com\/index.php?rest_route=\/wp\/v2\/users\/1"}],"replies":[{"embeddable":true,"href":"http:\/\/www.korhanyilmaz.com\/index.php?rest_route=%2Fwp%2Fv2%2Fcomments&post=15721"}],"version-history":[{"count":0,"href":"http:\/\/www.korhanyilmaz.com\/index.php?rest_route=\/wp\/v2\/posts\/15721\/revisions"}],"wp:attachment":[{"href":"http:\/\/www.korhanyilmaz.com\/index.php?rest_route=%2Fwp%2Fv2%2Fmedia&parent=15721"}],"wp:term":[{"taxonomy":"category","embeddable":true,"href":"http:\/\/www.korhanyilmaz.com\/index.php?rest_route=%2Fwp%2Fv2%2Fcategories&post=15721"},{"taxonomy":"post_tag","embeddable":true,"href":"http:\/\/www.korhanyilmaz.com\/index.php?rest_route=%2Fwp%2Fv2%2Ftags&post=15721"}],"curies":[{"name":"wp","href":"https:\/\/api.w.org\/{rel}","templated":true}]}}