{"id":15717,"date":"2009-10-13T07:25:47","date_gmt":"2009-10-13T05:25:47","guid":{"rendered":"http:\/\/www.korhanyilmaz.com\/?p=15717"},"modified":"2009-10-13T07:25:47","modified_gmt":"2009-10-13T05:25:47","slug":"baykal-iktidar-yanlis-kible-secti","status":"publish","type":"post","link":"http:\/\/www.korhanyilmaz.com\/?p=15717","title":{"rendered":"Baykal: \u0130ktidar yanl\u0131\u015f k\u0131ble se\u00e7ti"},"content":{"rendered":"<p style=\"text-align: center;\"><a href=\"http:\/\/www.korhanyilmaz.com\/wp-content\/uploads\/2009\/10\/baykal.Jpeg\"  class=\"lightview\"><img loading=\"lazy\" decoding=\"async\" class=\"aligncenter size-full wp-image-15718\" src=\"http:\/\/www.korhanyilmaz.com\/wp-content\/uploads\/2009\/10\/baykal.Jpeg\" alt=\"\" width=\"297\" height=\"191\" \/><\/a><\/p>\n<p style=\"text-align: justify;\">Ba\u015fbakan Recep Tayyip Erdo\u011fan&#8217;\u0131n davet mektubuna olumlu yan\u0131t veren CHP Genel Ba\u015fkan\u0131 Deniz Baykal, a\u00e7\u0131l\u0131m s\u00fcrecini ele\u015ftirdi.<\/p>\n<p style=\"text-align: justify;\">ANKARA &#8211; CHP Genel Ba\u015fkan\u0131 Deniz Baykal, a\u00e7\u0131l\u0131m s\u00fcrecini ele\u015ftirerek, demokratik a\u00e7\u0131l\u0131m konusunda iktidar\u0131n bilerek ya da bilmeyerek yanl\u0131\u015f k\u0131ble se\u00e7ti\u011fini s\u00f6yledi.<\/p>\n<p style=\"text-align: justify;\">Baykal, &#8220;A\u00e7\u0131l\u0131m\u0131 PKK\u2019ye de\u011fil, o b\u00f6lge halk\u0131na yap. Ter\u00f6ristlerle uzala\u015farak onlar\u0131n istediklerini kar\u015f\u0131layarak a\u00e7\u0131l\u0131m yaparsan bu ne ter\u00f6r\u00fc sona erdirir ne de sorunu \u00e7\u00f6zer. Bu orada sorunun daha da b\u00fcy\u00fcmesine ve ter\u00f6r\u00fcn o b\u00f6lgenin temsilcisi olaca\u011f\u0131n\u0131 g\u00f6r\u00fcrs\u00fcn. B\u00f6ylece sen ter\u00f6re prim vermi\u015f olursun&#8221; dedi.<!--more--><\/p>\n<p style=\"text-align: justify;\">Ekonomide ciddi anlamda geli\u015fmeler oldu\u011funu kaydeden Baykal, A\u011fustos ay\u0131 sanayi \u00fcretimi rakamlar\u0131n\u0131n krizin dip yapt\u0131\u011f\u0131 umudunu destekleyici nitelikte olmad\u0131\u011f\u0131n\u0131 belirtti. Ekonom ik durumun iyi olmad\u0131\u011f\u0131n\u0131, ailelerin iyi beslenemedi\u011fini ifade eden Baykal, &#8220;Ama i\u015f farkl\u0131 boyut oldu. Reel sekt\u00f6r olarak bildi\u011fimiz \u00fcretim ihracat ger\u00e7ekle\u015ftiren s\u0131k\u0131nt\u0131 art\u0131k gizlenemez oldu. Bunu b\u00fcy\u00fck \u00fcz\u00fcnt\u00fc ile kar\u015f\u0131l\u0131yorum. Bu ya\u015fanmakta olan s\u0131k\u0131nt\u0131n\u0131n yans\u0131mas\u0131d\u0131r&#8221; dedi. Baykal, \u015f\u00f6yle dedi:<\/p>\n<p style=\"text-align: justify;\">&#8220;Tar\u0131m \u00e7ok b\u00fcy\u00fck problemler i\u00e7erisinde. \u0130\u015fsizlik resmi rakamlarla y\u00fczde 50\u2019nin \u00fczerinde art\u0131r\u0131ld\u0131\u011f\u0131na tan\u0131k oluyoruz. \u0130\u015fsizlik art\u0131yor. tar\u0131mda bunal\u0131m ve \u00e7\u00f6k\u00fc\u015f ya\u015fan\u0131yor. Sanayi umut veren k\u0131p\u0131rdanma noktas\u0131na getirilemedi. Krizin te\u011fet ge\u00e7ti\u011fi izlenimi yarat\u0131lmaya \u00e7al\u0131\u015f\u0131l\u0131yor. Her yeni rakam endi\u015fe nedeni oluyor. Sanayinin b\u00fcy\u00fcme h\u0131z\u0131 ge\u00e7en y\u0131l\u0131n A\u011fustos\u2019una g\u00f6re azalm\u0131\u015ft\u0131r. Bu y\u0131l\u0131n Temmuz ay\u0131nda azalm\u0131\u015ft\u0131r. \u2019Toplarlanmaya ba\u015flad\u0131k\u2019 diyoruz. Geriliyoruz. Krizin geride kald\u0131\u011f\u0131n\u0131 g\u00f6steren veriler yok. Rakamlar krizin biraz daha \u00e7alkalanaca\u011f\u0131n\u0131 g\u00f6steriyor. \u00dcstelik bu vergi kolayl\u0131\u011f\u0131na ra\u011fmen ortaya \u00e7\u0131km\u0131\u015ft\u0131r.&#8221;<\/p>\n<p style=\"text-align: justify;\">T\u00fcrkiye\u2019nin, d\u00fcnya i\u00e7erisinde ekonomik b\u00fcy\u00fcme ortam\u0131 a\u00e7\u0131s\u0131ndan en b\u00fcy\u00fck ba\u015far\u0131y\u0131 2001\u2019in ba\u015f\u0131nda elde etti\u011fini kaydeden Baykal, &#8220;Bug\u00fcn iflas eden \u00fclkelerin hepsi toparland\u0131 ama T\u00fcrkiye bu \u015fans\u0131 kaybetti&#8221; diye konu\u015ftu. 149 \u00fclke i\u00e7inde AKP iktidara gelmeden T\u00fcrkiye\u2019nin di\u011fer \u00fclkeleri geride b\u0131rakt\u0131\u011f\u0131na i\u015faret eden Baykal, T\u00fcrkiye en \u00f6ndeki \u00fclke iken, 2007\u2019de ise 49. s\u0131radan 100\u2019e geriledi\u011fini s\u00f6yledi.<\/p>\n<p style=\"text-align: justify;\">&#8220;AKP iktidar\u0131n\u0131n kendi tarihindeki performans\u0131nda ortaya bir ba\u015far\u0131 \u00e7\u0131k\u0131yor diyebilir miyiz?&#8221; diye soran Baykal, &#8220;Son derece m\u00fcsait \u015fartlarda ekonomi emanet edilmi\u015f ama durum ortadad\u0131r. Ge\u00e7mi\u015fte b\u00fcy\u00fcme h\u0131zlar\u0131na bak\u0131ld\u0131\u011f\u0131nda b\u00fcy\u00fcme h\u0131z\u0131 en y\u00fczde 4,75\u2019tir. Geri kalan\u0131na bak\u0131ld\u0131\u011f\u0131nda y\u00fczde 4,58\u2019dir&#8221; diye konu\u015ftu.<\/p>\n<p style=\"text-align: justify;\">Baykal, \u0130\u015fsizlik ve yoksullu\u011fun en \u00e7ok bu d\u00f6nemde \u00e7\u0131kt\u0131\u011f\u0131na i\u015faret etti.<\/p>\n<p style=\"text-align: justify;\"><strong><em>T\u00fcrkiye Ermenisten Protokol\u00fc <\/em><\/strong><\/p>\n<p style=\"text-align: justify;\">Baykal, Ermenistan ile T\u00fcrkiye aras\u0131nda imzalanan protokol\u00fc ili\u015fkin de\u011ferlendirmelerde bulunurken, gizlilik i\u00e7erisinde bir diplomasinin g\u00f6t\u00fcr\u00fcld\u00fc\u011f\u00fcn\u00fc kaydetti. Baykal, &#8220;Ermenistan g\u00f6r\u00fc\u015fmelerimizde \u2018bunlar haz\u0131rlanmad\u0131 biz yazd\u0131k\u2018 dendi. \u00d6nce paraf edildi. Sonra ilan edilmedi. \u00d6nce bunun h\u00fck\u00fcmeti imzalamas\u0131 gere\u011fi ortaya \u00e7\u0131kt\u0131. Biz o zaman de\u011ferlendirmelerimizi s\u00f6yledik. Say\u0131n \u015e\u00fckr\u00fc Elekda\u011f Say\u0131n Onur \u00d6ymen olay\u0131n i\u00e7 y\u00fcz\u00fcn\u00fc ortaya koydu&#8221; dedi. Baykal \u015f\u00f6yle dedi:<\/p>\n<p style=\"text-align: justify;\">&#8220;\u0130mza t\u00f6reninde dikkat \u00e7eken M\u0130NSK Grubu\u2019nun denetiminde ger\u00e7ekle\u015fiyor. Yani M\u0130NSK Grubu\u2019nun nezaretinde yap\u0131l\u0131yor. Peki M\u0130NSK\u2019in g\u00f6revi ne? Azerbeycan ile Ermenistan aras\u0131nda sorunlar\u0131n \u00e7\u00f6z\u00fcmlenmesi i\u00e7in u\u011fra\u015fan gruptur. Yani diyorum ki bu M\u0130NSK grubu bu kap\u0131n\u0131n a\u00e7\u0131lmas\u0131na harcad\u0131\u011f\u0131 enerjiyi, Ermenistan\u2019\u0131n i\u015fgal etti\u011fi Karaba\u011f topraklar\u0131na harcasayd\u0131 bu daha anlaml\u0131 olmaz m\u0131yd\u0131? Yani sizler g\u00fc\u00e7l\u00fc \u00fclkelersiniz. Gelin bar\u0131\u015f i\u00e7in Ermenistan\u2019\u0131n i\u015fgalini bitirin neden demiyor bu M\u0130NSK. Bu olay ger\u00e7ek politika ile s\u00f6ylem fark\u0131n\u0131 ortaya koymu\u015ftur. H\u00fck\u00fcmet ne dedi evet ben bu s\u0131n\u0131r\u0131 a\u00e7may\u0131 taahh\u00fct ediyorum dedi. \u015eimdi siyasi karar alma s\u00fcrecinde yer alan siyasi irade, ben \u015fu \u015fartla s\u0131n\u0131r\u0131 a\u00e7\u0131yorum deyip imzay\u0131 atm\u0131\u015ft\u0131r. Ama meclis demezse olmaz. \u0130nand\u0131r\u0131c\u0131 olmaktan uzak bir durum var. Sen dedin \u00f6b\u00fcrleri der mi bilmiyorum gibi bir tablo olur mu? Yani biz imzalad\u0131k s\u0131ra meclisi ikna etmeye geldi.&#8221;<\/p>\n<p style=\"text-align: justify;\">Azerbaycan\u2019\u0131n T\u00fcrkiye i\u00e7in \u00f6nemli bir \u00fclke oldu\u011funu belirten Baykal, bu \u00fclkenin \u00e7\u0131kar\u0131n\u0131n geri plana at\u0131lamayaca\u011f\u0131n\u0131 s\u00f6yledi.<\/p>\n<p style=\"text-align: justify;\"><strong><em>A\u00e7\u0131l\u0131m\u0131 Hangi Y\u00f6ntemle \u00c7\u00f6zeceksin <\/em><\/strong><\/p>\n<p style=\"text-align: justify;\">Baykal, demokratik a\u00e7\u0131l\u0131m\u0131 ile ilgili s\u00fcreci ele\u015ftirdi. Baykal, &#8220;\u00d6nce K\u00fcrt a\u00e7\u0131l\u0131m\u0131 dediler sonra, Demokratik A\u00e7\u0131l\u0131m dediler o da olmad\u0131 Milli Birlik A\u00e7\u0131l\u0131m\u0131 verdiler. \u015eimdi neden ad de\u011fi\u015ftiriyor. T\u00fcrkiye\u2019yi b\u00f6l\u00fcyorsun i\u015fte. Etnik ayr\u0131mc\u0131l\u0131\u011f\u0131 g\u00fcndeme getirdi\u011finden dolay\u0131 b\u00f6l\u00fcyorsun. Bu s\u00fcreci isim de\u011fi\u015ftirerek \u00f6rtbas edemezsin. ben as\u0131l \u015funa dikkat \u00e7ekmeye \u00e7al\u0131\u015f\u0131yorum. Bu a\u00e7\u0131l\u0131mla kim tatmin ediliyor ve bu a\u00e7\u0131l\u0131mla ne yap\u0131lmak isteniyor. \u0130stenen ne? Ortada ama istemek yetmez sen buna neyle ula\u015facaks\u0131n&#8221; dedi.<\/p>\n<p style=\"text-align: justify;\">A\u00e7\u0131l\u0131mla ilgili bir geli\u015fmenin sa\u011flanamad\u0131\u011f\u0131n\u0131 ifade eden Baykal, &#8220;Hangi y\u00f6ntemle hangi \u00e7\u00f6z\u00fcmle yapacaks\u0131n?&#8221; diye sordu.<\/p>\n<p style=\"text-align: justify;\">Erdo\u011fan\u2019a \u00e7a\u011fr\u0131da bulunan Baykal, &#8220;S\u00f6yle bana belki beraber \u00e7\u00f6zeriz. E\u011fer \u00e7\u00f6z\u00fcm\u00fc b\u00f6lgede ar\u0131yorsan s\u0131k\u0131nt\u0131n\u0131n ihtiyac\u0131n ya\u015fayan\u0131n sorununa bakacaks\u0131n sonra karar vereceksin. E\u011fer \u2019T\u00fcrk milletini ayr\u0131\u015ft\u0131ral\u0131m ben bir ayr\u0131\u015fma pe\u015findeyim\u2019 diyorsan, tamam ama bu insanlar ne istiyorlar? Bu insanlar i\u015f istiyorlar i\u015f. Bunun i\u00e7in e\u011fitim istiyorlar, i\u015f istiyorlar. O insanlar her kesimin sahip oldu\u011fu sayg\u0131nl\u0131\u011fa sahip olmak istiyorlar&#8221; diye konu\u015ftu.<\/p>\n<p style=\"text-align: justify;\">\u0130ktidar\u0131n a\u00e7\u0131l\u0131m konusunda k\u0131bleyi \u015fa\u015f\u0131rd\u0131\u011f\u0131n\u0131 s\u00f6yleyen Baykal, &#8220;A\u00e7\u0131l\u0131m\u0131 PKK\u2019ye de\u011fil, o b\u00f6lge halk\u0131na yap. Ter\u00f6ristlerle uzala\u015farak onlar\u0131n istediklerini kar\u015f\u0131layarak a\u00e7\u0131l\u0131m yaparsan bu ne ter\u00f6r\u00fc sona erdirir ne de sorunu \u00e7\u00f6zer. Bu orada sorunun daha da b\u00fcy\u00fcmesine ve ter\u00f6r\u00fcn o b\u00f6lgenin temsilcisi olaca\u011f\u0131n\u0131 g\u00f6r\u00fcrs\u00fcn. B\u00f6ylece sen ter\u00f6re prim vermi\u015f olursun&#8221; dedi.<\/p>\n<p style=\"text-align: justify;\"><strong><em>Anayasa De\u011fi\u015fikli\u011fi<\/em><\/strong><\/p>\n<p style=\"text-align: justify;\">\u0130ktidar\u0131n a\u00e7\u0131l\u0131m s\u00fcrecinde Anayasa\u2019y\u0131 de\u011fi\u015ftirmeyi de g\u00f6ze ald\u0131\u011f\u0131n\u0131 ileri s\u00fcren Baykal \u015f\u00f6yle dedi:<\/p>\n<p style=\"text-align: justify;\">&#8220;\u0130\u00e7i\u015fleri Bakan\u0131 \u00e7\u0131kt\u0131 \u2018Anayasa De\u011fi\u015fikli\u011fi g\u00fcndemde de\u011fil\u2019 dedi. Anayasa de\u011fi\u015fikli\u011fi b\u00f6lgenin insan\u0131n\u0131n talebi de\u011fildir. Bunun isteyeni ter\u00f6r \u00e7evrelerine ye\u015fil \u0131\u015f\u0131k yakmakt\u0131r. Hi\u00e7 ku\u015fku yoktur ki bu a\u00e7\u0131l\u0131m\u0131n ard\u0131nda PKK y\u0131 arayanlar hakl\u0131 olacaklard\u0131r. Bunlar a\u00e7\u0131l\u0131m\u0131n i\u00e7y\u00fcz\u00fcn\u00fc ortaya koymu\u015ftur. \u015eimdi s\u00f6ylersem olmaz. Kazan\u0131 yava\u015f yava\u015f kaynatal\u0131m kurba fark\u0131nda olmas\u0131n. Yani bir sen mi ak\u0131ll\u0131s\u0131n? Sen planlayacaks\u0131n y\u00fcr\u00fcyeceksin kimse ses \u00e7\u0131karmayacak. CHP bunun i\u00e7in var.&#8221;<\/p>\n<p style=\"text-align: justify;\"><strong><em>Mektup <\/em><\/strong><\/p>\n<p style=\"text-align: justify;\">Ba\u015fbakan Erdo\u011fan\u2019\u0131n davet mektubuna verdi\u011fi yan\u0131t\u0131 da de\u011ferlendiren Deniz Baykal, &#8220;Ba\u015fbakan mektubu g\u00f6nderdi. Biz bunu ald\u0131k. Bu sorunun \u0130mral\u0131 ve Kandilli\u2019nin kafas\u0131na g\u00f6re de\u011fil, b\u00f6lge i\u00e7in ne yap\u0131lmas\u0131 gerekiyorsa bunu ifade ettik. Elbette \u2019gelebilirsin seni a\u011f\u0131rlar\u0131z\u2019 dedik. Zannetme ki kafandakini bilmiyoruz. Zannetme ki seni y\u00f6nlendireni bilmiyoruz. Gel bu defa y\u00fcz y\u00fcze anlatal\u0131m. Bu \u00f6nemli bir konu\u015fma&#8221; dedi.<\/p>\n<p style=\"text-align: justify;\"><strong><em>G\u00f6r\u00fc\u015fme Tarihi Olacak <\/em><\/strong><\/p>\n<p style=\"text-align: justify;\">Ba\u015fbakan Erdo\u011fan\u2019la yapaca\u011f\u0131 g\u00f6r\u00fc\u015fmenin tarihi bir g\u00f6r\u00fc\u015fme olaca\u011f\u0131na dikkat \u00e7eken Baykal, Erdo\u011fan\u2019a &#8220;G\u00f6r\u00fc\u015fmemiz kay\u0131t alt\u0131na al\u0131ns\u0131n&#8221; \u00e7a\u011fr\u0131s\u0131n\u0131 yineledi. Baykal \u015f\u00f6yle dedi:<\/p>\n<p style=\"text-align: justify;\">&#8220;\u00d6calan avukatlar\u0131yla a\u00e7\u0131klama yapt\u0131. Bu i\u015f Atat\u00fcrk\u2019\u00fcn yapt\u0131\u011f\u0131 i\u015fle e\u015fde\u011ferdir, dedi. D\u00fc\u015f\u00fcnce oydu ve do\u011fruydu. Bu milli devletin iflas ettirilmesine y\u00f6nelikti. Sen bunlar\u0131 bile bile diyorsun ki, gel g\u00f6r\u00fc\u015felim. Bu g\u00f6r\u00fc\u015fme \u00f6nemlidir. Tarihi bir g\u00f6r\u00fc\u015fme olacak. Bizim d\u00fc\u015f\u00fcncemizin arkas\u0131nda \u00e7ok ciddi bekleyi\u015fe sahip millet var. Ama milletin de bu toplant\u0131da ne s\u00f6ylendi\u011fini bilme hakk\u0131 vard\u0131r. Milletin bu g\u00f6r\u00fc\u015fmenin i\u00e7eri\u011fini bilmeye hakk\u0131 vard\u0131r. Ben Ba\u015fbakan\u0131 bekliyorum. Halk\u0131m\u0131z bunu o zaman olmasa bile daha sonra de\u011ferlendirilmelidir. B\u00f6yle bir bulu\u015fman\u0131n ne gibi kayg\u0131lara yol a\u00e7t\u0131\u011f\u0131 ortadad\u0131r. Say\u0131n Ba\u015fbakan d\u00fc\u015f\u00fcncelerin millet\u00e7e \u00f6\u011frenilmesinden neden ka\u00e7\u0131yor. Ama bu tart\u0131\u015fmay\u0131 milletimiz izlemelidir. Hemen a\u00e7\u0131klanmayabilir, ne zaman a\u00e7\u0131klanaca\u011f\u0131na birlikte karar veririz. Baz\u0131lar\u0131 Ba\u015fbakana bu g\u00f6r\u00fc\u015fmeye \u2019gitme\u2019 diyormu\u015f. Kay\u0131t alt\u0131na al\u0131nmas\u0131n deniliyormu\u015f. Ba\u015fbakan\u0131n Kas\u0131mpa\u015fal\u0131 bir siyaset adam\u0131 olarak bundan ka\u00e7mayaca\u011f\u0131n\u0131 san\u0131yorum. Bu gizli sakl\u0131 y\u00fcr\u00fct\u00fclebilecek bir s\u00fcre\u00e7 de\u011fildir. Sen \u0130mral\u0131\u2019n\u0131n yol haritas\u0131n\u0131 sakl\u0131yorsun da, kendi yol haritan\u0131 neden sakl\u0131yorsun?&#8221;<\/p>\n<p style=\"text-align: justify;\"><span style=\"color: #888888;\">(ANKA)<\/span><\/p>\n","protected":false},"excerpt":{"rendered":"<p style=\"text-align: center;\">\n<p style=\"text-align: justify;\">Ba\u015fbakan Recep Tayyip Erdo\u011fan&#8217;\u0131n davet mektubuna olumlu yan\u0131t veren CHP Genel Ba\u015fkan\u0131 Deniz Baykal, a\u00e7\u0131l\u0131m s\u00fcrecini ele\u015ftirdi.<\/p>\n<p style=\"text-align: justify;\">ANKARA &#8211; CHP Genel Ba\u015fkan\u0131 Deniz Baykal, a\u00e7\u0131l\u0131m s\u00fcrecini ele\u015ftirerek, demokratik a\u00e7\u0131l\u0131m konusunda iktidar\u0131n bilerek ya da bilmeyerek yanl\u0131\u015f k\u0131ble se\u00e7ti\u011fini s\u00f6yledi.<\/p>\n<p style=\"text-align: justify;\">Baykal, &#8220;A\u00e7\u0131l\u0131m\u0131 PKK\u2019ye de\u011fil, o b\u00f6lge halk\u0131na <\/p>\n","protected":false},"author":1,"featured_media":0,"comment_status":"open","ping_status":"closed","sticky":false,"template":"","format":"standard","meta":{"footnotes":""},"categories":[105],"tags":[],"class_list":["post-15717","post","type-post","status-publish","format-standard","hentry","category-gundem","odd"],"_links":{"self":[{"href":"http:\/\/www.korhanyilmaz.com\/index.php?rest_route=\/wp\/v2\/posts\/15717","targetHints":{"allow":["GET"]}}],"collection":[{"href":"http:\/\/www.korhanyilmaz.com\/index.php?rest_route=\/wp\/v2\/posts"}],"about":[{"href":"http:\/\/www.korhanyilmaz.com\/index.php?rest_route=\/wp\/v2\/types\/post"}],"author":[{"embeddable":true,"href":"http:\/\/www.korhanyilmaz.com\/index.php?rest_route=\/wp\/v2\/users\/1"}],"replies":[{"embeddable":true,"href":"http:\/\/www.korhanyilmaz.com\/index.php?rest_route=%2Fwp%2Fv2%2Fcomments&post=15717"}],"version-history":[{"count":0,"href":"http:\/\/www.korhanyilmaz.com\/index.php?rest_route=\/wp\/v2\/posts\/15717\/revisions"}],"wp:attachment":[{"href":"http:\/\/www.korhanyilmaz.com\/index.php?rest_route=%2Fwp%2Fv2%2Fmedia&parent=15717"}],"wp:term":[{"taxonomy":"category","embeddable":true,"href":"http:\/\/www.korhanyilmaz.com\/index.php?rest_route=%2Fwp%2Fv2%2Fcategories&post=15717"},{"taxonomy":"post_tag","embeddable":true,"href":"http:\/\/www.korhanyilmaz.com\/index.php?rest_route=%2Fwp%2Fv2%2Ftags&post=15717"}],"curies":[{"name":"wp","href":"https:\/\/api.w.org\/{rel}","templated":true}]}}