{"id":15705,"date":"2009-10-12T23:03:10","date_gmt":"2009-10-12T20:03:10","guid":{"rendered":"http:\/\/www.korhanyilmaz.com\/?p=15705"},"modified":"2009-10-12T23:03:10","modified_gmt":"2009-10-12T20:03:10","slug":"15705","status":"publish","type":"post","link":"http:\/\/www.korhanyilmaz.com\/?p=15705","title":{"rendered":"A\u00e7\u0131l\u0131m \u015fikesi"},"content":{"rendered":"<p><a href=\"http:\/\/www.korhanyilmaz.com\/wp-content\/uploads\/2009\/10\/S\u0130KE1.jpg\"  class=\"lightview\"><img loading=\"lazy\" decoding=\"async\" class=\"aligncenter size-full wp-image-15704\" src=\"http:\/\/www.korhanyilmaz.com\/wp-content\/uploads\/2009\/10\/S\u0130KE1.jpg\" alt=\"\" width=\"450\" height=\"225\" \/><\/a><\/p>\n<p style=\"text-align: justify;\"><strong><em>Stad\u0131n \u00e7evresinde ku\u015f u\u00e7amayacak!<\/em><\/strong><\/p>\n<p style=\"text-align: justify;\">G\u00d6R\u00dcLMEM\u0130\u015e g\u00fcvenlik \u00f6nlemleri al\u0131nan T\u00fcrkiye-Ermenistan ma\u00e7\u0131na saatler kala, kulaktan kula\u011fa yay\u0131lan ve internet sitelerine konu olan \u2018\u015fike\u2019 iddialar\u0131 ayyuka \u00e7\u0131kt\u0131. Futbol Federasyonu Asba\u015fkan\u0131 Levent K\u0131z\u0131l, iddialara sert tepki g\u00f6sterdi.<\/p>\n<p style=\"text-align: justify;\"><strong><em>\u2018Bayrak yasa\u011f\u0131\u2019 mahkemelik oldu<\/em><\/strong><\/p>\n<p style=\"text-align: justify;\">BURSA\u2019da oynanacak ma\u00e7ta Azerbaycan bayra\u011f\u0131n\u0131n yasaklanmas\u0131, dava konusu oldu. Dava dilek\u00e7esinde \u201cT\u00fcrk vatanda\u015flar\u0131 kanaatlerini s\u00f6z, yaz\u0131, resim veya ba\u015fka yollarla a\u00e7\u0131klama ve yayma hakk\u0131na sahiptir, bu Anayasal hakt\u0131r\u201d denildi. <!--more--><\/p>\n<p style=\"text-align: justify;\">Yeni\u015fehir Havaalan\u0131\u2019na inen Ermeni tak\u0131m\u0131, ma\u00e7 i\u00e7in \u00e7ok iddial\u0131 konu\u015ftu: Yenmeye geldik!<\/p>\n<p style=\"text-align: justify;\"><strong><em>T\u00fcrkiye\u2019yi sarsan 2 iddia<\/em><\/strong><\/p>\n<p style=\"text-align: justify;\"><strong>1<\/strong> &#8211; 2010 D\u00fcnya Kupas\u0131\u2019na gitme \u015fans\u0131n\u0131 kaybeden A Milliler, konuk tak\u0131ma kar\u015f\u0131 etkisiz bir futbol oynayacak.<\/p>\n<p style=\"text-align: justify;\"><strong>2 <\/strong>&#8211;\u00a0 Ermenistan kar\u015f\u0131t\u0131 sloganlar at\u0131lmamas\u0131 i\u00e7in, trib\u00fcnler taraftar k\u0131l\u0131\u011f\u0131ndaki polis ve askerlerle doldurulacak.<\/p>\n<p style=\"text-align: justify;\"><strong><em>\u015eike iddialar\u0131 ayyuka \u00e7\u0131kt\u0131<\/em><\/strong><\/p>\n<p style=\"text-align: justify;\">Yar\u0131n Bursa\u2019da oynanacak T\u00fcrkiye-Ermenistan ma\u00e7\u0131n\u0131n ba\u015flang\u0131\u00e7 d\u00fcd\u00fc\u011f\u00fcn\u00fcn \u00e7almas\u0131na saatler kala, ortaya \u015foke eden iddialar at\u0131ld\u0131. Kulaktan kula\u011fa yay\u0131lan ve internet sitelerinde geni\u015f yer bulan iddialara g\u00f6re, AB ve ABD dayatmalar\u0131yla imzalad\u0131\u011f\u0131 protokollerle s\u0131n\u0131rlar\u0131 a\u00e7maya haz\u0131rlanan iktidar, Bursa\u2019ya gelme konusunda son ana kadar teredd\u00fctl\u00fc olan Ermenistan Cumhurba\u015fkan\u0131 Serj Sarkisyan\u2019a bir jest daha yapacak. 2010 D\u00fcnya Kupas\u0131\u2019na gitme \u015fans\u0131 kalmayan A Milli Futbol Tak\u0131m\u0131, as kadro yerine gen\u00e7lerle sahaya \u00e7\u0131karak etkisiz bir futbol oynayacak. A Milliler, konuk tak\u0131m\u0131 yenmemek veya berabere kalmak i\u00e7in elinden geleni yapacak.<\/p>\n<p style=\"text-align: justify;\"><strong><em>Federasyon a\u00e7\u0131klama yapt\u0131<\/em><\/strong><\/p>\n<p style=\"text-align: justify;\">T\u00fcrkiye Futbol Federasyonu Asba\u015fkan\u0131 Levent K\u0131z\u0131l, Milli Tak\u0131m\u2019\u0131n Ermenistan ma\u00e7\u0131nda etkisiz futbol oynayaca\u011f\u0131 spek\u00fclasyonlar\u0131na sert tepki g\u00f6sterdi. B\u00f6yle bir \u015feyi d\u00fc\u015f\u00fcnmenin bile abes oldu\u011funu s\u00f6yleyen K\u0131z\u0131l, \u201cBiz sporu hi\u00e7 bir zaman siyasal g\u00f6r\u00fc\u015flere malzeme yapmad\u0131k; bundan sonra da yapmay\u0131z. Hangi milli futbolcuya soyunma odas\u0131nda, \u2019\u015fike yap\u2019diyebilirsiniz? B\u00f6yle bir \u015feyin imas\u0131 bile olamaz. T\u00fcrk milletinin g\u00f6nl\u00fc rahat olsun. D\u00fcnya \u015eampiyonas\u0131\u2019na gidemedik ama grup ma\u00e7lar\u0131m\u0131z\u0131 galibiyetle bitirece\u011fiz. Bursa\u2019daki ma\u00e7\u0131n havas\u0131 elbette ki biraz farkl\u0131 olacak. Bu hava milli futbolcular\u0131 olumsuz etkilemeyecek, aksine daha da h\u0131rsland\u0131racak ve sahadan galibiyetle ayr\u0131laca\u011f\u0131z\u201d dedi.<\/p>\n<p style=\"text-align: justify;\"><strong><em>Trib\u00fcne \u00e7akma seyirci dolacak<\/em><\/strong><\/p>\n<p style=\"text-align: justify;\">Ma\u00e7ta, Ermeni tak\u0131m\u0131na ve Serj Sarkisyan\u2019a protesto g\u00f6sterisi yap\u0131lmas\u0131n, aleyhte tezah\u00fcrat yap\u0131lmas\u0131n Azerbaycan bayra\u011f\u0131 as\u0131lmas\u0131n diye g\u00fcnlerdir amigolarla toplant\u0131 \u00fcst\u00fcne toplant\u0131 yapan ba\u015fta Cumhurba\u015fkan\u0131 Abdullah G\u00fcl, baz\u0131 bakanlar ve  Bursa Valisi \u015eahabettin Harput\u2019un \u00e7al\u0131\u015fmalar\u0131 meyvelerini verdi. \u0130ddialara g\u00f6re trib\u00fcnler taraftar k\u0131l\u0131\u011f\u0131yla stada sokulan asker, polis ve askeri \u00f6\u011frencilerle doldurulacak.<\/p>\n<p style=\"text-align: justify;\"><strong><em>Vali: Biletleri biz da\u011f\u0131taca\u011f\u0131z<\/em><\/strong><\/p>\n<p style=\"text-align: justify;\">Vali Harput daha \u00f6nce Bilet sat\u0131\u015flar\u0131yla ilgili T\u00fcrkiye Futbol Federasyonu yetkilileriyle temasta olduklar\u0131n\u0131 dile getirerek, \u201cBiletlerle ilgili yanl\u0131\u015f olmamas\u0131 i\u00e7in \u015fu an itibar\u0131yla biletlerin \u00fccretsiz olarak kontroll\u00fc \u015fekilde da\u011f\u0131t\u0131lmas\u0131 \u00fczerinde duruluyor. B\u00fcy\u00fck ihtimalle b\u00f6yle ger\u00e7ekle\u015fecek\u201d demi\u015fti. \u00d6te yandan Bursa Emniyet M\u00fcd\u00fcrl\u00fc\u011f\u00fc yetkilileri d\u00fcn Bursaspor taraftar gruplar\u0131n\u0131n liderleri ile g\u00f6r\u00fc\u015ferek, \u201cEn k\u00fc\u00e7\u00fck bir k\u00f6t\u00fc tezah\u00fcrat ya da olay \u00e7\u0131kmas\u0131n\u0131 istemiyoruz. Bu konuda \u00fczerinize d\u00fc\u015feni yap\u0131n\u201d uyar\u0131s\u0131nda bulundu. Kar\u015f\u0131la\u015fmaya Azerbaycan bayraklar\u0131 ile gelmeyi planlayan Azeri k\u00f6kenli vatanda\u015flarla temasa ge\u00e7ilerek, \u201cSak\u0131n b\u00f6yle bir \u015fey yapmay\u0131n\u201d mesaj\u0131 verildi.<\/p>\n<p style=\"text-align: justify;\"><strong><em>Polis ordusu g\u00f6rev yapacak ke\u00e7eli kaleme bile izin yok<\/em><\/strong><\/p>\n<p style=\"text-align: justify;\">Ermenistan-T\u00fcrkiye ma\u00e7\u0131n\u0131 izlemek isteyen vatanda\u015flar\u0131 k\u00f6t\u00fc s\u00fcrprizler bekliyor. Polis, stada almadan \u00f6nce taraftarlar\u0131 i\u00e7 \u00e7ama\u015f\u0131rlar\u0131na kadar arayacak.<\/p>\n<p style=\"text-align: justify;\">Bursa\u2019da oynanacak  T\u00fcrkiye-Ermenistan milli kar\u015f\u0131la\u015fmas\u0131nda al\u0131nacak \u00f6nlemler belirlendi. Kar\u015f\u0131la\u015fmada 2 bini polis 700\u2019\u00fc \u00f6zel g\u00fcvenlik olmak \u00fczere toplam 2 bin 700 ki\u015fi g\u00fcvenlik g\u00f6revi yapacak. Ma\u00e7 i\u00e7in polis, \u015feref trib\u00fcn\u00fc dahil stad\u0131n t\u00fcm giri\u015f kap\u0131lar\u0131na X-Ray cihazlar\u0131ndan koyacak. Seyirciler stada bu cihazdan ge\u00e7erek girecek. B\u00f6ylece ma\u00e7a kontrol d\u0131\u015f\u0131nda metal sokulmas\u0131 \u00f6nlenmi\u015f olacak.<\/p>\n<p style=\"text-align: justify;\"><strong><em>Harf av\u0131na \u00e7\u0131kt\u0131lar<\/em><\/strong><\/p>\n<p style=\"text-align: justify;\">Ma\u00e7a gelecek seyircilerin k\u0131yafetleri de incelenecek. Seyircilerin t\u00fcm\u00fcm\u00fcn atletine de bak\u0131lacak. \u00dczerinde harf bulunan atlet giyen seyirciler ma\u00e7a al\u0131nmayacak, bu ki\u015filer ancak atlet veya ti\u015f\u00f6rtlerini \u00e7\u0131kartt\u0131ktan sonra stada al\u0131nacaklar. Stada sadece T\u00fcrk ve Ermeni bayraklar\u0131n\u0131n al\u0131nmas\u0131na izin verilecek.<\/p>\n<p style=\"text-align: justify;\"><strong><em>Aman pankart yaz\u0131lmas\u0131n<\/em><\/strong><\/p>\n<p style=\"text-align: justify;\">Seyircilerin \u00fczerinde bulunan bozuk para ve \u00e7akma\u011fa izin vermeyecek olan polis, cebinde ke\u00e7eli kalem ta\u015f\u0131yanlar\u0131 da stada sokmayacak. Bu uygulama ile seyircilerin trib\u00fcnde istenmeyen g\u00f6r\u00fc\u015fleri i\u00e7eren pankartlar\u0131n yaz\u0131lmas\u0131 \u00f6nlenmi\u015f olacak.<\/p>\n<p style=\"text-align: justify;\"><strong><em>Su bardakla sat\u0131lacak<\/em><\/strong><\/p>\n<p style=\"text-align: justify;\">Ma\u00e7a pet \u015fi\u015fe i\u00e7ersinde su veya her hangi bir i\u00e7ecek kesinlikle sokulmayacak. Ma\u00e7 s\u0131ras\u0131nda sular ise plastik bardaklarda da\u011f\u0131t\u0131lacak. Buna uymayan su sat\u0131c\u0131lar\u0131 hakk\u0131nda yasal i\u015flem yap\u0131lacak. Polis, stad\u0131n \u00e7evresindeki seyyar sat\u0131c\u0131lara da izin vermeyecek.<\/p>\n<p style=\"text-align: justify;\"><strong><em>\u00c7evre binalar kontrol alt\u0131nda<\/em><\/strong><\/p>\n<p style=\"text-align: justify;\">Cumhurba\u015fkanl\u0131\u011f\u0131\u2019ndan Bursa\u2019ya gelen \u00f6zel bir heyet, al\u0131nan \u00f6nlemler kapsam\u0131nda stadyumun \u00e7evresindeki binalar\u0131nda kontrol alt\u0131nda tutulmas\u0131n\u0131 da istedi. Buna g\u00f6re Atat\u00fcrk Stad\u0131\u2019n\u0131n \u00e7evresindeki t\u00fcm binalara ma\u00e7 g\u00fcn\u00fc g\u00fcvenlik g\u00f6revlileri taraf\u0131ndan \u00f6zel olarak kontrol edilecek. Bu binalara giren ve \u00e7\u0131kan ki\u015filer belirlenecek. Cumhurba\u015fkanl\u0131\u011f\u0131\u2019ndan gelen, 5 ki\u015filik ekibin, Atat\u00fcrk Stad\u0131\u2019nda konuk ekibin giri\u015f kap\u0131s\u0131n\u0131n yan\u0131na kurulan bas\u0131n \u00e7ad\u0131r\u0131n\u0131n yerini de g\u00fcvenlik nedeniyle de\u011fi\u015ftirdi.<\/p>\n<p style=\"text-align: justify;\"><strong><em>Korumalar\u0131 Bursa\u2019ya geldi<\/em><\/strong><\/p>\n<p style=\"text-align: justify;\">Ermenistan Cumhurba\u015fkan\u0131 Sarkisyan\u2019\u0131n korumas\u0131n\u0131 \u00fcstlenen ve aralar\u0131nda polis m\u00fcd\u00fcr\u00fcn\u00fcn de bulundu\u011fu 17 ki\u015filik \u00f6zel koruma d\u00fcn sabah Ermenistan Milli Tak\u0131m\u0131 ve kafilesini ta\u015f\u0131yan \u00f6zel u\u00e7ak ile Bursa\u2019ya geldiler. Otele yerle\u015fen g\u00f6revliler, g\u00fcn boyunca Sarkisyan\u2019\u0131n program\u0131 kapsam\u0131nda ge\u00e7i\u015f yapacaklar\u0131 g\u00fczergahlarda incelemelerde bulundular.<\/p>\n<p style=\"text-align: justify;\"><strong><em>Sarkisyan ma\u00e7 saati gelecek<\/em><\/strong><\/p>\n<p style=\"text-align: justify;\">Ermenistan Cumhurba\u015fkan\u0131 Sarkisyan\u2019\u0131n ma\u00e7 g\u00fcn\u00fc Bursa\u2019ya gelece\u011fi \u00f6ne s\u00fcr\u00fcld\u00fc. Program\u0131 gizli tutulan Sarkisyan\u2019\u0131n ma\u00e7 g\u00fcn\u00fc saat 16.00\u2019da Yeni\u015fehir Havaalan\u0131\u2019nda kar\u015f\u0131lanaca\u011f\u0131 \u00f6\u011frenildi. Yetkililer, Sarkisyan\u2019\u0131n program\u0131n\u0131n resmi bir ziyaret olmad\u0131\u011f\u0131n\u0131 belirterek, konuk cumhurba\u015fkan\u0131n\u0131n ma\u00e7 saatine kadarki program\u0131n\u0131n daha sonra netlik kazanaca\u011f\u0131n\u0131 bildirdiler.<\/p>\n<p style=\"text-align: justify;\"><strong><em>\u2018Bayrak yasa\u011f\u0131\u2019 mahkemelik<\/em><\/strong><\/p>\n<p style=\"text-align: justify;\">Bursa Atat\u00fcrk Stadyumu\u2019nda T\u00fcrkiye ile Ermenistan milli futbol tak\u0131mlar\u0131 aras\u0131nda oynanacak futbol ma\u00e7\u0131yla ilgili Bursa Valili\u011fi taraf\u0131ndan al\u0131nan, \u201c Azerbaycan bayraklar\u0131n\u0131n stada getirilmemesi ve ta\u015f\u0131nmamas\u0131na ili\u015fkin karara T\u00fcrkiye\u2019nin d\u00f6rtbir yan\u0131ndan tepkiler gelmeye devam ederken, valili\u011fin ilgili karar\u0131 mahkemelik oldu. Konya Barosu avukatlar\u0131ndan Ahmet G\u00fcrol \u015ea\u011fban taraf\u0131ndan m\u00fcvekkilleri Mehmet Karakaya ve Celalettin G\u00fcler ad\u0131na a\u00e7\u0131lan ve Bursa \u0130dare mahkemesigne sunulan dava dilek\u00e7esinde karar\u0131n ba\u015fta anayasaya ve Avrupa \u0130nsan Haklar\u0131 S\u00f6zle\u015fmesi\u2019ne ayk\u0131r\u0131 oldu\u011funa vurgu yap\u0131larak karar\u0131n durdurulmas\u0131 istendi.<\/p>\n<p style=\"text-align: justify;\"><strong><em>H\u00fcrriyete ayk\u0131r\u0131 uygulama<\/em><\/strong><\/p>\n<p style=\"text-align: justify;\">\u201dDemokratik bir cumhuriyet olan T\u00fcrkiye\u2019de vatanda\u015flar\u0131n\u0131n  kayg\u0131 ve tart\u0131\u015fmalarla ilgili d\u00fc\u015f\u00fcncelerini a\u00e7\u0131klama ve yayma h\u00fcrriyetlerinin oldu\u011fu ku\u015fkusuzdur. \u201c denilen dava dilek\u00e7esinde, T\u00fcrkiye ile Ermenistan aras\u0131ndaki  protokol\u00fcn \u00e7ok yak\u0131n bir zamanda TBMM Genel Kurulu g\u00fcndemine  gelece\u011fine dikkat \u00e7ekilerek \u015f\u00f6yle dendi: \u201cT\u00fcrkiye Cumhuriyeti vatanda\u015flar\u0131 kanaatlerini s\u00f6z, yaz\u0131, resim veya ba\u015fka yollarla tek ba\u015f\u0131na veya toplu olarak a\u00e7\u0131klama ve yayma hakk\u0131na sahiptir, bu anayasa\u0131n gere\u011fidir.Bursa Valili\u011fi taraf\u0131ndan al\u0131nan karar h\u00fcrriyeti ba\u011flay\u0131c\u0131, ifadeyi engelleyicidir. \u0130ptal davas\u0131nda, \u201c Azerbaycan Devleti de, \u00f6rne\u011fin ilerde Yunanistan veya ba\u015fka bir \u00fclke ile oynayaca\u011f\u0131 milli bir ma\u00e7a T\u00fcrk bayra\u011f\u0131n\u0131n sokulmas\u0131n\u0131 yasaklayabilir.B\u00f6yle bir durumun ortaya \u00e7\u0131kmas\u0131 kabul edilemez\u201d denildi.<\/p>\n<p style=\"text-align: justify;\"><strong><em>13. maddeyle \u00f6rt\u00fc\u015fm\u00fcyor<\/em><\/strong><\/p>\n<p style=\"text-align: justify;\">\u201cAnayasam\u0131z\u0131n 13. maddesi; temel hak ve h\u00fcrriyetler ancak,  mill\u00ee g\u00fcvenlik, kamu d\u00fczeni, kamu g\u00fcvenli\u011fi, Cumhuriyetin temel nitelikleri ve Devletin \u00fclkesi ve milleti ile b\u00f6l\u00fcnmez b\u00fct\u00fcnl\u00fc\u011f\u00fcn\u00fcn korunmas\u0131, su\u00e7lar\u0131n \u00f6nlenmesi kanunla d\u00fczenlenir h\u00fckm\u00fcn\u00fc vermektedir\u201d denilen dava dilek\u00e7esinde valilik karar\u0131n\u0131n yok h\u00fckm\u00fcnde oldu\u011fu dile getirildi.<\/p>\n<p style=\"text-align: justify;\"><strong><em>Kurtulmu\u015f: T\u00fcrk milletinin hassasiyetleri yok say\u0131ld\u0131<\/em><\/strong><\/p>\n<p style=\"text-align: justify;\">Saadet Partisi (SP) Genel Ba\u015fkan\u0131 Numan Kurtulmu\u015f, s\u0131n\u0131r kap\u0131s\u0131n\u0131n a\u00e7\u0131lmas\u0131na ili\u015fkin protokol\u00fcn imzalanmas\u0131na sert tepki g\u00f6sterdi. Kurtulmu\u015f \u201cB\u00fct\u00fcn samimi uyar\u0131lar\u0131m\u0131za ve milletimizin bu konudaki hassasiyetine ra\u011fmen bu protokol\u00fcn imzalanmas\u0131 kar\u015f\u0131s\u0131nda s\u00f6yleyebilece\u011fimiz tek \u015fey art\u0131k \u015fudur, Yaz\u0131klar olsun!\u201d dedi. Kurtulmu\u015f, protokol\u00fcn, \u201csoyk\u0131r\u0131m\u0131 iddialar\u0131n\u0131 tan\u0131yan ve soyk\u0131r\u0131m\u0131 olmad\u0131\u011f\u0131n\u0131 s\u00f6yleyenlere mahkumiyet veren tek Avrupa \u00fclkesi\u201d \u0130svi\u00e7re\u2019de imzalanm\u0131\u015f olmas\u0131n\u0131n bile manidar oldu\u011funu belirtti.<\/p>\n<p style=\"text-align: justify;\"><span style=\"color: #888888;\">Haber Kayna\u011f\u0131 : <a href=\"http:\/\/www.yenicaggazetesi.com.tr\/haberdetay.php?hit=24526\" target=\"_blank\">yenicaggazetesi.com.tr<\/a><\/span><\/p>\n","protected":false},"excerpt":{"rendered":"<\/p>\n<p style=\"text-align: justify;\">Stad\u0131n \u00e7evresinde ku\u015f u\u00e7amayacak!<\/p>\n<p style=\"text-align: justify;\">G\u00d6R\u00dcLMEM\u0130\u015e g\u00fcvenlik \u00f6nlemleri al\u0131nan T\u00fcrkiye-Ermenistan ma\u00e7\u0131na saatler kala, kulaktan kula\u011fa yay\u0131lan ve internet sitelerine konu olan \u2018\u015fike\u2019 iddialar\u0131 ayyuka \u00e7\u0131kt\u0131. Futbol Federasyonu Asba\u015fkan\u0131 Levent K\u0131z\u0131l, iddialara sert tepki g\u00f6sterdi.<\/p>\n<p style=\"text-align: justify;\">\u2018Bayrak yasa\u011f\u0131\u2019 mahkemelik oldu<\/p>\n<p style=\"text-align: justify;\">BURSA\u2019da oynanacak ma\u00e7ta Azerbaycan bayra\u011f\u0131n\u0131n yasaklanmas\u0131, dava konusu oldu. <\/p>\n","protected":false},"author":1,"featured_media":0,"comment_status":"open","ping_status":"closed","sticky":false,"template":"","format":"standard","meta":{"footnotes":""},"categories":[105],"tags":[],"class_list":["post-15705","post","type-post","status-publish","format-standard","hentry","category-gundem","odd"],"_links":{"self":[{"href":"http:\/\/www.korhanyilmaz.com\/index.php?rest_route=\/wp\/v2\/posts\/15705","targetHints":{"allow":["GET"]}}],"collection":[{"href":"http:\/\/www.korhanyilmaz.com\/index.php?rest_route=\/wp\/v2\/posts"}],"about":[{"href":"http:\/\/www.korhanyilmaz.com\/index.php?rest_route=\/wp\/v2\/types\/post"}],"author":[{"embeddable":true,"href":"http:\/\/www.korhanyilmaz.com\/index.php?rest_route=\/wp\/v2\/users\/1"}],"replies":[{"embeddable":true,"href":"http:\/\/www.korhanyilmaz.com\/index.php?rest_route=%2Fwp%2Fv2%2Fcomments&post=15705"}],"version-history":[{"count":0,"href":"http:\/\/www.korhanyilmaz.com\/index.php?rest_route=\/wp\/v2\/posts\/15705\/revisions"}],"wp:attachment":[{"href":"http:\/\/www.korhanyilmaz.com\/index.php?rest_route=%2Fwp%2Fv2%2Fmedia&parent=15705"}],"wp:term":[{"taxonomy":"category","embeddable":true,"href":"http:\/\/www.korhanyilmaz.com\/index.php?rest_route=%2Fwp%2Fv2%2Fcategories&post=15705"},{"taxonomy":"post_tag","embeddable":true,"href":"http:\/\/www.korhanyilmaz.com\/index.php?rest_route=%2Fwp%2Fv2%2Ftags&post=15705"}],"curies":[{"name":"wp","href":"https:\/\/api.w.org\/{rel}","templated":true}]}}