{"id":15699,"date":"2009-10-12T11:16:55","date_gmt":"2009-10-12T08:16:55","guid":{"rendered":"http:\/\/www.korhanyilmaz.com\/?p=15699"},"modified":"2009-10-12T11:16:55","modified_gmt":"2009-10-12T08:16:55","slug":"%e2%80%98gemicigi-olan-bedel-oder-sehidimiz-fakirdendir%e2%80%99","status":"publish","type":"post","link":"http:\/\/www.korhanyilmaz.com\/?p=15699","title":{"rendered":"\u2018GEM\u0130C\u0130\u011e\u0130 OLAN BEDEL \u00d6DER, \u015eEH\u0130D\u0130M\u0130Z FAK\u0130RDEND\u0130R\u2019"},"content":{"rendered":"<p><a href=\"http:\/\/www.korhanyilmaz.com\/wp-content\/uploads\/2009\/10\/AR\u0130NC.jpg\"  class=\"lightview\"><img loading=\"lazy\" decoding=\"async\" class=\"aligncenter size-full wp-image-15700\" src=\"http:\/\/www.korhanyilmaz.com\/wp-content\/uploads\/2009\/10\/AR\u0130NC.jpg\" alt=\"\" width=\"409\" height=\"222\" \/><\/a><\/p>\n<p style=\"text-align: justify;\">Devlet Bakan\u0131 B\u00fclent Ar\u0131n\u00e7, \u00f6nceki g\u00fcn Alanya\u2019da partisinin il\u00e7e ba\u015fkanl\u0131\u011f\u0131n\u0131 ziyaretinde \u201cDemokratik a\u00e7\u0131l\u0131m\u201d\u0131 anlat\u0131rken Demirel taklidi yaparak, art\u0131k pop\u00fclizm d\u00f6neminin bitti\u011fini, halka yalan s\u00f6ylemediklerini s\u00f6yledi. Ar\u0131n\u00e7 \u201cT\u00fcrkiye\u2019de tuzu kuru olanlar\u0131n \u00e7ocuklar\u0131n\u0131n G\u00fcneydo\u011fu\u2019da askerlik yapmad\u0131klar\u0131n\u0131, i\u00e7 g\u00fcvenlik b\u00f6lgelerinde hep Anadolu \u00e7ocuklar\u0131n\u0131n askerlik yapt\u0131klar\u0131n\u0131\u201d s\u00f6yledi. <!--more--><\/p>\n<p style=\"text-align: justify;\">B\u00fclent Ar\u0131n\u00e7\u2019\u0131n s\u00f6zleri ak\u0131llara yak\u0131n ge\u00e7mi\u015fte \u015fehit olan Piyade Er Bahad\u0131r Han Solak&#8217;\u0131n cenazesinde arkada\u015flar\u0131n\u0131n a\u00e7t\u0131\u011f\u0131 pankart\u0131 getirdi:<\/p>\n<p style=\"text-align: justify;\"><strong><em>\u201cYemen yolu \u00e7amurdand\u0131r,sefertas\u0131 bak\u0131rdand\u0131r,gemici\u011fi olan bedel \u00f6der,\u015fehidimiz fakirdendir\u201d <\/em><\/strong><\/p>\n<p style=\"text-align: justify;\">Hat\u0131rlanaca\u011f\u0131 \u00fczere polis pankarta m\u00fcdahale etmi\u015f ve \u015fehidin arkada\u015flar\u0131 g\u00f6zalt\u0131na al\u0131nm\u0131\u015ft\u0131.<\/p>\n<p style=\"text-align: justify;\">Peki, AKP\u2019nin kurmay kadrosunun \u00e7ocuklar\u0131n\u0131n askerlik durumlar\u0131na bakt\u0131\u011f\u0131m\u0131zda kar\u015f\u0131m\u0131za nas\u0131l bir tablo \u00e7\u0131k\u0131yor, hep beraber g\u00f6relim:<\/p>\n<p style=\"text-align: justify;\"><strong><em>Burak Erdo\u011fan<\/em><\/strong>: Recep Tayyip Erdo\u011fan\u2019\u0131n o\u011flu, Kas\u0131mpa\u015fa Deniz Hastanesinden \u201c\u00c7\u00fcr\u00fck Raporu\u201d ald\u0131.<\/p>\n<p style=\"text-align: justify;\"><strong><em>Bilal Erdo\u011fan<\/em><\/strong>: Recep Tayyip Erdo\u011fan\u2019\u0131n o\u011flu, Amerika\u2019da ya\u015f\u0131yor. Burdur\u2019da d\u00f6vizli askerlik yapt\u0131.<\/p>\n<p style=\"text-align: justify;\"><strong><em>Berat Albayrak<\/em><\/strong>: Recep Tayyip Erdo\u011fan\u2019\u0131n damad\u0131. Sad\u0131k Albayrak\u2019\u0131n o\u011flu. Burdur\u2019da bedelli askerlik yapt\u0131.<\/p>\n<p style=\"text-align: justify;\"><strong><em>Ahmet M\u00fccahit Ar\u0131n\u00e7<\/em><\/strong>: B\u00fclent Ar\u0131n\u00e7\u2019\u0131n o\u011flu. Bu y\u0131l Bilkent \u00dcniversitesi\u2019nden mezun oldu. Mezun olur olmaz T\u00fcrkiye Odalar ve Borsalar Birli\u011fi b\u00fcnyesindeki TEPAV&#8217;da siyaset dan\u0131\u015fman\u0131 kadrosuna al\u0131nd\u0131. Tecilli, hen\u00fcz askerli\u011fini yapmad\u0131.<\/p>\n<p style=\"text-align: justify;\"><strong><em>B\u00fclent Y\u0131ld\u0131r\u0131m<\/em><\/strong>: Ula\u015ft\u0131rma Bakan\u0131 Binali Y\u0131ld\u0131r\u0131m\u2019\u0131n o\u011flu. 2006 y\u0131l\u0131nda AKP\u2019lilerin her \u015fehit cenazesinde \u2018yuhaland\u0131\u011f\u0131\u2019 bir d\u00f6nemde g\u00f6n\u00fcll\u00fc olarak Birle\u015fmi\u015f Milletler Bar\u0131\u015f G\u00fcc\u00fc-UNIFIL komutas\u0131nda g\u00f6rev yapan TCG Gaziantep Firkatey\u2019ninde, L\u00fcbnan a\u00e7\u0131klar\u0131nda askerlik yapt\u0131.<\/p>\n<p style=\"text-align: justify;\"><strong><em>Ramazan Akda\u011f<\/em><\/strong>: Sa\u011fl\u0131k Bakan\u0131 Recep Akda\u011f\u2019\u0131n o\u011flu. Recep Akda\u011f\u2019\u0131 \u015fa\u015f\u0131rtan bir protesto ile Bilkent \u00dcniversitesi\u2019nden bu y\u0131l mezun oldu, tecil ald\u0131. Hen\u00fcz askerli\u011fini yapmad\u0131.<\/p>\n<p style=\"text-align: justify;\"><strong><em>Cem \u015eahin<\/em><\/strong>: TBMM Ba\u015fkan\u0131 Mehmet Ali \u015eahin\u2019in o\u011flu. Erzurum 9. Kolordu Komutanl\u0131\u011f\u0131\u2019nda askerli\u011fini yap\u0131yor. \u0130\u00e7 g\u00fcvenlik b\u00f6lgesi i\u00e7inde de\u011fil.<\/p>\n<p style=\"text-align: justify;\"><strong><em>Kaan \u00c7a\u011flayan ve \u00c7a\u011fan \u00c7a\u011flayan<\/em><\/strong>: Mehmet Zafer \u00c7a\u011flayan\u2019\u0131n o\u011fullar\u0131. \u00dcniversite \u00f6\u011frencileri. Kaan \u00c7a\u011flayan lahmacun, \u00c7a\u011fan \u00c7a\u011flayan hamburger restoran\u0131 i\u015fletiyor. Hen\u00fcz askerliklerini yapmad\u0131lar.<\/p>\n<p style=\"text-align: justify;\">\u015eimdi yeniden sormak durumunday\u0131z. B\u00fclent Ar\u0131n\u00e7 \u201cTuzu Kuru\u201d diye kime dedi?<\/p>\n<p style=\"text-align: justify;\"><span style=\"color: #888888;\">Odatv.com<\/span><\/p>\n","protected":false},"excerpt":{"rendered":"<\/p>\n<p style=\"text-align: justify;\">Devlet Bakan\u0131 B\u00fclent Ar\u0131n\u00e7, \u00f6nceki g\u00fcn Alanya\u2019da partisinin il\u00e7e ba\u015fkanl\u0131\u011f\u0131n\u0131 ziyaretinde \u201cDemokratik a\u00e7\u0131l\u0131m\u201d\u0131 anlat\u0131rken Demirel taklidi yaparak, art\u0131k pop\u00fclizm d\u00f6neminin bitti\u011fini, halka yalan s\u00f6ylemediklerini s\u00f6yledi. Ar\u0131n\u00e7 \u201cT\u00fcrkiye\u2019de tuzu kuru olanlar\u0131n \u00e7ocuklar\u0131n\u0131n G\u00fcneydo\u011fu\u2019da askerlik yapmad\u0131klar\u0131n\u0131, i\u00e7 g\u00fcvenlik b\u00f6lgelerinde hep Anadolu \u00e7ocuklar\u0131n\u0131n askerlik yapt\u0131klar\u0131n\u0131\u201d s\u00f6yledi. <\/p>\n","protected":false},"author":1,"featured_media":0,"comment_status":"open","ping_status":"closed","sticky":false,"template":"","format":"standard","meta":{"footnotes":""},"categories":[105],"tags":[],"class_list":["post-15699","post","type-post","status-publish","format-standard","hentry","category-gundem","odd"],"_links":{"self":[{"href":"http:\/\/www.korhanyilmaz.com\/index.php?rest_route=\/wp\/v2\/posts\/15699","targetHints":{"allow":["GET"]}}],"collection":[{"href":"http:\/\/www.korhanyilmaz.com\/index.php?rest_route=\/wp\/v2\/posts"}],"about":[{"href":"http:\/\/www.korhanyilmaz.com\/index.php?rest_route=\/wp\/v2\/types\/post"}],"author":[{"embeddable":true,"href":"http:\/\/www.korhanyilmaz.com\/index.php?rest_route=\/wp\/v2\/users\/1"}],"replies":[{"embeddable":true,"href":"http:\/\/www.korhanyilmaz.com\/index.php?rest_route=%2Fwp%2Fv2%2Fcomments&post=15699"}],"version-history":[{"count":0,"href":"http:\/\/www.korhanyilmaz.com\/index.php?rest_route=\/wp\/v2\/posts\/15699\/revisions"}],"wp:attachment":[{"href":"http:\/\/www.korhanyilmaz.com\/index.php?rest_route=%2Fwp%2Fv2%2Fmedia&parent=15699"}],"wp:term":[{"taxonomy":"category","embeddable":true,"href":"http:\/\/www.korhanyilmaz.com\/index.php?rest_route=%2Fwp%2Fv2%2Fcategories&post=15699"},{"taxonomy":"post_tag","embeddable":true,"href":"http:\/\/www.korhanyilmaz.com\/index.php?rest_route=%2Fwp%2Fv2%2Ftags&post=15699"}],"curies":[{"name":"wp","href":"https:\/\/api.w.org\/{rel}","templated":true}]}}