{"id":15684,"date":"2009-10-12T08:50:25","date_gmt":"2009-10-12T05:50:25","guid":{"rendered":"http:\/\/www.korhanyilmaz.com\/?p=15684"},"modified":"2009-10-12T08:50:25","modified_gmt":"2009-10-12T05:50:25","slug":"turkiye-israili-tatbikatta-istemedi","status":"publish","type":"post","link":"http:\/\/www.korhanyilmaz.com\/?p=15684","title":{"rendered":"T\u00fcrkiye \u0130srail&#8217;i tatbikatta istemedi"},"content":{"rendered":"<p><a href=\"http:\/\/www.korhanyilmaz.com\/wp-content\/uploads\/2009\/10\/\u0130SRA\u0130L.jpg\"  class=\"lightview\"><img loading=\"lazy\" decoding=\"async\" class=\"aligncenter size-full wp-image-15685\" src=\"http:\/\/www.korhanyilmaz.com\/wp-content\/uploads\/2009\/10\/\u0130SRA\u0130L.jpg\" alt=\"\" width=\"292\" height=\"191\" \/><\/a><\/p>\n<p style=\"text-align: justify;\">&#8220;Anadolu Kartal\u0131&#8221; tatbikat\u0131, T\u00fcrkiye ile \u0130srail aras\u0131nda yeni bir Davos krizi mi yarat\u0131yor? Tatbikat\u0131n, \u0130srail&#8217;in de kat\u0131lmas\u0131 planlanan uluslararas\u0131 b\u00f6l\u00fcm\u00fc iptal edildi. \u0130srailli kaynaklar, Ankara&#8217;n\u0131n Gazze operasyonu sebebiyle \u0130srail&#8217;in kat\u0131l\u0131m\u0131n\u0131 istemedi\u011fini savundu. Talebin, do\u011frudan Ba\u015fbakan Recep Tayyip Erdo\u011fan&#8217;dan geldi\u011fi iddias\u0131nda bulundu.<\/p>\n<p style=\"text-align: justify;\">Konu, \u0130srail D\u0131\u015fi\u015fleri Bakanl\u0131\u011f\u0131&#8217;nda d\u00fcn yap\u0131lan ola\u011fan\u00fcst\u00fc g\u00fcvenlik toplant\u0131s\u0131nda ele al\u0131nd\u0131. <!--more--><\/p>\n<p style=\"text-align: justify;\">Haaretz gazetesine g\u00f6re, &#8220;T\u00fcrkiye ile \u0130srail aras\u0131ndaki stratejik ba\u011flar tehdit alt\u0131nda&#8221;.<\/p>\n<p style=\"text-align: justify;\">\u0130ddialara g\u00f6re, T\u00fcrk askeri yetkilileri ge\u00e7en hafta \u0130srail&#8217;e, \u0130srail Hava Kuvvetleri&#8217;nin &#8220;Anadolu Kartal\u0131&#8221; tatbikat\u0131na al\u0131nmayaca\u011f\u0131n\u0131 bildirdi. \u0130ptal talebinin, do\u011frudan Ba\u015fbakan Erdo\u011fan&#8217;dan geldi\u011fini \u00f6ne s\u00fcr\u00fcl\u00fcyor.<\/p>\n<p style=\"text-align: justify;\">\u0130srail ile beraber tatbikata kat\u0131lmas\u0131 planlanan Amerika, Hollanda ve \u0130talya&#8217;n\u0131n da bu karar\u0131n ard\u0131ndan tatbikattan \u00e7ekildi\u011fi iddia edildi.<\/p>\n<p style=\"text-align: justify;\">Amerikal\u0131 yetkililer, \u015fimdilik sadece tatbikat\u0131n &#8220;ertelendi\u011fini&#8221; s\u00f6yl\u00fcyor.<\/p>\n<p style=\"text-align: justify;\">\u0130srail D\u0131\u015fi\u015fleri S\u00f6zc\u00fcs\u00fc konuyla ilgili a\u00e7\u0131klamas\u0131nda, bu ad\u0131m\u0131n\u0131n NATO, Avrupa ve Amerika&#8217;n\u0131n \u00e7\u0131karlar\u0131n\u0131 da etkileyece\u011fini s\u00f6yledi.<\/p>\n<p style=\"text-align: justify;\"><span style=\"color: #888888;\">CNN T\u00dcRK<\/span><\/p>\n","protected":false},"excerpt":{"rendered":"<\/p>\n<p style=\"text-align: justify;\">&#8220;Anadolu Kartal\u0131&#8221; tatbikat\u0131, T\u00fcrkiye ile \u0130srail aras\u0131nda yeni bir Davos krizi mi yarat\u0131yor? Tatbikat\u0131n, \u0130srail&#8217;in de kat\u0131lmas\u0131 planlanan uluslararas\u0131 b\u00f6l\u00fcm\u00fc iptal edildi. \u0130srailli kaynaklar, Ankara&#8217;n\u0131n Gazze operasyonu sebebiyle \u0130srail&#8217;in kat\u0131l\u0131m\u0131n\u0131 istemedi\u011fini savundu. Talebin, do\u011frudan Ba\u015fbakan Recep Tayyip Erdo\u011fan&#8217;dan geldi\u011fi iddias\u0131nda bulundu.<\/p>\n<p style=\"text-align: justify;\">Konu, \u0130srail D\u0131\u015fi\u015fleri Bakanl\u0131\u011f\u0131&#8217;nda d\u00fcn yap\u0131lan ola\u011fan\u00fcst\u00fc g\u00fcvenlik toplant\u0131s\u0131nda <\/p>\n","protected":false},"author":1,"featured_media":0,"comment_status":"open","ping_status":"closed","sticky":false,"template":"","format":"standard","meta":{"footnotes":""},"categories":[3],"tags":[],"class_list":["post-15684","post","type-post","status-publish","format-standard","hentry","category-dunya","odd"],"_links":{"self":[{"href":"http:\/\/www.korhanyilmaz.com\/index.php?rest_route=\/wp\/v2\/posts\/15684","targetHints":{"allow":["GET"]}}],"collection":[{"href":"http:\/\/www.korhanyilmaz.com\/index.php?rest_route=\/wp\/v2\/posts"}],"about":[{"href":"http:\/\/www.korhanyilmaz.com\/index.php?rest_route=\/wp\/v2\/types\/post"}],"author":[{"embeddable":true,"href":"http:\/\/www.korhanyilmaz.com\/index.php?rest_route=\/wp\/v2\/users\/1"}],"replies":[{"embeddable":true,"href":"http:\/\/www.korhanyilmaz.com\/index.php?rest_route=%2Fwp%2Fv2%2Fcomments&post=15684"}],"version-history":[{"count":0,"href":"http:\/\/www.korhanyilmaz.com\/index.php?rest_route=\/wp\/v2\/posts\/15684\/revisions"}],"wp:attachment":[{"href":"http:\/\/www.korhanyilmaz.com\/index.php?rest_route=%2Fwp%2Fv2%2Fmedia&parent=15684"}],"wp:term":[{"taxonomy":"category","embeddable":true,"href":"http:\/\/www.korhanyilmaz.com\/index.php?rest_route=%2Fwp%2Fv2%2Fcategories&post=15684"},{"taxonomy":"post_tag","embeddable":true,"href":"http:\/\/www.korhanyilmaz.com\/index.php?rest_route=%2Fwp%2Fv2%2Ftags&post=15684"}],"curies":[{"name":"wp","href":"https:\/\/api.w.org\/{rel}","templated":true}]}}