{"id":15681,"date":"2009-10-11T18:50:57","date_gmt":"2009-10-11T15:50:57","guid":{"rendered":"http:\/\/www.korhanyilmaz.com\/?p=15681"},"modified":"2009-10-11T18:50:57","modified_gmt":"2009-10-11T15:50:57","slug":"edibe-sozen-gitti-yerine-huseyin-celik-geldi","status":"publish","type":"post","link":"http:\/\/www.korhanyilmaz.com\/?p=15681","title":{"rendered":"Edibe S\u00f6zen gitti yerine H\u00fcseyin \u00c7elik geldi"},"content":{"rendered":"<p style=\"text-align: center;\"><a href=\"http:\/\/www.korhanyilmaz.com\/wp-content\/uploads\/2009\/10\/ED\u0130BE.jpg\"  class=\"lightview\"><img loading=\"lazy\" decoding=\"async\" class=\"aligncenter size-full wp-image-15682\" src=\"http:\/\/www.korhanyilmaz.com\/wp-content\/uploads\/2009\/10\/ED\u0130BE.jpg\" alt=\"\" width=\"307\" height=\"236\" \/><\/a><\/p>\n<p style=\"text-align: justify;\">AK Parti&#8217;de kongre sonras\u0131 yeni y\u00f6netim belirlendi. Ba\u015fbakan Recep Tayyip Erdo\u011fan, &#8220;Kevin Costner da a\u00e7\u0131l\u0131m\u0131 destekliyor&#8221; diyen Edibe S\u00f6zen&#8217;i yeni y\u00f6netim kadrosunun d\u0131\u015f\u0131nda b\u0131rakt\u0131.<\/p>\n<p style=\"text-align: justify;\">Yeni y\u00f6netim ilk olarak genel g\u00f6r\u00fc\u015fme i\u00e7in Meclis takvimini belirleyecek. Erdo\u011fan CHP lideri Deniz Baykal&#8217;dan gelecek yan\u0131t\u0131n takvim i\u00e7in etkili olaca\u011f\u0131n\u0131 s\u00f6yledi.<\/p>\n<p style=\"text-align: justify;\">Erdo\u011fan &#8220;S\u00fcre\u00e7 i\u00e7in referandumu g\u00f6ze al\u0131r\u0131z&#8221; diyen Ba\u015fbakan Yard\u0131mc\u0131s\u0131 B\u00fclent Ar\u0131n\u00e7&#8217;\u0131 da d\u00fczeltti.<\/p>\n<p style=\"text-align: justify;\">Ba\u015fbakan Erdo\u011fan, toplant\u0131n\u0131n ard\u0131ndan kameralar\u0131n kar\u015f\u0131s\u0131na ge\u00e7ti ve partisinin Merkez Y\u00fcr\u00fctme Kurulu (MYK) \u00fcyelerinin belirlenerek, g\u00f6rev da\u011f\u0131l\u0131m\u0131n\u0131n yap\u0131ld\u0131\u011f\u0131n\u0131 bildirdi. <!--more--><\/p>\n<p style=\"text-align: justify;\">T\u00fcrkiye&#8217;nin daha g\u00fczel g\u00fcnlere do\u011fru yol ald\u0131\u011f\u0131n\u0131 d\u00fc\u015f\u00fcnd\u00fcklerini s\u00f6yleyen Erdo\u011fan, s\u00f6zlerini \u015f\u00f6yle s\u00fcrd\u00fcrd\u00fc:<\/p>\n<p style=\"text-align: justify;\">&#8220;AK Parti iktidar\u0131 ve AK Parti kadrolar\u0131, T\u00fcrkiye&#8217;nin \u00e7a\u011fda\u015f, muas\u0131r medeniyet seviyesinin \u00fczerine \u00e7\u0131kma hedefi do\u011frultusunda kararl\u0131 y\u00fcr\u00fcy\u00fc\u015f\u00fcn\u00fc devam ettirmektedir. Merkez Karar ve Y\u00f6netim Kurulumuzu yeniden \u015fekillendirdik. Olu\u015fumda buna \u00f6zellikle dikkat ettik. Biraz \u00f6nce yapt\u0131\u011f\u0131m\u0131z ilk toplant\u0131m\u0131zda Merkez Y\u00fcr\u00fctme Kurulumuzu da belirleyerek, g\u00f6rev da\u011f\u0131l\u0131mlar\u0131n\u0131 yapt\u0131k. Ekibimizi tazeleyerek, bayrak de\u011fi\u015fimi yaparak, yolumuza devam ediyoruz.<\/p>\n<p style=\"text-align: justify;\">Ne Merkez Karar Y\u00f6netim Kurulu&#8217;nda ne de Merkez Y\u00fcr\u00fctme Kurulu&#8217;nda yapt\u0131\u011f\u0131m\u0131z de\u011fi\u015fiklikler, g\u00f6revi devreden arkada\u015flar\u0131m\u0131z a\u00e7\u0131s\u0131ndan asla ve asla bir ba\u015far\u0131s\u0131zl\u0131k olarak, uzakla\u015ft\u0131rma olarak alg\u0131lanmamal\u0131d\u0131r. E\u011fer b\u00f6yle bir d\u00fc\u015f\u00fcnce olursa, bu arkada\u015flar\u0131ma \u00e7ok ciddi bir haks\u0131zl\u0131k olur. Bu sadece bir g\u00f6rev de\u011fi\u015fimidir. Bu bayrak yar\u0131\u015f\u0131nda bayra\u011f\u0131n bir ba\u015fka arkada\u015f\u0131m\u0131za devredilmesidir.<\/p>\n<p style=\"text-align: justify;\">Bu bir yenilenme, bir heyecan tazelemedir. Bug\u00fcnden itibaren t\u00fcm te\u015fkilat\u0131m\u0131zla, t\u00fcm kurullar\u0131m\u0131zla, t\u00fcm arkada\u015flar\u0131m\u0131zla, g\u00f6revda\u015flar\u0131m\u0131zla T\u00fcrkiye i\u00e7in her zamankinden daha fazla bir azimle \u00e7al\u0131\u015fmay\u0131 s\u00fcrd\u00fcrece\u011fiz.&#8221;<\/p>\n<p style=\"text-align: justify;\"><strong><em>&#8220;Tazeleniyoruz&#8221; <\/em><\/strong><\/p>\n<p style=\"text-align: justify;\">Ba\u015fbakan Erdo\u011fan, her g\u00fcn\u00fc yeni bir g\u00fcn, her sabah\u0131 taze bir ba\u015flang\u0131\u00e7 olarak g\u00f6rd\u00fcklerini, her g\u00fcn tazelenerek, yenilenerek T\u00fcrkiye&#8217;yi b\u00fcy\u00fcteceklerini, \u00fclkeyi ve milleti y\u00fccelteceklerini ifade etti.<\/p>\n<p style=\"text-align: justify;\"><strong><em>Erdo\u011fan&#8217;\u0131n a\u00e7\u0131klamas\u0131na g\u00f6re, Merkez Y\u00fcr\u00fctme Kurulu \u015f\u00f6yle olu\u015ftu: <\/em><\/strong><\/p>\n<p style=\"text-align: justify;\">&#8220;Siyasi ve Hukuki \u0130\u015flerden Sorumlu Genel Ba\u015fkan Yard\u0131mc\u0131s\u0131 Abd\u00fclkadir Aksu, Te\u015fkilat \u0130\u015flerinden Sorumlu Genel Ba\u015fkan Yard\u0131mc\u0131s\u0131 Ekrem Erdem, Se\u00e7im \u0130\u015flerinden Sorumlu Genel Ba\u015fkan Yard\u0131mc\u0131s\u0131 Haluk \u0130pek, Tan\u0131t\u0131m ve Medya Ba\u015fkanl\u0131\u011f\u0131ndan Sorumlu Genel Ba\u015fkan Yard\u0131mc\u0131s\u0131 H\u00fcseyin \u00c7elik, D\u0131\u015f \u0130li\u015fkilerden Sorumlu Genel Ba\u015fkan Yard\u0131mc\u0131s\u0131 K\u00fcr\u015fad T\u00fczmen, Sosyal \u0130\u015flerden Sorumlu Genel Ba\u015fkan Yard\u0131mc\u0131s\u0131 N\u00fckhet Hotar, Yerel Y\u00f6netimlerden Sorumlu Genel Ba\u015fkan Yard\u0131mc\u0131s\u0131 H\u00fcseyin Tanr\u0131verdi, Ekonomik \u0130\u015flerden Sorumlu Genel Ba\u015fkan Yard\u0131mc\u0131s\u0131 B\u00fclent Gedikli, Halkla \u0130li\u015fkilerden Sorumlu Genel Ba\u015fkan Yard\u0131mc\u0131s\u0131 Salih Kapusuz, Mali ve \u0130dari \u0130\u015flerden Sorumlu Genel Ba\u015fkan Yard\u0131mc\u0131s\u0131 Ahmet Edip U\u011furlu, Ar-Ge&#8217;den Sorumlu Genel Ba\u015fkan Yard\u0131mc\u0131s\u0131 Reha Deneme\u00e7 ve Genel Sekreter \u0130dris Naim \u015eahin.&#8221;<\/p>\n<p style=\"text-align: justify;\">Bu arada, Te\u015fkilat \u0130\u015flerinden Sorumlu Genel Ba\u015fkan Yard\u0131mc\u0131s\u0131 Ekrem Erdem, Tan\u0131t\u0131m ve Medya Ba\u015fkanl\u0131\u011f\u0131ndan Sorumlu Genel Ba\u015fkan Yard\u0131mc\u0131s\u0131 H\u00fcseyin \u00c7elik, D\u0131\u015f \u0130li\u015fkilerden Sorumlu Genel Ba\u015fkan Yard\u0131mc\u0131s\u0131 K\u00fcr\u015fad T\u00fczmen ve Halkla \u0130li\u015fkilerden Sorumlu Genel Ba\u015fkan Yard\u0131mc\u0131s\u0131 Salih Kapusuz ilk kez MYK&#8217;ya girdi.<\/p>\n<p style=\"text-align: justify;\">\u00d6te yandan, daha \u00f6nce Te\u015fkilat \u0130\u015flerinden Sorumlu Genel Ba\u015fkan Yard\u0131mc\u0131l\u0131\u011f\u0131 g\u00f6revini y\u00fcr\u00fcten Haluk \u0130pek Se\u00e7im \u0130\u015flerinden Sorumlu Genel Ba\u015fkan Yard\u0131mc\u0131s\u0131 oldu. Tan\u0131t\u0131m ve Medya Ba\u015fkanl\u0131\u011f\u0131n\u0131 y\u00fcr\u00fcten Edibe S\u00f6zen&#8217;in yerine H\u00fcseyin \u00c7elik g\u00f6revlendirildi. Halkla \u0130li\u015fkilerden Sorumlu Genel Ba\u015fkan Yard\u0131mc\u0131s\u0131 \u015e\u00fckr\u00fc Ayalan&#8217;\u0131n yerine ise Salih Kapusuz getirildi.<\/p>\n<p style=\"text-align: justify;\"><span style=\"color: #888888;\">CNN T\u00dcRK<\/span><\/p>\n","protected":false},"excerpt":{"rendered":"<p style=\"text-align: center;\">\n<p style=\"text-align: justify;\">AK Parti&#8217;de kongre sonras\u0131 yeni y\u00f6netim belirlendi. Ba\u015fbakan Recep Tayyip Erdo\u011fan, &#8220;Kevin Costner da a\u00e7\u0131l\u0131m\u0131 destekliyor&#8221; diyen Edibe S\u00f6zen&#8217;i yeni y\u00f6netim kadrosunun d\u0131\u015f\u0131nda b\u0131rakt\u0131.<\/p>\n<p style=\"text-align: justify;\">Yeni y\u00f6netim ilk olarak genel g\u00f6r\u00fc\u015fme i\u00e7in Meclis takvimini belirleyecek. Erdo\u011fan CHP lideri Deniz Baykal&#8217;dan gelecek yan\u0131t\u0131n takvim i\u00e7in etkili olaca\u011f\u0131n\u0131 s\u00f6yledi.<\/p>\n<p style=\"text-align:  \n\n","protected":false},"author":1,"featured_media":0,"comment_status":"open","ping_status":"closed","sticky":false,"template":"","format":"standard","meta":{"footnotes":""},"categories":[105],"tags":[],"class_list":["post-15681","post","type-post","status-publish","format-standard","hentry","category-gundem","odd"],"_links":{"self":[{"href":"http:\/\/www.korhanyilmaz.com\/index.php?rest_route=\/wp\/v2\/posts\/15681","targetHints":{"allow":["GET"]}}],"collection":[{"href":"http:\/\/www.korhanyilmaz.com\/index.php?rest_route=\/wp\/v2\/posts"}],"about":[{"href":"http:\/\/www.korhanyilmaz.com\/index.php?rest_route=\/wp\/v2\/types\/post"}],"author":[{"embeddable":true,"href":"http:\/\/www.korhanyilmaz.com\/index.php?rest_route=\/wp\/v2\/users\/1"}],"replies":[{"embeddable":true,"href":"http:\/\/www.korhanyilmaz.com\/index.php?rest_route=%2Fwp%2Fv2%2Fcomments&post=15681"}],"version-history":[{"count":0,"href":"http:\/\/www.korhanyilmaz.com\/index.php?rest_route=\/wp\/v2\/posts\/15681\/revisions"}],"wp:attachment":[{"href":"http:\/\/www.korhanyilmaz.com\/index.php?rest_route=%2Fwp%2Fv2%2Fmedia&parent=15681"}],"wp:term":[{"taxonomy":"category","embeddable":true,"href":"http:\/\/www.korhanyilmaz.com\/index.php?rest_route=%2Fwp%2Fv2%2Fcategories&post=15681"},{"taxonomy":"post_tag","embeddable":true,"href":"http:\/\/www.korhanyilmaz.com\/index.php?rest_route=%2Fwp%2Fv2%2Ftags&post=15681"}],"curies":[{"name":"wp","href":"https:\/\/api.w.org\/{rel}","templated":true}]}}