{"id":15677,"date":"2009-10-11T14:43:21","date_gmt":"2009-10-11T11:43:21","guid":{"rendered":"http:\/\/www.korhanyilmaz.com\/?p=15677"},"modified":"2009-10-11T14:43:21","modified_gmt":"2009-10-11T11:43:21","slug":"halit-refigi-kaybettik","status":"publish","type":"post","link":"http:\/\/www.korhanyilmaz.com\/?p=15677","title":{"rendered":"Halit Refi\u011f&#8217;i kaybettik"},"content":{"rendered":"<p><a href=\"http:\/\/www.korhanyilmaz.com\/wp-content\/uploads\/2009\/10\/halitrefig.jpg\"  class=\"lightview\"><img loading=\"lazy\" decoding=\"async\" class=\"aligncenter size-full wp-image-15678\" src=\"http:\/\/www.korhanyilmaz.com\/wp-content\/uploads\/2009\/10\/halitrefig.jpg\" alt=\"\" width=\"292\" height=\"194\" \/><\/a><\/p>\n<p style=\"text-align: justify;\">Y\u00f6netmen Halit Refi\u011f, bir s\u00fcredir tedavi g\u00f6rd\u00fc\u011f\u00fc hastanede ya\u015fam\u0131n\u0131 yitirdi.<\/p>\n<p style=\"text-align: justify;\">Memorial Hastanesi&#8217;nde &#8220;safra kanal\u0131nda t\u00fcm\u00f6r&#8221; te\u015fhisiyle 28 A\u011fustos&#8217;ta tedavi alt\u0131na al\u0131nan Halit Refi\u011f, d\u00fcn yo\u011fun bak\u0131ma al\u0131nd\u0131.<\/p>\n<p style=\"text-align: justify;\">Halit Refi\u011f, doktorlar\u0131n b\u00fct\u00fcn m\u00fcdahalelerine ra\u011fmen, saat 08.20 s\u0131ralar\u0131nda hayat\u0131n\u0131 kaybetti.<\/p>\n<p style=\"text-align: justify;\">Bir s\u00fcre \u00f6nce kendisi i\u00e7in organize edilen &#8220;Ustalara Sayg\u0131&#8221; gecesinde yapt\u0131\u011f\u0131 konu\u015fmada, 1960&#8217;l\u0131 y\u0131llardan bu yana emek verdi\u011fi T\u00fcrk sinemas\u0131n\u0131n hayat\u0131nda \u00e7ok \u00f6nemli bir yere sahip oldu\u011funu belirten Refi\u011f, hayat\u0131ndaki her \u015feyi sinemaya bor\u00e7lu oldu\u011funu anlatarak, T\u00fcrk sinemas\u0131 ad\u0131na daha yap\u0131lacak \u00e7ok \u015fey oldu\u011funu dile getirmi\u015fti. <!--more--><\/p>\n<p style=\"text-align: justify;\"><strong><em>Halit Refi\u011f kimdir? <\/em><\/strong><\/p>\n<p style=\"text-align: justify;\">1934\u2019te \u0130zmir\u2019de d\u00fcnyaya geldi. \u0130lk ve orta \u00f6\u011frenimini \u015ei\u015fli Terakki Lisesi&#8217;nde tamamlad\u0131. Robert Kolej M\u00fchendislik B\u00f6l\u00fcm\u00fc&#8217;nde okudu. Okul bittikten sonra askerli\u011fini yedek subay olarak Kore&#8217;de yapt\u0131. Bu s\u0131rada amat\u00f6rce 8mm filmler \u00e7ekti.<\/p>\n<p style=\"text-align: justify;\">1956&#8217;da, Nijat \u00d6z\u00f6n ile birlikte yay\u0131nlad\u0131klar\u0131 &#8220;Sinema&#8221;, &#8220;Kim&#8221; isimli dergilerde, &#8220;Yeni Sabah&#8221; ve &#8220;Ak\u015fam&#8221; gazetelerinde sinema ele\u015ftirileri yazd\u0131. At\u0131f Y\u0131lmaz\u2019\u0131n &#8220;Ya\u015famak Hakk\u0131md\u0131r&#8221; isimli filmin asistanl\u0131\u011f\u0131n\u0131 yaparak sinema alan\u0131ndaki ilk \u00e7al\u0131\u015fmas\u0131n\u0131 ger\u00e7ekle\u015ftirdi.<\/p>\n<p style=\"text-align: justify;\">1960\u2019ta ilk film olan \u201cYasak A\u015fk\u201d\u0131 \u00e7ekti. 1963\u2019te \u015eehirdeki Yabanc\u0131, 1964\u2019te Gurbet Ku\u015flar\u0131, Haremde D\u00f6rt Kad\u0131n, Bir T\u00fcrk&#8217;e G\u00f6n\u00fcl Verdim filmlerini \u00e7ekti ve bu filmlerle Moskova, Yeni Delhi ve Sorrento Film Festivallerinde \u00e7e\u015fitli \u00f6d\u00fcller kazand\u0131. 1964 y\u0131l\u0131nda Gurbet Ku\u015flar\u0131 ile Antalya Alt\u0131n Portakal Film Festivalinde En \u0130yi Y\u00f6netmen \u00d6d\u00fcl\u00fcn\u00fc ald\u0131.<\/p>\n<p style=\"text-align: justify;\"><a href=\"http:\/\/www.korhanyilmaz.com\/wp-content\/uploads\/2009\/10\/halitrefig2.jpg\"  class=\"lightview\"><img loading=\"lazy\" decoding=\"async\" class=\"aligncenter size-full wp-image-15679\" src=\"http:\/\/www.korhanyilmaz.com\/wp-content\/uploads\/2009\/10\/halitrefig2.jpg\" alt=\"\" width=\"464\" height=\"200\" \/><\/a><\/p>\n<p style=\"text-align: justify;\">70\u2019li y\u0131llarda T\u00fcrk sinemas\u0131n\u0131n bunal\u0131ma girmesiyle Televizyon filmlerine y\u00f6neldi. 1974&#8217;de T\u00fcrkiye&#8217;de ilk defa \u0130DGSA Film Ar\u015fivi taraf\u0131ndan ba\u015flat\u0131lan e\u011fitim \u00e7al\u0131\u015fmalar\u0131na kat\u0131ld\u0131 ve Sinema Kurslar\u0131&#8217;nda \u00f6\u011fretmen olarak g\u00f6rev ald\u0131. 1975&#8217;den itibaren \u0130DGSA Sinema-TV Enstit\u00fcs\u00fc&#8217;nde \u00d6\u011fretim G\u00f6revlisi olarak \u00e7al\u0131\u015fmaya ba\u015flad\u0131.<\/p>\n<p style=\"text-align: justify;\">1975\u2019te TRT Kurumu ad\u0131na \u00e7ekti\u011fi &#8220;A\u015fk-\u0131 Memnu&#8221; ile TV dizilerine \u00f6nc\u00fc oldu ve dikkatleri \u00fczerine \u00e7ekti. TRT&#8217;de dan\u0131\u015fman kurulunda g\u00f6rev ald\u0131. TRT Kurumu ad\u0131na 1981 y\u0131l\u0131nda ger\u00e7ekle\u015ftirdi\u011fi Kemal Tahir&#8217;in ayn\u0131 adl\u0131 roman\u0131ndan uyarlad\u0131\u011f\u0131 &#8220;Yorgun Sava\u015f\u00e7\u0131&#8221; adl\u0131 filmin yak\u0131ld\u0131\u011f\u0131 ilan edildi. Bu film, 1993&#8217;te televizyonlarda g\u00f6sterildi.<\/p>\n<p style=\"text-align: justify;\">1976 \u2018da ABD&#8217;de Wisconsin \u00dcniversitesi&#8217;nde, 1984 y\u0131l\u0131nda Ohio Denison \u00dcniversitesi&#8217;nde e\u011fitim \u00e7al\u0131\u015fmalar\u0131na kat\u0131ld\u0131. \u00d6\u011frencileri ile birlikte &#8220;The Intercessors&#8221;, &#8220;In the Wilderness&#8221; adl\u0131 filmleri ger\u00e7ekle\u015ftirdi.<\/p>\n<p style=\"text-align: justify;\">Olgunluk d\u00f6neminde daha \u00e7ok d\u00fc\u015f\u00fcnsel yan\u0131 a\u011f\u0131r basan \u00fcr\u00fcnler verdi. &#8220;Teyzem&#8221;, &#8220;Han\u0131m&#8221;, Kar\u0131lar Ko\u011fu\u015fu, &#8220;\u0130ki Yabanc\u0131&#8221;, &#8220;K\u00f6pekler Adas\u0131&#8221; gibi filmleriyle yurt i\u00e7inde ve d\u0131\u015f\u0131nda bir\u00e7ok \u00f6d\u00fcl kazand\u0131. Yurt d\u0131\u015f\u0131ndaki festivallerde filmleri i\u00e7in \u00f6zel b\u00f6l\u00fcmler ayr\u0131ld\u0131, \u00e7e\u015fitli konferans, seminer v.b. toplant\u0131lara konu\u015fmac\u0131 olarak kat\u0131ld\u0131. Ya\u015fam\u0131 ve filmleri \u00fczerine detayl\u0131 s\u00f6yle\u015filerin yer ald\u0131\u011f\u0131 &#8220;D\u00fc\u015flerden D\u00fc\u015f\u00fcncelere adl\u0131 bir kitap vard\u0131r.<\/p>\n<p style=\"text-align: justify;\"><strong><em>Sinemac\u0131 olmaya lise y\u0131llar\u0131nda karar vermi\u015f <\/em><\/strong><\/p>\n<p style=\"text-align: justify;\">Halit Refi\u011f, sinemac\u0131 olmaya hen\u00fcz lise y\u0131llar\u0131nda karar verdi\u011fini, bu karar\u0131n\u0131 ger\u00e7e\u011fe d\u00f6n\u00fc\u015ft\u00fcrmek i\u00e7in b\u00fcy\u00fck \u00e7aba g\u00f6sterdi\u011fini belirtmi\u015fti.<\/p>\n<p style=\"text-align: justify;\">Bir s\u00fcre \u00f6nce AA muhabirinin sorular\u0131n\u0131 yan\u0131tlayan Refi\u011f, 1960&#8217;l\u0131 y\u0131llarda ilk filmini \u00e7ekti\u011fi Ye\u015fil\u00e7am&#8217;a en parlak d\u00f6neminde kat\u0131ld\u0131\u011f\u0131n\u0131 ve T\u00fcrk sinemas\u0131nda 50 y\u0131l\u0131 a\u015fan zaman i\u00e7inde \u00e7ok b\u00fcy\u00fck de\u011fi\u015fimler meydana geldi\u011fini kaydetmi\u015fti.<\/p>\n<p style=\"text-align: justify;\">Refi\u011f, sinemaya giri\u015finde &#8220;\u015fans\u0131n\u0131n ve tesad\u00fcflerin&#8221; kendisine \u00e7ok yard\u0131m etti\u011fini ve o y\u0131llarda T\u00fcrkiye&#8217;de sinema \u00fczerine akademik e\u011fitim imkan\u0131 bulunmad\u0131\u011f\u0131 i\u00e7in \u0130ngiltere&#8217;ye giderek sinema \u00fczerine kurs g\u00f6rd\u00fc\u011f\u00fcn\u00fc, ard\u0131ndan yedek subay olarak gitti\u011fi Kore&#8217;de de ABD&#8217;lilerin uygun fiyatl\u0131 pazarlar\u0131ndan kamera gibi ilk sinema malzemeleri sat\u0131n ald\u0131\u011f\u0131n\u0131 belirtmi\u015fti.<\/p>\n<p style=\"text-align: justify;\">T\u00fcrkiye&#8217;ye d\u00f6nd\u00fckten sonra yine \u015fans eseri, bir arkada\u015f\u0131n\u0131n tavsiyesi \u00fczerine d\u00f6nemin \u00f6nemli dergilerinden &#8220;Akis&#8221;den sinema yaz\u0131lar\u0131 yazmas\u0131 i\u00e7in teklif ald\u0131\u011f\u0131n\u0131 ifade eden Refi\u011f, sinemaya giri\u015f ser\u00fcvenini \u015f\u00f6yle anlatm\u0131\u015ft\u0131:<\/p>\n<p style=\"text-align: justify;\">&#8220;O d\u00f6nemde tan\u0131\u015ft\u0131\u011f\u0131m L\u00fctfi Akad, Memduh \u00dcn ve At\u0131f Y\u0131lmaz gibi isimler bana a\u011fabeylik yapt\u0131. At\u0131f Y\u0131lmaz&#8217;\u0131n asistan\u0131 olarak 1957 y\u0131l\u0131nda sinemaya girdim. Sinema benim d\u00f6nemimde bug\u00fcn de kabul edilen alt\u0131n \u00e7a\u011flar\u0131n\u0131 ya\u015famaktayd\u0131. T\u00fcrk sinemas\u0131n\u0131n en parlak d\u00f6neminde sinemaya kat\u0131ld\u0131m. Sinemac\u0131 olmaya hen\u00fcz lise y\u0131llar\u0131nda karar vermi\u015fti. Bu karar\u0131m\u0131 ger\u00e7e\u011fe d\u00f6n\u00fc\u015ft\u00fcrmek i\u00e7in de kendi imkanlar\u0131mla b\u00fcy\u00fck \u00e7aba g\u00f6sterdim.&#8221;<\/p>\n<p style=\"text-align: justify;\"><strong><em>\u00d6zel televizyonlar\u0131n etkisi <\/em><\/strong><\/p>\n<p style=\"text-align: justify;\">Haltif Refi\u011f, 1990&#8217;l\u0131 y\u0131llarda \u00f6zel televizyonlar\u0131n yay\u0131na ba\u015flamas\u0131yla klasik T\u00fcrk sinemas\u0131n\u0131n ortadan kalkt\u0131\u011f\u0131n\u0131 ifade ederek, \u015fu tespitlerde bulunmu\u015ftu:<\/p>\n<p style=\"text-align: justify;\">&#8220;1990 y\u0131l\u0131nda \u00f6zel televizyon yay\u0131n\u0131 ba\u015flad\u0131\u011f\u0131nda sinema salonu say\u0131s\u0131 3 binin \u00fczerindeyken, 1995 y\u0131l\u0131na gelindi\u011finde T\u00fcrk filmi g\u00f6steren sinema salonu say\u0131s\u0131 300&#8217;\u00fcn alt\u0131na d\u00fc\u015fm\u00fc\u015ft\u00fc. Dolay\u0131s\u0131yla T\u00fcrkiye&#8217;de 1950&#8217;lerde kurulan 1960-70&#8217;lerde en parlak d\u00f6nemini ya\u015fayan sinema sistemi 1990&#8217;l\u0131 y\u0131llar\u0131n ilk yar\u0131s\u0131nda ortadan kalkt\u0131. Buna kar\u015f\u0131l\u0131k \u00f6zel televizyon yay\u0131nc\u0131l\u0131\u011f\u0131 T\u00fcrkiye&#8217;de klasik sinema d\u00fczenini ortadan kald\u0131rd\u0131 ama zaman i\u00e7inde kendi i\u00e7inde sinema \u00e7\u0131k\u0131\u015flar\u0131 ortaya \u00e7\u0131kard\u0131. Ancak yeni T\u00fcrk filmleri, &#8216;T\u00fcrk sinemas\u0131&#8217; denilebilecek genel bir \u00f6zellikler ta\u015f\u0131m\u0131yor.<\/p>\n<p style=\"text-align: justify;\">Bug\u00fcn sinema, T\u00fcrkiye&#8217;de bir sekt\u00f6r de\u011fil, bireysel giri\u015fimlerden olu\u015fuyor. T\u00fcrk sinemas\u0131 dedi\u011fimiz zaman bir ortak de\u011ferler \u00fcst\u00fcne kurulu bir sistem. T\u00fcrkiye&#8217;de sinema var, yap\u0131lan filmler var. Ama ben \u015fahsen, bug\u00fcn T\u00fcrkiye&#8217;de var olan sinema olaylar\u0131n\u0131, g\u00f6sterilen filmleri b\u00fct\u00fcn bir T\u00fcrk sinemas\u0131 ba\u015fl\u0131\u011f\u0131 alt\u0131na toplam\u0131yorum. Ortak \u00f6zelli\u011fi yok, ortak bir sistem i\u00e7inde meydana getirilen filmler de\u011fil. Her birisi bireysel bir te\u015febb\u00fcs. Bir end\u00fcstri yok.&#8221;<\/p>\n<p style=\"text-align: justify;\"><strong><em>TEPK\u0130LER <\/em><\/strong><\/p>\n<p style=\"text-align: justify;\">Ba\u015fbakan Recep Tayyip Erdo\u011fan, &#8220;Halit Refi\u011f, usta y\u00f6netmenli\u011fi ile oldu\u011fu kadar, \u00f6nc\u00fcl\u00fck etti\u011fi Ulusal Sinema ak\u0131m\u0131yla, bir sinema kuramc\u0131s\u0131 ve d\u00fc\u015f\u00fcnce adam\u0131 olarak da k\u00fclt\u00fcr ve sanat\u0131m\u0131zda kal\u0131c\u0131 izler b\u0131rakm\u0131\u015f, sinemam\u0131z\u0131n geli\u015fmesine \u00f6nemli katk\u0131larda bulunmu\u015ftur&#8221; dedi.<\/p>\n<p style=\"text-align: justify;\">Erdo\u011fan, y\u00f6netmen ve d\u00fc\u015f\u00fcnce adam\u0131 Halit Refi\u011f&#8217;in vefat\u0131 nedeniyle ba\u015fsa\u011fl\u0131\u011f\u0131 mesaj\u0131 yay\u0131mlad\u0131. Ba\u015fbakan Erdo\u011fan, mesaj\u0131nda \u015funlar\u0131 kaydetti:<\/p>\n<p style=\"text-align: justify;\">&#8220;T\u00fcrk Sinemas\u0131n\u0131n \u00f6nemli y\u00f6netmenlerinden, &#8216;Ulusal Sinema&#8217; ak\u0131m\u0131n\u0131n \u00f6nc\u00fcs\u00fc de\u011ferli y\u00f6netmen ve d\u00fc\u015f\u00fcnce adam\u0131 Halit Refi\u011f&#8217;in vefat\u0131n\u0131 teess\u00fcrle \u00f6\u011frenmi\u015f bulunuyorum. Halit Refi\u011f, usta y\u00f6netmenli\u011fi ile oldu\u011fu kadar, \u00f6nc\u00fcl\u00fck etti\u011fi Ulusal Sinema ak\u0131m\u0131yla, bir sinema kuramc\u0131s\u0131 ve d\u00fc\u015f\u00fcnce adam\u0131 olarak da k\u00fclt\u00fcr ve sanat\u0131m\u0131zda kal\u0131c\u0131 izler b\u0131rakm\u0131\u015f, sinemam\u0131z\u0131n geli\u015fmesine \u00f6nemli katk\u0131larda bulunmu\u015ftur.<\/p>\n<p style=\"text-align: justify;\">TRT i\u00e7in edebiyat\u0131m\u0131zdan yapt\u0131\u011f\u0131 ba\u015far\u0131l\u0131 uyarlamalar\u0131 &#8216;A\u015fk-\u0131 Memnu&#8217; ve &#8216;Yorgun Sava\u015f\u00e7\u0131&#8217; dizi filmleri de televizyon tarihimizin unutulmazlar\u0131 aras\u0131nda yerini alm\u0131\u015ft\u0131r. Uzun \u00e7al\u0131\u015fma hayat\u0131 boyunca bir\u00e7ok ba\u015far\u0131ya imza atan, sinema d\u00fcnyam\u0131z\u0131n hi\u00e7bir zaman unutamayaca\u011f\u0131 b\u00fcy\u00fck usta, de\u011ferli y\u00f6netmen ve d\u00fc\u015f\u00fcnce adam\u0131 Halit Refi\u011f&#8217;i, daima sayg\u0131yla ve takdirle hat\u0131rlayaca\u011f\u0131z. Merhuma Cenab-\u0131 Allah&#8217;tan rahmet, ailesine, yak\u0131nlar\u0131na, sanat\u00e7\u0131 dostlar\u0131na ve milletimize ba\u015fsa\u011fl\u0131\u011f\u0131 diliyorum.&#8221;<\/p>\n<p style=\"text-align: justify;\">Cumhurba\u015fkan\u0131 Abdullah G\u00fcl, &#8220;Unutulmaz filmleriyle yurt i\u00e7inde ve yurt d\u0131\u015f\u0131nda bir\u00e7ok \u00f6d\u00fcl kazanan Halit Refi\u011f, ba\u015far\u0131l\u0131 \u00e7al\u0131\u015fmalar\u0131, d\u00fc\u015f\u00fcnceleri ve makaleleriyle sinemaya g\u00f6n\u00fcl verenlere yol g\u00f6stermeye devam edecektir&#8221; dedi.<\/p>\n<p style=\"text-align: justify;\">Cumhurba\u015fkanl\u0131\u011f\u0131 Bas\u0131n Merkezi&#8217;nden yap\u0131lan yaz\u0131l\u0131 a\u00e7\u0131klamaya g\u00f6re, G\u00fcl, y\u00f6netmen Halit Refi\u011f&#8217;in vefat\u0131 dolay\u0131s\u0131yla ba\u015fsa\u011fl\u0131\u011f\u0131 mesaj\u0131 yay\u0131mlad\u0131. Cumhurba\u015fkan\u0131 G\u00fcl, mesaj\u0131nda \u015funlar\u0131 kaydetti:<\/p>\n<p style=\"text-align: justify;\">&#8220;T\u00fcrk sinemas\u0131n\u0131n unutulmaz isimlerinden usta y\u00f6netmen Halit Refi\u011f&#8217;in vefat\u0131ndan derin \u00fcz\u00fcnt\u00fc duydum. Ulusal sinema ak\u0131m\u0131n\u0131n \u00f6nc\u00fclerinden olan ve olu\u015fturdu\u011fu etkili anlat\u0131m diliyle T\u00fcrk sinemas\u0131n\u0131n geni\u015f kitlelere ula\u015fmas\u0131na de\u011ferli katk\u0131larda bulunan Halit Refi\u011f, milletimizin g\u00f6nl\u00fcnde \u00f6zel bir yer edinmi\u015ftir. Halit Refi\u011f, T\u00fcrk sinemas\u0131n\u0131n halktan kopmadan, kendi kimli\u011fi ve ger\u00e7e\u011fiyle, \u00f6zg\u00fcn yerini olu\u015fturmas\u0131 konusunda \u00f6nemli d\u00fc\u015f\u00fcnceler ortaya koymu\u015ftur. Unutulmaz filmleriyle yurt i\u00e7inde ve yurt d\u0131\u015f\u0131nda bir\u00e7ok \u00f6d\u00fcl kazanan Halit Refi\u011f, ba\u015far\u0131l\u0131 \u00e7al\u0131\u015fmalar\u0131, d\u00fc\u015f\u00fcnceleri ve makaleleriyle sinemaya g\u00f6n\u00fcl verenlere yol g\u00f6stermeye devam edecektir. \u00dclkemiz i\u00e7in b\u00fcy\u00fck bir kay\u0131p olan Halit Refi\u011f, her zaman sevgi ve sayg\u0131yla hat\u0131rlanacakt\u0131r. Kendisine Allah&#8217;tan rahmet, ailesine, sanat d\u00fcnyam\u0131za ve sevenlerine ba\u015fsa\u011fl\u0131\u011f\u0131 diliyorum.&#8221;<\/p>\n<p style=\"text-align: justify;\">K\u00fclt\u00fcr ve Turizm Bakan\u0131 Ertu\u011frul G\u00fcnay, y\u00f6netmen Halit Refi\u011f&#8217;in vefat etti\u011fi hastaneye geldi. Memorial Hastanesi&#8217;ne geli\u015finde a\u00e7\u0131klama yapan G\u00fcnay, millete, sinema d\u00fcnyas\u0131na ve sinemaseverlere ba\u015fsa\u011fl\u0131\u011f\u0131 diledi. Refi\u011f&#8217;in T\u00fcrk sinemas\u0131n\u0131n \u00e7ok b\u00fcy\u00fck y\u00f6netmenlerinden oldu\u011funu s\u00f6yleyen G\u00fcnay, &#8220;\u00d6nemli, unutulmaz filmlere imza atm\u0131\u015ft\u0131. Tarih bilinci olan, ge\u00e7mi\u015fle bug\u00fcn aras\u0131nda sa\u011fl\u0131kl\u0131 ba\u011flar kurmaya \u00e7al\u0131\u015fan, ayn\u0131 zamanda bir d\u00fc\u015f\u00fcnce insan\u0131yd\u0131. Ulusal sinemaya \u00e7ok eski y\u0131llardan bu yana fikir \u00fcretmi\u015f, kafa yormu\u015f bir yazard\u0131&#8221; dedi.<\/p>\n<p style=\"text-align: justify;\">TBMM Ba\u015fkan\u0131 Mehmet Ali \u015eahin, ya\u015fam\u0131n\u0131 yitiren \u00fcnl\u00fc y\u00f6netmen Halit Refi\u011f&#8217;in, T\u00fcrk sinemas\u0131nda kendisinden sonra gelecek ku\u015faklara yol g\u00f6sterip, ilham kayna\u011f\u0131 olaca\u011f\u0131ndan ku\u015fku duymad\u0131\u011f\u0131n\u0131 bildirdi.<\/p>\n<p style=\"text-align: justify;\"><span style=\"color: #888888;\">CNN T\u00dcRK<\/span><\/p>\n","protected":false},"excerpt":{"rendered":"<\/p>\n<p style=\"text-align: justify;\">Y\u00f6netmen Halit Refi\u011f, bir s\u00fcredir tedavi g\u00f6rd\u00fc\u011f\u00fc hastanede ya\u015fam\u0131n\u0131 yitirdi.<\/p>\n<p style=\"text-align: justify;\">Memorial Hastanesi&#8217;nde &#8220;safra kanal\u0131nda t\u00fcm\u00f6r&#8221; te\u015fhisiyle 28 A\u011fustos&#8217;ta tedavi alt\u0131na al\u0131nan Halit Refi\u011f, d\u00fcn yo\u011fun bak\u0131ma al\u0131nd\u0131.<\/p>\n<p style=\"text-align: justify;\">Halit Refi\u011f, doktorlar\u0131n b\u00fct\u00fcn m\u00fcdahalelerine ra\u011fmen, saat 08.20 s\u0131ralar\u0131nda hayat\u0131n\u0131 kaybetti.<\/p>\n<p style=\"text-align: justify;\">Bir s\u00fcre \u00f6nce kendisi i\u00e7in organize edilen &#8220;Ustalara <\/p>\n","protected":false},"author":1,"featured_media":0,"comment_status":"open","ping_status":"closed","sticky":false,"template":"","format":"standard","meta":{"footnotes":""},"categories":[8],"tags":[],"class_list":["post-15677","post","type-post","status-publish","format-standard","hentry","category-kultur-sanat","odd"],"_links":{"self":[{"href":"http:\/\/www.korhanyilmaz.com\/index.php?rest_route=\/wp\/v2\/posts\/15677","targetHints":{"allow":["GET"]}}],"collection":[{"href":"http:\/\/www.korhanyilmaz.com\/index.php?rest_route=\/wp\/v2\/posts"}],"about":[{"href":"http:\/\/www.korhanyilmaz.com\/index.php?rest_route=\/wp\/v2\/types\/post"}],"author":[{"embeddable":true,"href":"http:\/\/www.korhanyilmaz.com\/index.php?rest_route=\/wp\/v2\/users\/1"}],"replies":[{"embeddable":true,"href":"http:\/\/www.korhanyilmaz.com\/index.php?rest_route=%2Fwp%2Fv2%2Fcomments&post=15677"}],"version-history":[{"count":0,"href":"http:\/\/www.korhanyilmaz.com\/index.php?rest_route=\/wp\/v2\/posts\/15677\/revisions"}],"wp:attachment":[{"href":"http:\/\/www.korhanyilmaz.com\/index.php?rest_route=%2Fwp%2Fv2%2Fmedia&parent=15677"}],"wp:term":[{"taxonomy":"category","embeddable":true,"href":"http:\/\/www.korhanyilmaz.com\/index.php?rest_route=%2Fwp%2Fv2%2Fcategories&post=15677"},{"taxonomy":"post_tag","embeddable":true,"href":"http:\/\/www.korhanyilmaz.com\/index.php?rest_route=%2Fwp%2Fv2%2Ftags&post=15677"}],"curies":[{"name":"wp","href":"https:\/\/api.w.org\/{rel}","templated":true}]}}