{"id":15670,"date":"2009-10-11T01:33:32","date_gmt":"2009-10-10T22:33:32","guid":{"rendered":"http:\/\/www.korhanyilmaz.com\/?p=15670"},"modified":"2009-10-11T01:33:32","modified_gmt":"2009-10-10T22:33:32","slug":"baku-cikarlarimiza-aykiri","status":"publish","type":"post","link":"http:\/\/www.korhanyilmaz.com\/?p=15670","title":{"rendered":"Bak\u00fc: &#039; \u00c7\u0131karlar\u0131m\u0131za ayk\u0131r\u0131&#8230; &#039;"},"content":{"rendered":"<p><a href=\"http:\/\/www.korhanyilmaz.com\/wp-content\/uploads\/2009\/10\/baku.jpg\"  class=\"lightview\"><img loading=\"lazy\" decoding=\"async\" class=\"aligncenter size-full wp-image-15671\" src=\"http:\/\/www.korhanyilmaz.com\/wp-content\/uploads\/2009\/10\/baku.jpg\" alt=\"\" width=\"292\" height=\"198\" \/><\/a><\/p>\n<p style=\"text-align: justify;\">Bak\u00fc, &#8220;Ermenistan g\u00fc\u00e7lerinin i\u015fgal alt\u0131ndaki Azeri topraklar\u0131ndan \u00e7\u0131kar\u0131lmadan T\u00fcrkiye&#8217;nin, Ermenistan ile ili\u015fkilerini normalle\u015ftirmesinin Azerbaycan&#8217;\u0131n \u00e7\u0131karlar\u0131na ayk\u0131r\u0131 oldu\u011funu&#8221; bildirdi.<\/p>\n<p style=\"text-align: justify;\">Azerbaycan D\u0131\u015fi\u015fleri Bakanl\u0131\u011f\u0131&#8217;ndan yap\u0131lan yaz\u0131l\u0131 a\u00e7\u0131klamada, her devletin ba\u015fka bir devletle ili\u015fkisini belirlemesinin o devletin kendi egemenlik hakk\u0131 oldu\u011fu ifade edilerek,  &#8220;Ancak, Ermenistan g\u00fc\u00e7leri Azerbaycan&#8217;\u0131n i\u015fgal edilmi\u015f topraklar\u0131ndan \u00e7\u0131kar\u0131lmadan, T\u00fcrkiye&#8217;nin, Ermenistan ile ili\u015fkilerini normalle\u015ftirmesi Azerbaycan&#8217;\u0131n ulusal \u00e7\u0131karlar\u0131na ayk\u0131r\u0131d\u0131r ve Azerbaycan ile T\u00fcrkiye aras\u0131nda tarihi k\u00f6klere dayanan karde\u015flik ili\u015fkilerinin ruhuna g\u00f6lge d\u00fc\u015f\u00fcr\u00fcr&#8221; g\u00f6r\u00fc\u015f\u00fcne yer verildi. <!--more--><\/p>\n<p style=\"text-align: justify;\">Azerbaycan&#8217;\u0131n b\u00f6lgedeki b\u00fct\u00fcn s\u0131n\u0131rlar\u0131n ve ileti\u015fim hatlar\u0131n\u0131n a\u00e7\u0131k olmas\u0131ndan yana oldu\u011fu belirtilen a\u00e7\u0131klamada, &#8220;ancak \u015fu andaki durumda T\u00fcrkiye-Ermenistan s\u0131n\u0131rlar\u0131n\u0131n a\u00e7\u0131lmas\u0131n\u0131n b\u00f6lgesel bar\u0131\u015f ve g\u00fcvenlik yap\u0131s\u0131n\u0131 \u015f\u00fcphe alt\u0131na koydu\u011fu&#8221; savunuldu.<\/p>\n<p style=\"text-align: justify;\">T\u00fcrkiye ile Ermenistan aras\u0131nda imzalanan &#8220;diplomatik ili\u015fkilerin kurulmas\u0131&#8221; ve &#8220;ili\u015fkilerin geli\u015ftirilmesi&#8221; konulu protokoller nedeniyle yap\u0131lan a\u00e7\u0131klamada, Azerbaycan taraf\u0131n\u0131n tutumunun de\u011fi\u015fmedi\u011fi kaydedildi.<\/p>\n<p style=\"text-align: justify;\">Ermenistan&#8217;\u0131n, Azerbaycan&#8217;a sald\u0131r\u0131s\u0131 ve Azerbaycan topraklar\u0131n\u0131 i\u015fgal etmesi nedeniyle T\u00fcrkiye&#8217;nin 1993 y\u0131l\u0131nda bu \u00fclkeyle s\u0131n\u0131rlar\u0131n\u0131 kapatt\u0131\u011f\u0131 hat\u0131rlat\u0131lan a\u00e7\u0131klamada, Ermenistan&#8217;\u0131n sald\u0131rganl\u0131\u011f\u0131 sonucunda Azerbaycan topraklar\u0131n\u0131n y\u00fczde 20&#8217;sinin i\u015fgal edildi\u011fi ve 1 milyona yak\u0131n Azerbaycan vatanda\u015f\u0131n\u0131n kendi topraklar\u0131nda m\u00fclteci konumuna d\u00fc\u015ft\u00fc\u011f\u00fcn\u00fc, ayr\u0131ca i\u015fgal alt\u0131ndaki b\u00f6lgelerde Azerbaycan&#8217;\u0131n tarihi ve k\u00fclt\u00fcrel miras\u0131n\u0131n yok edildi\u011fi belirtildi.<\/p>\n<p style=\"text-align: justify;\">Ge\u00e7en s\u00fcre i\u00e7erisinde BM G\u00fcvenlik Konseyi ve Genel Kurulu, Avrupa G\u00fcvenlik ve \u0130\u015fbirli\u011fi Te\u015fkilat\u0131 (AG\u0130T), Avrupa Konseyi Parlamenter Meclisi (AKPM), \u0130slam Konferans\u0131 Te\u015fkilat\u0131 (\u0130KT) ve di\u011fer uluslar aras\u0131 kurulu\u015flar taraf\u0131ndan Ermenistan&#8217;\u0131n sald\u0131rgan politikas\u0131n\u0131n k\u0131nand\u0131\u011f\u0131, Ermenistan g\u00fc\u00e7lerinin i\u015fgal ettikleri b\u00f6lgelerden \u00e7\u0131kar\u0131lmas\u0131n\u0131n ve Azeri m\u00fcltecilerin kendi topraklar\u0131na d\u00f6nmesi talep edilen \u00e7ok say\u0131da karar ve bildirinin kabul edildi\u011fi, ancak Ermenistan&#8217;\u0131n sald\u0131rganl\u0131\u011f\u0131na ve i\u015fgaline son verilmesi konusunda bir ilerleme sa\u011flanamad\u0131\u011f\u0131 da a\u00e7\u0131klamada ifade edildi.<\/p>\n<p style=\"text-align: justify;\">Konuya ili\u015fkin (Yukar\u0131 Karaba\u011f ve T\u00fcrk-Ermeni ili\u015fkileri) T\u00fcrkiye&#8217;nin \u00fcst d\u00fczey y\u00f6neticileri ve \u00f6zellikle Ba\u015fbakan Recep Tayyip Erdo\u011fan&#8217;\u0131n 14 May\u0131s 2009 tarihinde Azerbaycan&#8217;\u0131n Milli Meclisi&#8217;nde dile getirdi\u011fi d\u00fc\u015f\u00fcncelerin, Azerbaycan taraf\u0131ndan esas kabul edildi\u011fi vurguland\u0131.<\/p>\n<p style=\"text-align: justify;\"><span style=\"color: #888888;\">CNN T\u00dcRK<\/span><\/p>\n","protected":false},"excerpt":{"rendered":"<\/p>\n<p style=\"text-align: justify;\">Bak\u00fc, &#8220;Ermenistan g\u00fc\u00e7lerinin i\u015fgal alt\u0131ndaki Azeri topraklar\u0131ndan \u00e7\u0131kar\u0131lmadan T\u00fcrkiye&#8217;nin, Ermenistan ile ili\u015fkilerini normalle\u015ftirmesinin Azerbaycan&#8217;\u0131n \u00e7\u0131karlar\u0131na ayk\u0131r\u0131 oldu\u011funu&#8221; bildirdi.<\/p>\n<p style=\"text-align: justify;\">Azerbaycan D\u0131\u015fi\u015fleri Bakanl\u0131\u011f\u0131&#8217;ndan yap\u0131lan yaz\u0131l\u0131 a\u00e7\u0131klamada, her devletin ba\u015fka bir devletle ili\u015fkisini belirlemesinin o devletin kendi egemenlik hakk\u0131 oldu\u011fu ifade edilerek, &#8220;Ancak, Ermenistan g\u00fc\u00e7leri Azerbaycan&#8217;\u0131n i\u015fgal edilmi\u015f topraklar\u0131ndan \u00e7\u0131kar\u0131lmadan, T\u00fcrkiye&#8217;nin, Ermenistan ile <\/p>\n","protected":false},"author":1,"featured_media":0,"comment_status":"open","ping_status":"closed","sticky":false,"template":"","format":"standard","meta":{"footnotes":""},"categories":[105],"tags":[],"class_list":["post-15670","post","type-post","status-publish","format-standard","hentry","category-gundem","odd"],"_links":{"self":[{"href":"http:\/\/www.korhanyilmaz.com\/index.php?rest_route=\/wp\/v2\/posts\/15670","targetHints":{"allow":["GET"]}}],"collection":[{"href":"http:\/\/www.korhanyilmaz.com\/index.php?rest_route=\/wp\/v2\/posts"}],"about":[{"href":"http:\/\/www.korhanyilmaz.com\/index.php?rest_route=\/wp\/v2\/types\/post"}],"author":[{"embeddable":true,"href":"http:\/\/www.korhanyilmaz.com\/index.php?rest_route=\/wp\/v2\/users\/1"}],"replies":[{"embeddable":true,"href":"http:\/\/www.korhanyilmaz.com\/index.php?rest_route=%2Fwp%2Fv2%2Fcomments&post=15670"}],"version-history":[{"count":0,"href":"http:\/\/www.korhanyilmaz.com\/index.php?rest_route=\/wp\/v2\/posts\/15670\/revisions"}],"wp:attachment":[{"href":"http:\/\/www.korhanyilmaz.com\/index.php?rest_route=%2Fwp%2Fv2%2Fmedia&parent=15670"}],"wp:term":[{"taxonomy":"category","embeddable":true,"href":"http:\/\/www.korhanyilmaz.com\/index.php?rest_route=%2Fwp%2Fv2%2Fcategories&post=15670"},{"taxonomy":"post_tag","embeddable":true,"href":"http:\/\/www.korhanyilmaz.com\/index.php?rest_route=%2Fwp%2Fv2%2Ftags&post=15670"}],"curies":[{"name":"wp","href":"https:\/\/api.w.org\/{rel}","templated":true}]}}