{"id":15657,"date":"2009-10-11T00:30:49","date_gmt":"2009-10-10T21:30:49","guid":{"rendered":"http:\/\/www.korhanyilmaz.com\/?p=15657"},"modified":"2009-10-11T00:30:49","modified_gmt":"2009-10-10T21:30:49","slug":"ermenistan-ile-gergin-baslangic-tarihi-imza-atildi","status":"publish","type":"post","link":"http:\/\/www.korhanyilmaz.com\/?p=15657","title":{"rendered":"Ermenistan ile gergin ba\u015flang\u0131\u00e7&#8230;. Tarihi imza at\u0131ld\u0131"},"content":{"rendered":"<p style=\"text-align: center;\"><a href=\"http:\/\/www.korhanyilmaz.com\/wp-content\/uploads\/2009\/10\/imza.jpg\"  class=\"lightview\"><img loading=\"lazy\" decoding=\"async\" class=\"aligncenter size-full wp-image-15658\" src=\"http:\/\/www.korhanyilmaz.com\/wp-content\/uploads\/2009\/10\/imza.jpg\" alt=\"\" width=\"307\" height=\"236\" \/><\/a><\/p>\n<p style=\"text-align: justify;\">T\u00fcrkiye ile Ermenistan aras\u0131ndaki ili\u015fkilerin normalle\u015ftirilmesine ili\u015fkin protokoller D\u0131\u015fi\u015fleri Bakan\u0131 Ahmet Davuto\u011flu ve Ermenistan D\u0131\u015fi\u015fleri Bakan\u0131 Edward Nalbandyan taraf\u0131ndan, 3 saatten fazla s\u00fcren krizin ard\u0131ndan imzaland\u0131. Z\u00fcrih \u00dcniversitesi&#8217;ndeki t\u00f6rende sadece \u0130svi\u00e7re D\u0131\u015fi\u015fleri Bakan\u0131 bir a\u00e7\u0131klama yapt\u0131, taraflar hi\u00e7bir a\u00e7\u0131klamada bulunmad\u0131.<\/p>\n<p style=\"text-align: justify;\">\u0130mza t\u00f6renine T\u00fcrk ve Ermeni d\u0131\u015fi\u015fleri bakanlar\u0131n\u0131n yan\u0131 s\u0131ra g\u00f6r\u00fc\u015fmelere arabuluculuk yapan \u0130svi\u00e7re&#8217;nin D\u0131\u015fi\u015fleri Bakan\u0131 Micheline Calmy-Rey, ABD D\u0131\u015fi\u015fleri Bakan\u0131 Hillary Clinton, Rusya D\u0131\u015fi\u015fleri Bakan\u0131 Sergey Lavrov, Fransa D\u0131\u015fi\u015fleri Bakan\u0131 Bernard Kouchner, Slovenya&#8217;n\u0131n D\u0131\u015fi\u015fleri Bakan\u0131 Samuel Zbogar, Avrupa Birli\u011fi D\u0131\u015f Politika Y\u00fcksek Temsilcisi Javier Solana kat\u0131ld\u0131. <!--more--><\/p>\n<p style=\"text-align: justify;\">Krizin, protokollerin imzalanmas\u0131ndan sonra yap\u0131lacak a\u00e7\u0131klamalar nedeniyle ortaya \u00e7\u0131kt\u0131\u011f\u0131 belli oldu. Ancak, bu konuda hen\u00fcz resmi bir a\u00e7\u0131klama yap\u0131lmad\u0131.<\/p>\n<p style=\"text-align: justify;\">Saat 18.00&#8217;de ba\u015flamas\u0131 beklenen imza t\u00f6reni, son dakikada \u00e7\u0131kan p\u00fcr\u00fcz nedeniyle ertelendi. S\u0131k\u0131nt\u0131n\u0131n a\u015f\u0131lmas\u0131 saatler buldu. \u0130mza t\u00f6renine de bu gergin hava damgas\u0131n\u0131 vurdu.<\/p>\n<p style=\"text-align: justify;\">T\u00f6rendeki gergin havay\u0131 Bakan Davuto\u011flu zaman zaman g\u00fcl\u00fcmseyerek da\u011f\u0131tmaya \u00e7al\u0131\u015ft\u0131, ancak Ermeni Bakan\u0131&#8217;n\u0131n s\u0131k\u0131nt\u0131l\u0131 tavr\u0131 dikkat \u00e7ekti. Taraflar el s\u0131k\u0131\u015f\u0131rken de bu durum de\u011fi\u015fmedi.<\/p>\n<p style=\"text-align: justify;\">Daha sonra salonda bulunan t\u00fcm bakanlar bas\u0131n mensuplar\u0131na topluca poz verdi ve toplant\u0131n\u0131n bitti\u011fi anons edildi.<\/p>\n<p style=\"text-align: justify;\">Protokollerin y\u00fcr\u00fcrl\u00fc\u011fe girmesi i\u00e7in, T\u00fcrkiye ve Ermenistan meclislerinin onay\u0131 gerekiyor.<\/p>\n<p style=\"text-align: justify;\">Protokollerin, imzalanmas\u0131n\u0131n ard\u0131ndan onay s\u00fcreci \u00e7er\u00e7evesinde iki \u00fclkenin parlamentolar\u0131na sevk edilmesi \u00f6ng\u00f6r\u00fcl\u00fcyor. TBMM&#8217;ye sevk edilecek olan iki protokol\u00fcn \u00f6ncesinde Bakanlar Kurulu&#8217;nda ele al\u0131nmas\u0131 da planlan\u0131yor.<\/p>\n<p style=\"text-align: justify;\">Ortak s\u0131n\u0131r, protokol\u00fcn y\u00fcr\u00fcrl\u00fc\u011fe girmesinden sonraki 2 ayl\u0131k s\u00fcre i\u00e7inde a\u00e7\u0131lacak. Uluslararas\u0131 uzmanlar\u0131n da kat\u0131l\u0131m\u0131yla tarihsel boyutu inceleyecek bir alt komisyon kurulacak.<\/p>\n<p style=\"text-align: justify;\"><strong><em>3 SAATL\u0130K KR\u0130Z&#8230; <\/em><\/strong><\/p>\n<p style=\"text-align: justify;\"><strong><em>T\u00f6ren ertelendi <\/em><\/strong><\/p>\n<p style=\"text-align: justify;\">T\u00fcrkiye ile Ermenistan aras\u0131ndaki protokollerin imza t\u00f6renini d\u00fczenleyen \u0130svi\u00e7reli yetkililer, TS\u0130 18.00&#8217;de ba\u015flamas\u0131 planlanan t\u00f6renin yar\u0131m saat kadar sarkmas\u0131yla birlikte, baz\u0131 sorunlar\u0131n oldu\u011fu ve imza t\u00f6reninin tehlikeye girdi\u011fi haberlerinden sonra, bas\u0131n mensuplar\u0131ndan t\u00f6renin yap\u0131laca\u011f\u0131 salonu bo\u015faltmalar\u0131n\u0131 istedi.<\/p>\n<p style=\"text-align: justify;\">Ayn\u0131 yetkililer, t\u00f6renin ne zaman yap\u0131laca\u011f\u0131n\u0131 bilmediklerini belirterek, belirsiz bir s\u00fcre erteleme oldu\u011funu, bas\u0131n mensuplar\u0131n\u0131n bas\u0131n merkezinde bekleyebilece\u011fini kaydetti.<\/p>\n<p style=\"text-align: justify;\"><strong><em>Ermenistan ile \u00e7\u0131kan bir s\u0131k\u0131nt\u0131 <\/em><\/strong><\/p>\n<p style=\"text-align: justify;\">Protokollerin imzalanmas\u0131n\u0131n, Ermenistan ile son dakikada ortaya \u00e7\u0131kan bir s\u0131k\u0131nt\u0131 y\u00fcz\u00fcnden gecikti\u011fi belirtildi.<\/p>\n<p style=\"text-align: justify;\">Z\u00fcrih&#8217;teki AFP muhabiri, Ermeni ve ABD heyetlerinin, imza t\u00f6reninin yerel saatle 17.00&#8217;de (TS\u0130 18.00) d\u00fczenlenmesi beklenen Z\u00fcrih \u00dcniversitesi&#8217;ne gelmediklerini duyurdu.<\/p>\n<p style=\"text-align: justify;\">Amerikal\u0131 s\u00f6zc\u00fc, Ian Kelly, ABD D\u0131\u015fi\u015fleri Bakan\u0131 Hillary Clinton&#8217;\u0131n oteline d\u00f6nd\u00fc\u011f\u00fcn\u00fc a\u00e7\u0131klad\u0131. Kelly, Ermenistan D\u0131\u015fi\u015fleri Bakan\u0131 Edward Nalbandyan&#8217;\u0131n da Amerikan heyetinden bir yetkiliyle g\u00f6r\u00fc\u015fmesinin beklendi\u011fini kaydetti.<\/p>\n<p style=\"text-align: justify;\">Amerikan D\u0131\u015fi\u015fleri Bakanl\u0131\u011f\u0131 s\u00f6zc\u00fcs\u00fc, T\u00fcrkiye ile Ermenistan aras\u0131nda protokollerin imzalanmas\u0131ndan sonra yap\u0131lacak a\u00e7\u0131klamalar konusunda ortaya \u00e7\u0131kan s\u0131k\u0131nt\u0131y\u0131 \u00e7\u00f6zmeye \u00e7al\u0131\u015ft\u0131klar\u0131n\u0131 bildirdi.<\/p>\n<p style=\"text-align: justify;\">T\u00f6ren beklenirken, Z\u00fcrih&#8217;te bulunan ABD D\u0131\u015fi\u015fleri Bakan\u0131 Hillary Clinton imza t\u00f6renine kat\u0131lmayaca\u011f\u0131n\u0131 belirtti.<\/p>\n<p style=\"text-align: justify;\"><strong><em>Ve taraflar geri d\u00f6nd\u00fc&#8230; \u0130mza at\u0131ld\u0131 <\/em><\/strong><\/p>\n<p style=\"text-align: justify;\">S\u0131k\u0131nt\u0131lar\u0131n ard\u0131ndan, heyetler yeniden t\u00f6renin yap\u0131laca\u011f\u0131 Z\u00fcrih \u00dcniversitesi&#8217;nde bir araya geldi. ABD D\u0131\u015fi\u015fleri Bakan\u0131 Hillary Clinton da \u00fcniversiteye geri d\u00f6nd\u00fc.<\/p>\n<p style=\"text-align: justify;\">Clinton&#8217;un ard\u0131ndan Ermenistan heyeti de imzalar\u0131n at\u0131laca\u011f\u0131 yere geldi.<\/p>\n<p style=\"text-align: justify;\">Ard\u0131ndan gazeteciler salona al\u0131nd\u0131 ve tarihi imzalar gergin bir atmosferde at\u0131ld\u0131.<\/p>\n<p style=\"text-align: justify;\"><strong><em>Heyetler ak\u015fam yeme\u011fine ge\u00e7ti <\/em><\/strong><\/p>\n<p style=\"text-align: justify;\">Protokollerin imzalanmas\u0131n\u0131n ard\u0131ndan da heyetler \u00f6nceden planland\u0131\u011f\u0131 \u015fekilde ak\u015fam yeme\u011fine ge\u00e7ti. D\u0131\u015fi\u015fleri Bakan\u0131 Ahmet Davuto\u011flu ile Ermenistan D\u0131\u015fi\u015fleri Bakan\u0131 Eduard Nalbantyan&#8217;\u0131n imzalar\u0131 atmalar\u0131ndan sonra t\u00fcm kat\u0131l\u0131mc\u0131lar aile foto\u011fraf\u0131 \u00e7ektirdi.<\/p>\n<p style=\"text-align: justify;\">Daha \u00f6nce k\u0131sa bir klasik m\u00fczik konseri ile ba\u015flamas\u0131 planlanan imza t\u00f6reni, yap\u0131lan de\u011fi\u015fiklikle \u0130svi\u00e7reli bir protokol yetkilisinin ev sahibi \u00fclke \u0130svi\u00e7re&#8217;nin D\u0131\u015fi\u015fleri Bakan\u0131 Michelle Calmy Rey&#8217;i takdim etmesi ile ba\u015flad\u0131.<\/p>\n<p style=\"text-align: justify;\">\u0130svi\u00e7re D\u0131\u015fi\u015fleri Bakan\u0131 Calmy Rey, \u00e7ok k\u0131sa tuttu\u011fu konu\u015fmas\u0131nda, protokollerin imzas\u0131 i\u00e7in bir araya gelindi\u011fini hat\u0131rlatarak, bu uzla\u015f\u0131 noktas\u0131na \u00e7e\u015fitli bakanlar\u0131n ve m\u00fczakerecilerin katk\u0131s\u0131 ile ula\u015f\u0131ld\u0131\u011f\u0131n\u0131 kaydetti.<\/p>\n<p style=\"text-align: justify;\">Calmy Rey, Davuto\u011flu ve Nalbantyan&#8217;a \u00f6zel te\u015fekk\u00fcrlerini sunarak, eski D\u0131\u015fi\u015fleri Bakan\u0131 Ali Babacan&#8217;a da \u00f6nemli rol\u00fc nedeniyle te\u015fekk\u00fcr etti.<\/p>\n<p style=\"text-align: justify;\">\u0130svi\u00e7reli Bakan bu noktaya cesaretle gelindi\u011fini belirterek, daha sonra Davuto\u011flu ve Nalbantyan&#8217;\u0131 imzaya davet etti. D\u0131\u015fi\u015fleri Bakan\u0131 Davuto\u011flu&#8217;nun ak\u015fam yeme\u011finin ard\u0131ndan gece ge\u00e7 saatlerde T\u00fcrkiye&#8217;ye d\u00f6nmesi bekleniyor.<\/p>\n<p style=\"text-align: justify;\"><strong><em>T\u00f6renden notlar&#8230; <\/em><\/strong><\/p>\n<p style=\"text-align: justify;\">\u0130mza t\u00f6reninin ba\u015flamas\u0131n\u0131n gecikmesi ve bir kriz \u00e7\u0131kt\u0131\u011f\u0131n\u0131n ilk belirtilerinin gelmesinin ard\u0131ndan bas\u0131n mensuplar\u0131 \u0130svi\u00e7reli yetkililer taraf\u0131ndan bulunduklar\u0131 locadan \u00e7\u0131kart\u0131ld\u0131. Yetkililer, t\u00f6renin belirsiz bir s\u00fcre ertelendi\u011fini belirterek, bas\u0131n mensuplar\u0131n\u0131n kendileri i\u00e7in olu\u015fturulan merkeze d\u00f6nmelerini ve beklemelerini istedi.<\/p>\n<p style=\"text-align: justify;\">Bunun ard\u0131ndan bas\u0131n mensuplar\u0131 aras\u0131nda krizin neden \u00e7\u0131kt\u0131\u011f\u0131 ve sorunun ne oldu\u011fu konusunda spek\u00fclasyonlar ve haber tela\u015f\u0131 ba\u015flad\u0131. Yabanc\u0131 haber ajanslar\u0131, Amerikal\u0131 ve \u0130svi\u00e7reli yetkililerden bilgi al\u0131rken, T\u00fcrk kaynaklardan bilgi ak\u0131\u015f\u0131n\u0131n olmad\u0131\u011f\u0131 g\u00f6zlendi. Bu durum T\u00fcrk bas\u0131n mensuplar\u0131 aras\u0131nda ho\u015fnutsuzlu\u011fa neden oldu.<\/p>\n<p style=\"text-align: justify;\">Krizin a\u015f\u0131lma s\u00fcrecinde ilgin\u00e7 olan bir nokta da, AB Komisyonu&#8217;nun t\u00f6renin normal i\u015fleyece\u011fini ve imzalar\u0131n at\u0131laca\u011f\u0131n\u0131 planlayarak haz\u0131rlad\u0131\u011f\u0131 kutlama mesaj\u0131n\u0131, kriz \u00e7\u0131kt\u0131\u011f\u0131 ve heyetlerin \u00fcniversiteyi terk etti\u011fi s\u0131rada yay\u0131mlamas\u0131 oldu. AB Komisyonu&#8217;nun kutlama mesaj\u0131, bas\u0131n mensuplar\u0131na krizin neden \u00e7\u0131kt\u0131\u011f\u0131n\u0131 bulmaya \u00e7al\u0131\u015ft\u0131klar\u0131 s\u0131rada mail olarak g\u00f6nderildi.<\/p>\n<p style=\"text-align: justify;\">Komisyon, bu maili g\u00f6ndermesinden yakla\u015f\u0131k bir saat sonra da d\u00fczeltme mesaj\u0131 g\u00f6ndererek, ilk kutlama mailinin dikkate al\u0131nmamas\u0131n\u0131 rica etti. Bu arada ABD D\u0131\u015fi\u015fleri Bakan\u0131 Clinton&#8217;\u0131n \u00fcniversiteye d\u00f6nmesinin ard\u0131ndan Ermenistan D\u0131\u015fi\u015fleri Bakan\u0131 Nalbantyan&#8217;\u0131n da d\u00f6n\u00fcp d\u00f6nmedi\u011fi konusu kafalar\u0131 kar\u0131\u015ft\u0131rd\u0131.<\/p>\n<p style=\"text-align: justify;\">Kat\u0131l\u0131mc\u0131lar\u0131n geli\u015fini sa\u011fl\u0131kl\u0131 bir \u015fekilde izleme imkan\u0131 olmayan ve heyetlere ula\u015famayan bas\u0131n mensuplar\u0131, Nalbantyan&#8217;\u0131n \u00fcniversiteye gelip gelmedi\u011fine ili\u015fkin olarak bir s\u00fcre do\u011fru bilgi alamad\u0131.<\/p>\n<p style=\"text-align: justify;\"><strong><em>G\u00fcvenlik tedbirleri <\/em><\/strong><\/p>\n<p style=\"text-align: justify;\">Bu arada protokollerin imzaland\u0131\u011f\u0131 tarihi Z\u00fcrih \u00dcniversitesi&#8217;nde g\u00fcvenlik tedbirleri al\u0131nd\u0131\u011f\u0131 g\u00f6zlendi. \u00dcniversitenin etraf\u0131 g\u00fcvenlik kordonuyla \u00e7evrilirken, \u0130svi\u00e7re polisi de dedekt\u00f6r k\u00f6pekleriyle binay\u0131 ve \u00e7evresini s\u00fcrekli kontrol etti.<\/p>\n<p style=\"text-align: justify;\">\u0130mza t\u00f6renini takip edecek bas\u0131n mensuplar\u0131 i\u00e7in de \u00f6zel bir bas\u0131n merkezi olu\u015fturulurken, t\u00f6reni s\u0131n\u0131rl\u0131 say\u0131da bas\u0131n kurulu\u015funun izlemesine izin verildi. Bu s\u0131n\u0131rl\u0131 say\u0131daki kurulu\u015fun d\u0131\u015f\u0131nda kalan bas\u0131n mensuplar\u0131, t\u00f6reni bas\u0131n merkezindeki canl\u0131 yay\u0131ndan izleyebildi.<\/p>\n<p style=\"text-align: justify;\"><strong><em>Ermeni g\u00f6sterici <\/em><\/strong><\/p>\n<p style=\"text-align: justify;\">T\u00f6renin ba\u015flamas\u0131na birka\u00e7 saat kala \u00fcniversitenin bas\u0131n mensuplar\u0131n\u0131n al\u0131nd\u0131\u011f\u0131 kap\u0131ya gelen Robert Karayan isimli bir Ermeni g\u00f6sterici, g\u00fcvenlik koridoruna \u00e7e\u015fitli foto\u011fraflar ve s\u00f6zde &#8220;B\u00fcy\u00fck Ermenistan&#8221; haritas\u0131 asarak, protokollere hay\u0131r g\u00f6sterisi yapt\u0131.<\/p>\n<p style=\"text-align: justify;\">S\u00f6zde &#8220;Ermeni Soyk\u0131r\u0131m\u0131ndan Kurtulanlar Merkezi&#8217;nden&#8221; geldi\u011fini s\u00f6yleyen Karayan, protokollere kar\u015f\u0131 oldu\u011funu ifade ederek, T\u00fcrkiye&#8217;nin Ermenistan s\u0131n\u0131r\u0131n\u0131 \u00f6n \u015fart olmaks\u0131z\u0131n tek tarafl\u0131 olarak a\u00e7mas\u0131 gerekti\u011fini s\u00f6yledi. \u0130svi\u00e7re polisinin, g\u00f6stericinin ancak bas\u0131n mensuplar\u0131n\u0131n bas\u0131n kartlar\u0131n\u0131 g\u00f6stererek girebildikleri bu alana girebilmesine ve \u00e7e\u015fitli foto\u011fraflar asmas\u0131na itiraz etmedi\u011fi g\u00f6zlendi.<\/p>\n<p style=\"text-align: justify;\"><strong><em>Davuto\u011flu-Clinton g\u00f6r\u00fc\u015ft\u00fc <\/em><\/strong><\/p>\n<p style=\"text-align: justify;\">D\u0131\u015fi\u015fleri Bakan\u0131 Ahmet Davuto\u011flu, Ermenistan ile protokollerin imza t\u00f6reni i\u00e7in geldi\u011fi Z\u00fcrih&#8217;te ABD D\u0131\u015fi\u015fleri Bakan\u0131 Hillary Clinton ile bir araya geldi.<\/p>\n<p style=\"text-align: justify;\"><strong><em>Solana&#8217;dan a\u00e7\u0131klama <\/em><\/strong><\/p>\n<p style=\"text-align: justify;\">Solana Z\u00fcrih&#8217;te yapt\u0131\u011f\u0131 a\u00e7\u0131klamada, &#8220;Umar\u0131m protokollerin parlamentolar\u0131n onay\u0131ndan ge\u00e7mesi s\u00fcreci bir an \u00f6nce tamamlan\u0131r&#8221; diye konu\u015ftu.<\/p>\n<p style=\"text-align: justify;\">Javier Solana, &#8220;Bu kararlar\u0131n, b\u00f6lgenin tamam\u0131 i\u00e7in \u00e7ok olumlu olaca\u011f\u0131ndan eminim&#8221; dedi ve Br\u00fcksel&#8217;in, protokollerin en k\u0131sa s\u00fcrede her iki \u00fclkenin parlamentolar\u0131nda onaylanmas\u0131n\u0131 ve y\u00fcr\u00fcrl\u00fc\u011fe konulmas\u0131n\u0131 umdu\u011funu ifade etti.<\/p>\n<p style=\"text-align: justify;\"><strong><em>Lyon Ermeni derne\u011fi olumlu <\/em><\/strong><\/p>\n<p style=\"text-align: justify;\">Bu arada, Lyon Ermeni Dernekleri Koordinasyon Kurulu (CCAF) ba\u015fkan\u0131 ve ayn\u0131 zamanda Lyon Ermeni An\u0131tlar\u0131 Y\u00f6netim Kurulu Ba\u015fkan\u0131 Jules Mardirossian, ba\u015fkan\u0131 oldu\u011fu &#8220;CCAF Lyon&#8221; ad\u0131na yapt\u0131\u011f\u0131 a\u00e7\u0131klamada &#8220;Protokole&#8221; \u00e7ok olumlu bakt\u0131klar\u0131n\u0131 s\u00f6yledi.<\/p>\n<p style=\"text-align: justify;\">Mardirossian, \u201cErmeni T\u00fcrk diyalogunun enteresan y\u00f6n\u00fc diyalogun kendisi. Ba\u015flang\u0131\u00e7ta, yol haritas\u0131nda hi\u00e7bir \u00f6n\u015fart yoktu, fakat protokol \u00f6n\u015fartlar i\u00e7eriyor. Genel olarak Ermeni diasporas\u0131 bu durumdan memnun de\u011fil. \u00d6n\u015fartlar olmayan bir Ermeni T\u00fcrk diyalogu gerekliydi. Bu \u00e7ok \u00f6nemli zaman\u0131 \u00f6n\u015fartlar koyarak biraz k\u0131rm\u0131\u015f olduk. Fransa Ermeni koordinasyon kurulu (CCAF) Ermeni T\u00fcrk diyalo\u011fu i\u00e7in \u00e7ok olumlu, buna ra\u011fmen CCAF protokol\u00fcn baz\u0131 maddelerine \u015f\u00fcphe ile bak\u0131yor&#8221; ifadelerini kulland\u0131.<\/p>\n<p style=\"text-align: justify;\"><strong><em>Eyl\u00fclde anla\u015fma sa\u011flanm\u0131\u015ft\u0131\u00a0<a href=\"http:\/\/www.korhanyilmaz.com\/?p=15661\"> <\/a><\/em><\/strong><a href=\"http:\/\/www.korhanyilmaz.com\/?p=15661\"><span style=\"color: #993300;\">&gt;&gt;&gt;<\/span><\/a><\/p>\n<p style=\"text-align: justify;\"><span style=\"color: #000000;\"><span style=\"background-color: #ffffff;\">T\u00fcrkiye ve Ermenistan d\u0131\u015fi\u015fleri bakanl\u0131klar\u0131, 1 Eyl\u00fcl 2009&#8217;de iki \u00fclke aras\u0131nda mutabakata var\u0131ld\u0131\u011f\u0131n\u0131 a\u00e7\u0131klam\u0131\u015ft\u0131.<\/span><\/span> Mutabakat kapsam\u0131nda, ili\u015fkilerin normalle\u015fmesi i\u00e7in bir takvim belirlendi.<\/p>\n<p style=\"text-align: justify;\">\u0130mzalanacak 2 protokol T\u00fcrk ve Ermeni meclislerinin onay\u0131na sunulacak. Taslak metne g\u00f6re protokol\u00fcn y\u00fcr\u00fcrl\u00fc\u011fe girmesinden iki ay sonra s\u0131n\u0131rlar a\u00e7\u0131lacak.<\/p>\n<p style=\"text-align: justify;\"><span style=\"color: #888888;\">CNN T\u00dcRK<\/span><\/p>\n","protected":false},"excerpt":{"rendered":"<p style=\"text-align: center;\">\n<p style=\"text-align: justify;\">T\u00fcrkiye ile Ermenistan aras\u0131ndaki ili\u015fkilerin normalle\u015ftirilmesine ili\u015fkin protokoller D\u0131\u015fi\u015fleri Bakan\u0131 Ahmet Davuto\u011flu ve Ermenistan D\u0131\u015fi\u015fleri Bakan\u0131 Edward Nalbandyan taraf\u0131ndan, 3 saatten fazla s\u00fcren krizin ard\u0131ndan imzaland\u0131. Z\u00fcrih \u00dcniversitesi&#8217;ndeki t\u00f6rende sadece \u0130svi\u00e7re D\u0131\u015fi\u015fleri Bakan\u0131 bir a\u00e7\u0131klama yapt\u0131, taraflar hi\u00e7bir a\u00e7\u0131klamada bulunmad\u0131.<\/p>\n<p style=\"text-align: justify;\">\u0130mza t\u00f6renine T\u00fcrk ve Ermeni d\u0131\u015fi\u015fleri bakanlar\u0131n\u0131n yan\u0131 <\/p>\n","protected":false},"author":1,"featured_media":0,"comment_status":"open","ping_status":"closed","sticky":false,"template":"","format":"standard","meta":{"footnotes":""},"categories":[105],"tags":[],"class_list":["post-15657","post","type-post","status-publish","format-standard","hentry","category-gundem","odd"],"_links":{"self":[{"href":"http:\/\/www.korhanyilmaz.com\/index.php?rest_route=\/wp\/v2\/posts\/15657","targetHints":{"allow":["GET"]}}],"collection":[{"href":"http:\/\/www.korhanyilmaz.com\/index.php?rest_route=\/wp\/v2\/posts"}],"about":[{"href":"http:\/\/www.korhanyilmaz.com\/index.php?rest_route=\/wp\/v2\/types\/post"}],"author":[{"embeddable":true,"href":"http:\/\/www.korhanyilmaz.com\/index.php?rest_route=\/wp\/v2\/users\/1"}],"replies":[{"embeddable":true,"href":"http:\/\/www.korhanyilmaz.com\/index.php?rest_route=%2Fwp%2Fv2%2Fcomments&post=15657"}],"version-history":[{"count":0,"href":"http:\/\/www.korhanyilmaz.com\/index.php?rest_route=\/wp\/v2\/posts\/15657\/revisions"}],"wp:attachment":[{"href":"http:\/\/www.korhanyilmaz.com\/index.php?rest_route=%2Fwp%2Fv2%2Fmedia&parent=15657"}],"wp:term":[{"taxonomy":"category","embeddable":true,"href":"http:\/\/www.korhanyilmaz.com\/index.php?rest_route=%2Fwp%2Fv2%2Fcategories&post=15657"},{"taxonomy":"post_tag","embeddable":true,"href":"http:\/\/www.korhanyilmaz.com\/index.php?rest_route=%2Fwp%2Fv2%2Ftags&post=15657"}],"curies":[{"name":"wp","href":"https:\/\/api.w.org\/{rel}","templated":true}]}}